{"id":1142,"date":"2023-12-15T11:38:18","date_gmt":"2023-12-15T09:38:18","guid":{"rendered":"https:\/\/blogg.lnu.se\/centrumforidrottsutveckling\/?p=1142"},"modified":"2023-12-15T13:53:09","modified_gmt":"2023-12-15T11:53:09","slug":"idrottsklivet-regeringens-nya-satsning-for-inkludering","status":"publish","type":"post","link":"https:\/\/blogg.lnu.se\/centrumforidrottsutveckling\/?p=1142","title":{"rendered":"Idrottsklivet &#8211; regeringens nya satsning f\u00f6r inkludering"},"content":{"rendered":"<div id=\"attachment_1144\" style=\"width: 620px\" class=\"wp-caption alignnone\"><a href=\"https:\/\/blogg.lnu.se\/centrumforidrottsutveckling\/wp-content\/blogs.dir\/213\/files\/sites\/213\/2023\/12\/BB220620BB243-scaled.jpg\"><img loading=\"lazy\" decoding=\"async\" aria-describedby=\"caption-attachment-1144\" class=\" wp-image-1144\" src=\"https:\/\/blogg.lnu.se\/centrumforidrottsutveckling\/wp-content\/blogs.dir\/213\/files\/sites\/213\/2023\/12\/BB220620BB243-scaled.jpg\" alt=\"\" width=\"610\" height=\"380\" \/><\/a><p id=\"caption-attachment-1144\" class=\"wp-caption-text\">Foto: Mats Andersson \/ BILDBYR\u00c5N<\/p><\/div>\n<p>Idrottsklivet \u00e4r en satsning i idrottens inkluderingsarbete som g\u00f6rs i syfte att skapa en meningsfull fritid f\u00f6r fler barn och unga. Det \u00e4r en utveckling av idrottsr\u00f6relsens fler\u00e5riga arbete med att \u00f6ka barn och ungas deltagande i f\u00f6reningsidrotten, att f\u00e5 vara en del i ett sammanhang. Idrottsklivet \u00e4r en omfattande insats som s\u00e4rskilt riktas gentemot de omr\u00e5den som Polismyndigheten ben\u00e4mner som utsatta, totalt 61 i hela landet. I Sm\u00e5land finns det tv\u00e5 omr\u00e5den som faller inom epitetet \u2013 Arabyomr\u00e5det i V\u00e4xj\u00f6 och R\u00e5sl\u00e4tt i J\u00f6nk\u00f6ping. Mer specifikt uttrycks att m\u00e5ls\u00e4ttningarna \u00e4r att \u00f6ka:<\/p>\n<ul>\n<li>antalet personer, fr\u00e4mst barn och unga, som bor i angivna omr\u00e5den och som deltar i f\u00f6reningsledd idrottsverksamhet.<\/li>\n<li>antalet idrottsf\u00f6reningar som bedriver verksamhet i angivna omr\u00e5den.<\/li>\n<li>antalet idrotts- och ungdomsledare som verkar i angivna omr\u00e5den.<\/li>\n<li>deltagarnas uppfattning om en mer aktiv och meningsfull tillvaro.<\/li>\n<\/ul>\n<p>I Idrottsklivet deltar 11 RF-SISU distrikt och 14 specialidrottsf\u00f6rbund (idrotter). \u00c4ven f\u00f6reningar vars f\u00f6rbund inte \u00e4r en del av satsningen kommer att kunna f\u00e5 st\u00f6ttning via sitt RF-SISU distrikt. Det g\u00e4ller att skapa f\u00f6ruts\u00e4ttningar, l\u00f6sningar och modeller som kan verka l\u00e5ngsiktigt och som bidrar till en idrott f\u00f6r alla som inte beror p\u00e5 var man bor eller ekonomiska situation.<\/p>\n<p>Som ett konkret exempel genomf\u00f6r fotbollen i startskedet en satsning som ben\u00e4mns \u201d<em>En b\u00e4ttre v\u00e4g<\/em>\u201d. Det centrala \u00e4r att f\u00e5 fram fler ledare, fler spelare och fler v\u00e4lorganiserade f\u00f6reningar som kan engagera fler barn och ungdomar med fotboll. F\u00f6r n\u00e4rvarande har ett 50-tal f\u00f6reningar som verkar i utsatta omr\u00e5den valts ut. F\u00f6reningarna kommer att f\u00e5 ekonomiskt st\u00f6d f\u00f6r att st\u00e4lla till f\u00f6rfogande en f\u00f6reningsutvecklare och fotbollsutvecklare som \u00e4r lokalt f\u00f6rankrad i omr\u00e5det. M\u00e5let f\u00f6r satsningen \u00e4r ge barnen en meningsfull syssels\u00e4ttning, detta s\u00e5 att f\u00f6rhoppningsvis f\u00e4rre v\u00e4ljer att involveras i destruktiva milj\u00f6er och syssels\u00e4ttningar.<\/p>\n<p>Vill du veta mer om Idrottsklivet, tveka inte att kontakta ditt <a href=\"https:\/\/www.rfsisu.se\/sisu-idrottsutbildarna\/om-oss\/vara-distrikt\">RF-SISU distrikt <\/a>eller l\u00e4sa <a href=\"https:\/\/www.rf.se\/rf-arbetar-med\/aktuella-satsningar\/idrottsklivet\">H\u00c4R<\/a>.<\/p>\n<p><iframe loading=\"lazy\" title=\"Idrottsklivet ska ge barn en mer meningsfull fritid\" width=\"500\" height=\"281\" src=\"https:\/\/www.youtube.com\/embed\/_WEadfhxezA?feature=oembed\" frameborder=\"0\" allow=\"accelerometer; autoplay; clipboard-write; encrypted-media; gyroscope; picture-in-picture; web-share\" referrerpolicy=\"strict-origin-when-cross-origin\" allowfullscreen><\/iframe><\/p>\n","protected":false},"excerpt":{"rendered":"<p>Idrottsklivet \u00e4r en satsning i idrottens inkluderingsarbete som g\u00f6rs i syfte att skapa en meningsfull fritid f\u00f6r fler barn och unga. Det \u00e4r en utveckling av idrottsr\u00f6relsens fler\u00e5riga arbete med att \u00f6ka barn och ungas deltagande i f\u00f6reningsidrotten, att f\u00e5 vara en del i ett sammanhang. Idrottsklivet \u00e4r en omfattande insats som s\u00e4rskilt riktas gentemot [&hellip;]<\/p>\n","protected":false},"author":17879,"featured_media":0,"comment_status":"open","ping_status":"open","sticky":false,"template":"","format":"standard","meta":{"footnotes":""},"categories":[31447],"tags":[],"class_list":["post-1142","post","type-post","status-publish","format-standard","hentry","category-foreningsutveckling"],"acf":[],"yoast_head":"<!-- This site is optimized with the Yoast SEO plugin v21.7 - https:\/\/yoast.com\/wordpress\/plugins\/seo\/ -->\r\n<title>Idrottsklivet - regeringens nya satsning f\u00f6r inkludering - Centrum f\u00f6r idrottsutveckling<\/title>\r\n<meta name=\"robots\" content=\"index, follow, max-snippet:-1, max-image-preview:large, max-video-preview:-1\" \/>\r\n<link rel=\"canonical\" href=\"https:\/\/blogg.lnu.se\/centrumforidrottsutveckling\/?p=1142\" \/>\r\n<meta property=\"og:locale\" content=\"sv_SE\" \/>\r\n<meta property=\"og:type\" content=\"article\" \/>\r\n<meta property=\"og:title\" content=\"Idrottsklivet - regeringens nya satsning f\u00f6r inkludering - Centrum f\u00f6r idrottsutveckling\" \/>\r\n<meta property=\"og:description\" content=\"Idrottsklivet \u00e4r en satsning i idrottens inkluderingsarbete som g\u00f6rs i syfte att skapa en meningsfull fritid f\u00f6r fler barn och unga. Det \u00e4r en utveckling av idrottsr\u00f6relsens fler\u00e5riga arbete med att \u00f6ka barn och ungas deltagande i f\u00f6reningsidrotten, att f\u00e5 vara en del i ett sammanhang. Idrottsklivet \u00e4r en omfattande insats som s\u00e4rskilt riktas gentemot [&hellip;]\" \/>\r\n<meta property=\"og:url\" content=\"https:\/\/blogg.lnu.se\/centrumforidrottsutveckling\/?p=1142\" \/>\r\n<meta property=\"og:site_name\" content=\"Centrum f\u00f6r idrottsutveckling\" \/>\r\n<meta property=\"article:published_time\" content=\"2023-12-15T09:38:18+00:00\" \/>\r\n<meta property=\"article:modified_time\" content=\"2023-12-15T11:53:09+00:00\" \/>\r\n<meta property=\"og:image\" content=\"https:\/\/blogg.lnu.se\/centrumforidrottsutveckling\/wp-content\/blogs.dir\/213\/files\/sites\/213\/2023\/12\/BB220620BB243-scaled.jpg\" \/>\r\n<meta name=\"author\" content=\"Mats Glemne\" \/>\r\n<meta name=\"twitter:card\" content=\"summary_large_image\" \/>\r\n<meta name=\"twitter:label1\" content=\"Skriven av\" \/>\n\t<meta name=\"twitter:data1\" content=\"Mats Glemne\" \/>\n\t<meta name=\"twitter:label2\" content=\"Ber\u00e4knad l\u00e4stid\" \/>\n\t<meta name=\"twitter:data2\" content=\"2 minuter\" \/>\r\n<script type=\"application\/ld+json\" class=\"yoast-schema-graph\">{\"@context\":\"https:\/\/schema.org\",\"@graph\":[{\"@type\":\"WebPage\",\"@id\":\"https:\/\/blogg.lnu.se\/centrumforidrottsutveckling\/?p=1142\",\"url\":\"https:\/\/blogg.lnu.se\/centrumforidrottsutveckling\/?p=1142\",\"name\":\"Idrottsklivet - regeringens nya satsning f\u00f6r inkludering - Centrum f\u00f6r idrottsutveckling\",\"isPartOf\":{\"@id\":\"https:\/\/blogg.lnu.se\/centrumforidrottsutveckling\/#website\"},\"datePublished\":\"2023-12-15T09:38:18+00:00\",\"dateModified\":\"2023-12-15T11:53:09+00:00\",\"author\":{\"@id\":\"https:\/\/blogg.lnu.se\/centrumforidrottsutveckling\/#\/schema\/person\/b86d714c2ae55a2858c32e65b660ea95\"},\"inLanguage\":\"sv-SE\",\"potentialAction\":[{\"@type\":\"ReadAction\",\"target\":[\"https:\/\/blogg.lnu.se\/centrumforidrottsutveckling\/?p=1142\"]}]},{\"@type\":\"WebSite\",\"@id\":\"https:\/\/blogg.lnu.se\/centrumforidrottsutveckling\/#website\",\"url\":\"https:\/\/blogg.lnu.se\/centrumforidrottsutveckling\/\",\"name\":\"Centrum f\u00f6r idrottsutveckling\",\"description\":\"V\u00e4lkommen till v\u00e5r nyhetssida - en plats f\u00f6r intressanta reportage och spridning av aktuell kunskap\",\"potentialAction\":[{\"@type\":\"SearchAction\",\"target\":{\"@type\":\"EntryPoint\",\"urlTemplate\":\"https:\/\/blogg.lnu.se\/centrumforidrottsutveckling\/?s={search_term_string}\"},\"query-input\":\"required name=search_term_string\"}],\"inLanguage\":\"sv-SE\"},{\"@type\":\"Person\",\"@id\":\"https:\/\/blogg.lnu.se\/centrumforidrottsutveckling\/#\/schema\/person\/b86d714c2ae55a2858c32e65b660ea95\",\"name\":\"Mats Glemne\",\"description\":\"Min tj\u00e4nst \u00e4r delad mellan utbildning, forskning och ansvarsuppdrag vid s\u00e5v\u00e4l Inst. f\u00f6r idrottsvetenskap som andra institutioner vid Fakulteten f\u00f6r samh\u00e4llsvetenskap.\",\"sameAs\":[\"https:\/\/lnu.se\/personal\/mats.glemne\/\"],\"url\":\"https:\/\/blogg.lnu.se\/centrumforidrottsutveckling\/?author=17879\"}]}<\/script>\r\n<!-- \/ Yoast SEO plugin. -->","yoast_head_json":{"title":"Idrottsklivet - regeringens nya satsning f\u00f6r inkludering - Centrum f\u00f6r idrottsutveckling","robots":{"index":"index","follow":"follow","max-snippet":"max-snippet:-1","max-image-preview":"max-image-preview:large","max-video-preview":"max-video-preview:-1"},"canonical":"https:\/\/blogg.lnu.se\/centrumforidrottsutveckling\/?p=1142","og_locale":"sv_SE","og_type":"article","og_title":"Idrottsklivet - regeringens nya satsning f\u00f6r inkludering - Centrum f\u00f6r idrottsutveckling","og_description":"Idrottsklivet \u00e4r en satsning i idrottens inkluderingsarbete som g\u00f6rs i syfte att skapa en meningsfull fritid f\u00f6r fler barn och unga. Det \u00e4r en utveckling av idrottsr\u00f6relsens fler\u00e5riga arbete med att \u00f6ka barn och ungas deltagande i f\u00f6reningsidrotten, att f\u00e5 vara en del i ett sammanhang. Idrottsklivet \u00e4r en omfattande insats som s\u00e4rskilt riktas gentemot [&hellip;]","og_url":"https:\/\/blogg.lnu.se\/centrumforidrottsutveckling\/?p=1142","og_site_name":"Centrum f\u00f6r idrottsutveckling","article_published_time":"2023-12-15T09:38:18+00:00","article_modified_time":"2023-12-15T11:53:09+00:00","og_image":[{"url":"https:\/\/blogg.lnu.se\/centrumforidrottsutveckling\/wp-content\/blogs.dir\/213\/files\/sites\/213\/2023\/12\/BB220620BB243-scaled.jpg"}],"author":"Mats Glemne","twitter_card":"summary_large_image","twitter_misc":{"Skriven av":"Mats Glemne","Ber\u00e4knad l\u00e4stid":"2 minuter"},"schema":{"@context":"https:\/\/schema.org","@graph":[{"@type":"WebPage","@id":"https:\/\/blogg.lnu.se\/centrumforidrottsutveckling\/?p=1142","url":"https:\/\/blogg.lnu.se\/centrumforidrottsutveckling\/?p=1142","name":"Idrottsklivet - regeringens nya satsning f\u00f6r inkludering - Centrum f\u00f6r idrottsutveckling","isPartOf":{"@id":"https:\/\/blogg.lnu.se\/centrumforidrottsutveckling\/#website"},"datePublished":"2023-12-15T09:38:18+00:00","dateModified":"2023-12-15T11:53:09+00:00","author":{"@id":"https:\/\/blogg.lnu.se\/centrumforidrottsutveckling\/#\/schema\/person\/b86d714c2ae55a2858c32e65b660ea95"},"inLanguage":"sv-SE","potentialAction":[{"@type":"ReadAction","target":["https:\/\/blogg.lnu.se\/centrumforidrottsutveckling\/?p=1142"]}]},{"@type":"WebSite","@id":"https:\/\/blogg.lnu.se\/centrumforidrottsutveckling\/#website","url":"https:\/\/blogg.lnu.se\/centrumforidrottsutveckling\/","name":"Centrum f\u00f6r idrottsutveckling","description":"V\u00e4lkommen till v\u00e5r nyhetssida - en plats f\u00f6r intressanta reportage och spridning av aktuell kunskap","potentialAction":[{"@type":"SearchAction","target":{"@type":"EntryPoint","urlTemplate":"https:\/\/blogg.lnu.se\/centrumforidrottsutveckling\/?s={search_term_string}"},"query-input":"required name=search_term_string"}],"inLanguage":"sv-SE"},{"@type":"Person","@id":"https:\/\/blogg.lnu.se\/centrumforidrottsutveckling\/#\/schema\/person\/b86d714c2ae55a2858c32e65b660ea95","name":"Mats Glemne","description":"Min tj\u00e4nst \u00e4r delad mellan utbildning, forskning och ansvarsuppdrag vid s\u00e5v\u00e4l Inst. f\u00f6r idrottsvetenskap som andra institutioner vid Fakulteten f\u00f6r samh\u00e4llsvetenskap.","sameAs":["https:\/\/lnu.se\/personal\/mats.glemne\/"],"url":"https:\/\/blogg.lnu.se\/centrumforidrottsutveckling\/?author=17879"}]}},"_links":{"self":[{"href":"https:\/\/blogg.lnu.se\/centrumforidrottsutveckling\/index.php?rest_route=\/wp\/v2\/posts\/1142","targetHints":{"allow":["GET"]}}],"collection":[{"href":"https:\/\/blogg.lnu.se\/centrumforidrottsutveckling\/index.php?rest_route=\/wp\/v2\/posts"}],"about":[{"href":"https:\/\/blogg.lnu.se\/centrumforidrottsutveckling\/index.php?rest_route=\/wp\/v2\/types\/post"}],"author":[{"embeddable":true,"href":"https:\/\/blogg.lnu.se\/centrumforidrottsutveckling\/index.php?rest_route=\/wp\/v2\/users\/17879"}],"replies":[{"embeddable":true,"href":"https:\/\/blogg.lnu.se\/centrumforidrottsutveckling\/index.php?rest_route=%2Fwp%2Fv2%2Fcomments&post=1142"}],"version-history":[{"count":4,"href":"https:\/\/blogg.lnu.se\/centrumforidrottsutveckling\/index.php?rest_route=\/wp\/v2\/posts\/1142\/revisions"}],"predecessor-version":[{"id":1153,"href":"https:\/\/blogg.lnu.se\/centrumforidrottsutveckling\/index.php?rest_route=\/wp\/v2\/posts\/1142\/revisions\/1153"}],"wp:attachment":[{"href":"https:\/\/blogg.lnu.se\/centrumforidrottsutveckling\/index.php?rest_route=%2Fwp%2Fv2%2Fmedia&parent=1142"}],"wp:term":[{"taxonomy":"category","embeddable":true,"href":"https:\/\/blogg.lnu.se\/centrumforidrottsutveckling\/index.php?rest_route=%2Fwp%2Fv2%2Fcategories&post=1142"},{"taxonomy":"post_tag","embeddable":true,"href":"https:\/\/blogg.lnu.se\/centrumforidrottsutveckling\/index.php?rest_route=%2Fwp%2Fv2%2Ftags&post=1142"}],"curies":[{"name":"wp","href":"https:\/\/api.w.org\/{rel}","templated":true}]}}