{"id":268,"date":"2020-04-14T10:36:35","date_gmt":"2020-04-14T09:36:35","guid":{"rendered":"https:\/\/blogg.lnu.se\/centrumforidrottsutveckling\/?p=268"},"modified":"2020-04-15T09:35:04","modified_gmt":"2020-04-15T08:35:04","slug":"vi-idrottsforaldrar-har-ett-ansvar","status":"publish","type":"post","link":"https:\/\/blogg.lnu.se\/centrumforidrottsutveckling\/?p=268","title":{"rendered":"&#8221;Vi idrottsf\u00f6r\u00e4ldrar har ett ansvar&#8221;"},"content":{"rendered":"<div id=\"attachment_271\" style=\"width: 540px\" class=\"wp-caption alignnone\"><img loading=\"lazy\" decoding=\"async\" aria-describedby=\"caption-attachment-271\" class=\" wp-image-271\" src=\"https:\/\/blogg.lnu.se\/centrumforidrottsutveckling\/files\/2020\/04\/BB130731BB128-1024x631.jpg\" alt=\"\" width=\"530\" height=\"334\" \/><p id=\"caption-attachment-271\" class=\"wp-caption-text\">Idrottsf\u00f6r\u00e4lder med barn. Foto: Petter Arvidsson \/ Bildbyr\u00e5n<\/p><\/div>\n<p><strong>Idrottsf\u00f6r\u00e4ldern \u2013 st\u00f6rande och i v\u00e4gen f\u00f6r ledarna eller en nyckel f\u00f6r fortsatt utveckling? Ja, meningarna g\u00e5r is\u00e4r kring f\u00f6r\u00e4ldraskapet inom idrotten. Med oj\u00e4mna mellanrum kan vi l\u00e4sa i b\u00e5de riks- och lokalmedia att f\u00f6r\u00e4ldrar vid sidlinjen eller p\u00e5 l\u00e4ktaren<a href=\"https:\/\/www.svt.se\/nyheter\/lokalt\/vasterbotten\/foraldrar-skrek-pa-ungdomsdomare-tills-hon-grat\"> skriker elaka saker \u00e5t den unga domaren<\/a>, <a href=\"https:\/\/sverigesradio.se\/sida\/artikel.aspx?programid=103&amp;artikel=6681323\">vi kan l\u00e4sa att f\u00f6r\u00e4ldrars press p\u00e5 sina egna barn kan radera ett idrottsintresse<\/a> och vi kan l\u00e4sa att schismer mellan f\u00f6r\u00e4ldrar och tr\u00e4nare i slut\u00e4ndan <a href=\"https:\/\/www.svt.se\/sport\/foraldrahets\/riksidrottsforbundet-om-foraldrar-som-byter-klubb\">g\u00e5r ut \u00f6ver de idrottande barnen<\/a>. Men samtidigt vet vi ocks\u00e5 att uppmuntrande, intresserade och aktiva f\u00f6r\u00e4ldrar \u00e4r en <a href=\"https:\/\/www.rf.se\/globalassets\/riksidrottsforbundet\/nya-dokument\/nya-dokumentbanken\/forskning-fou\/barn--och-ungdomsidrott\/fou2004_7-den-goda-barnidrotten-_-foraldrar-om-barns-idrott.pdf?w=900&amp;h=900\">f\u00f6ruts\u00e4ttning f\u00f6r att b\u00e5de v\u00e4cka och bibeh\u00e5lla ett idrottsintresse.<\/a><\/strong><\/p>\n<p>Undertecknad lyfte luren och pratade med ett tre idrottsf\u00f6r\u00e4ldrar runt om i Sm\u00e5land. Hur ser de sj\u00e4lva p\u00e5 sin roll? Vad kr\u00e4ver f\u00f6reningarna? Och \u00e4r den viktigaste uppgiften att s\u00e4lja torkad salami? Fr\u00e5gorna var m\u00e5nga och diskussionerna intressanta.<\/p>\n<p><strong>Marie<\/strong> har varit idrottsf\u00f6r\u00e4lder i \u00f6ver fem \u00e5r till tv\u00e5 barn. Hon pratar gladeligen varmt om sina barns idrottande och vad hon sj\u00e4lv f\u00e5r ut av det.<\/p>\n<p>&#8211; Att vara idrottsf\u00f6r\u00e4lder \u00e4r j\u00e4ttekul. De flesta helger handlar om tr\u00e4ningar, t\u00e4vlingar eller matcher. Jag har tv\u00e5 ungar som b\u00e4gge h\u00e5ller p\u00e5 med fotboll och varsin vinteridrott, s\u00e5 det \u00e4r full fart \u00e5ret runt. Men det \u00e4r kul.<\/p>\n<p><strong>Vad ser du att din roll som idrottsf\u00f6r\u00e4lder \u00e4r? <\/strong><\/p>\n<p>&#8211; Vi bor lite utanf\u00f6r staden s\u00e5 ska barnen kunna h\u00e5lla p\u00e5 med den idrotten de vill kr\u00e4ver det att jag eller min make skjutsar till tr\u00e4ning, match eller t\u00e4vling. S\u00e5 det \u00e4r ju m\u00e5nga timmar i bil s\u00e5 att s\u00e4ga. Sen handlar det om att se till att barnen har med sig r\u00e4tt grejer, har \u00e4tit n\u00e5got innan tr\u00e4ningen och s\u00e5klart ska jag heja fr\u00e5n sidlinjen.<\/p>\n<p>Just dessa punkter ser de tre f\u00f6r\u00e4ldrar jag pratat med som k\u00e4rnan i det hela. Att st\u00f6tta och sk\u00f6ta sitt barns logistik prim\u00e4rt. <strong>Sylvana<\/strong> \u00e4r nybliven idrottsf\u00f6r\u00e4lder d\u00e5 hennes son precis b\u00f6rjat idrotta.<\/p>\n<p>&#8211; Vi har b\u00f6rjat cykla till tr\u00e4ningen nu, jag och min son. Jag brukar st\u00e5 bredvid och titta p\u00e5 tr\u00e4ningarna. Jag blir glad n\u00e4r han ser s\u00e5 glad ut, men ibland \u00e4r det kaos p\u00e5 tr\u00e4ningarna. Barnen bara springer i klungor, haha. Hade det inte varit f\u00f6r coronan hade vi haft det f\u00f6rsta matcherna i helgen. Jag skulle st\u00e5 i kiosken under n\u00e5gra timmar, men det blev ju inget. Men f\u00f6r att kunna genomf\u00f6ra det hade tr\u00e4narna planerat f\u00f6r\u00e4ldrauppgifter under hela helgen. St\u00e5 i kiosken, vara domarv\u00e4rd och planv\u00e4rd.<\/p>\n<p><strong>Hur ser du p\u00e5 det?<\/strong><\/p>\n<p>&#8211; Det \u00e4r ju synd att det inte blir av. Jag hade g\u00e4rna st\u00e5tt och hejat, men det kommer jag f\u00e5 gott om tid att g\u00f6ra fram\u00f6ver. Jag tycker synd om min son som inte fick spela match. Jag kan utan problem jobba i kiosken om min son spelar, men jag vill helst inte s\u00e4lja f\u00f6r mycket grejer. Jag vet att det kanske kommer, jag har m\u00e5nga kollegor p\u00e5 jobbet som m\u00e5ste s\u00e4lja saker f\u00f6r sina barns lag. Typ kakor och s\u00e5nt.<\/p>\n<p>Alla tre f\u00f6r\u00e4ldrar jag pratar med kommer alla in p\u00e5 f\u00f6rs\u00e4ljning av diverse varor f\u00f6r att dra in pengar till f\u00f6reningarna. Jonas har idag en ton\u00e5rsson i en elitsatsande f\u00f6rening och han beh\u00f6ver inte s\u00e4lja produkter l\u00e4nge, men han \u00e4r aktiv och f\u00f6ljer sin son runt om i landet p\u00e5 matcher och cuper.<\/p>\n<p>&#8211; N\u00e4r han var yngre var det h\u00f6ga krav p\u00e5 oss f\u00f6r\u00e4ldrar. Det var s\u00e4ljande av grejer och det var bemanning under A-lagsmatcherna och s\u00e5dant. Det har varit en del gnissel genom \u00e5ren och konstanta diskussioner under f\u00f6r\u00e4ldratr\u00e4ffar. En g\u00e5ng fick f\u00f6reningens ordf\u00f6rande vara med p\u00e5 m\u00f6tet och bem\u00f6ta en del kritik, men det var flera \u00e5r sedan nu. Det \u00e4r inte l\u00e4tt n\u00e4r vissa vill k\u00f6pa sig fri fr\u00e5n allt ansvar medan andra inte har r\u00e5d.<\/p>\n<p><strong>Har n\u00e5gon av f\u00f6reningarna du varit aktiv i haft tr\u00e4ffar eller diskussioner kring er roll som f\u00f6r\u00e4ldrar inom f\u00f6reningen? <\/strong><\/p>\n<p>&#8211; Det var f\u00f6r n\u00e5gra \u00e5r sedan d\u00e5 det skrevs mycket i media. Ett lag under min grabbs var inblandad i n\u00e5gon situation n\u00e4r det skreks fr\u00e5n l\u00e4ktaren mot motst\u00e5ndartr\u00e4naren. D\u00e5 blev alla lag kallade till en f\u00f6r\u00e4ldratr\u00e4ff med f\u00f6reningen. Det tydliggjordes att vi skulle heja positivt och inte skrika p\u00e5 motst\u00e5ndarna. Men \u00e4rligt, ibland dras man med och skriker n\u00e5got man kanske inte ska g\u00f6ra. Men det \u00e4r inte ofta.<\/p>\n<p><strong>Skulle du vilja att man pratar mer om det med er? <\/strong><\/p>\n<p>&#8211; Vi l\u00e4gger v\u00e4ldigt mycket tid p\u00e5 v\u00e5ra barn redan idag. Det handlar v\u00e4ldigt mycket om sunt f\u00f6rnuft p\u00e5 l\u00e4ktaren.<\/p>\n<p><strong>Men om det sker h\u00e4ndelser likt den du beskrev nyss, har alla sunt f\u00f6rnuft d\u00e5? <\/strong><\/p>\n<p>&#8211; Nej, s\u00e5 \u00e4r det ju. Det \u00e4r en sv\u00e5r fr\u00e5ga. Det handlar nog om att f\u00e5 polletten att trilla ned&#8230; att vi som idrottsf\u00f6r\u00e4ldrar har ett ansvar f\u00f6r att g\u00f6ra det s\u00e5 bra som m\u00f6jligt f\u00f6r v\u00e5ra barn. Men de flesta tycker nog man g\u00f6r sitt genom att s\u00e4lja salami och skjutsar sitt barn, s\u00e4ger Jonas.<\/p>\n<p>Tillbaka till Sylvana. D\u00e5 hon \u00e4r ny i idrottsr\u00f6relsen hade hon g\u00e4rna l\u00e4rt sig mer om f\u00f6reningslivet och om kraven p\u00e5 henne som f\u00f6r\u00e4lder. Det har \u00e4nnu inte sagts s\u00e5 mycket fr\u00e5n f\u00f6reningarna, men ju l\u00e4ngre in i v\u00e5rt samtal desto mer nyfiken blir hon. Kommer kraven p\u00e5 henne \u00f6ka \u00e4r en \u00e5terkommande motfr\u00e5ga jag f\u00e5r. Hon g\u00f6r m\u00e5nga paralleller med sin egen ungdom och idrottande, men d\u00e5 det skedde i ett annat land \u00e4r det inte s\u00e5 mycket som liknar i uppl\u00e4gget.<\/p>\n<p>Min summering av de tre samtalen \u00e4r att idrottsf\u00f6r\u00e4ldern \u00e4r v\u00e4ldigt viktig och det oavsett \u00e5lder. Jag ska s\u00e5klart inte utifr\u00e5n tre samtal syssla med anekdotisk bevisf\u00f6ring, men i dessa fall visar sig f\u00f6r\u00e4lderns engagemang avg\u00f6rande. \u00c4ven om det sker p\u00e5 olika niv\u00e5er. F\u00f6r Sylvana vars son precis b\u00f6rjat idrotta \u00e4r hon tillsammans med sitt barn p\u00e5 v\u00e4g in i en resa. D\u00e4r tror jag det blir viktigt f\u00f6r f\u00f6reningen i all enkelhet informera om hur idrottsr\u00f6relsen \u00e4r uppbyggd och vad f\u00f6reningen har f\u00f6r f\u00f6rv\u00e4ntningar p\u00e5 henne som f\u00f6r\u00e4lder, b\u00e5de idag men \u00e4ven fram\u00f6ver. F\u00f6r Marie som \u00e4r mitt inne i det handlar det om att forts\u00e4tta att motivera och inspirera henne och \u00f6vriga f\u00f6r\u00e4ldrar i hennes n\u00e4rhet. Tycker alla det \u00e4r lika kul att \u00e5ka p\u00e5 bortamatcher varje s\u00f6ndagsmorgon? Och f\u00f6r Jonas del handlar det om att st\u00f6tta sin elitsatsande son p\u00e5 b\u00e4sta m\u00f6jliga vis, men vad \u00e4r b\u00e4sta m\u00f6jliga vis? <a href=\"https:\/\/www.idrottsforskning.se\/i-foraldrars-spar-for-framtids-segrar\/\">Det finns forskning om f\u00f6r\u00e4ldrars roll f\u00f6r elitsatsningar<\/a> och rimligtvis b\u00f6r f\u00f6reningen ta del av detta och sprida det till ber\u00f6rda f\u00f6r\u00e4ldrar.<\/p>\n<p>Idrottsf\u00f6r\u00e4ldern \u00e4r viktig &#8211; anv\u00e4nd f\u00f6r\u00e4ldratr\u00e4ffarna p\u00e5 b\u00e4sta m\u00f6jliga vis.<\/p>\n<p>&nbsp;<\/p>\n<p><strong>Idrottsf\u00f6r\u00e4ldrarna som intervjuades:<\/strong><\/p>\n<hr \/>\n<p><strong><span style=\"text-decoration: underline\">Marie, 41 \u00e5r. J\u00f6nk\u00f6pings l\u00e4n<br \/>\n<\/span><\/strong>\u00c5r som idrottsf\u00f6r\u00e4lder: 5 \u00e5r<br \/>\nIdrotter som barnen \u00e4r aktiva i: Gymnastik, innebandy och fotboll<br \/>\n\u00c5lder p\u00e5 barn: 10 och 12 \u00e5r<\/p>\n<hr \/>\n<p><span style=\"text-decoration: underline\"><strong>Sylvana, 39 \u00e5r. Kalmar l\u00e4n<\/strong><strong><br \/>\n<\/strong><\/span>\u00c5r som idrottsf\u00f6r\u00e4lder: Inne p\u00e5 f\u00f6rsta<br \/>\nIdrotter som barnen \u00e4r aktiva i: Fotboll<br \/>\n\u00c5lder p\u00e5 barn: 7 \u00e5r<\/p>\n<hr \/>\n<p><span style=\"text-decoration: underline\"><strong>Jonas, 47 \u00e5r. Kronobergs l\u00e4n<\/strong><\/span><br \/>\n\u00c5r som idrottsf\u00f6r\u00e4lder: 9 \u00e5r<br \/>\nIdrotter som barnen \u00e4r aktiva i: Ishockey och karate<br \/>\n\u00c5lder p\u00e5 barn: 16 och 10 \u00e5r<\/p>\n<hr \/>\n<p>&nbsp;<\/p>\n<p><iframe loading=\"lazy\" title=\"Dela filmen - vilken idrottsf\u00f6r\u00e4lder \u00e4r du?\" width=\"500\" height=\"281\" src=\"https:\/\/www.youtube.com\/embed\/EnpU6Iy08io?feature=oembed\" frameborder=\"0\" allow=\"accelerometer; autoplay; clipboard-write; encrypted-media; gyroscope; picture-in-picture; web-share\" referrerpolicy=\"strict-origin-when-cross-origin\" allowfullscreen><\/iframe><\/p>\n<p>L\u00e4s mer om RF-SISU:s syn p\u00e5 idrottsf\u00f6r\u00e4ldern: <a href=\"https:\/\/www.sisuidrottsutbildarna.se\/stodochverktyg\/foridrottsforalder\/\">https:\/\/www.sisuidrottsutbildarna.se\/stodochverktyg\/foridrottsforalder\/\u00a0<\/a><\/p>\n","protected":false},"excerpt":{"rendered":"<p>Idrottsf\u00f6r\u00e4ldern \u2013 st\u00f6rande och i v\u00e4gen f\u00f6r ledarna eller en nyckel f\u00f6r fortsatt utveckling? Ja, meningarna g\u00e5r is\u00e4r kring f\u00f6r\u00e4ldraskapet inom idrotten. Med oj\u00e4mna mellanrum kan vi l\u00e4sa i b\u00e5de riks- och lokalmedia att f\u00f6r\u00e4ldrar vid sidlinjen eller p\u00e5 l\u00e4ktaren skriker elaka saker \u00e5t den unga domaren, vi kan l\u00e4sa att f\u00f6r\u00e4ldrars press p\u00e5 sina [&hellip;]<\/p>\n","protected":false},"author":5969,"featured_media":0,"comment_status":"closed","ping_status":"open","sticky":false,"template":"","format":"standard","meta":{"footnotes":""},"categories":[31071],"tags":[],"class_list":["post-268","post","type-post","status-publish","format-standard","hentry","category-malgrupp"],"acf":[],"yoast_head":"<!-- This site is optimized with the Yoast SEO plugin v21.7 - https:\/\/yoast.com\/wordpress\/plugins\/seo\/ -->\r\n<title>&quot;Vi idrottsf\u00f6r\u00e4ldrar har ett ansvar&quot; - Centrum f\u00f6r idrottsutveckling<\/title>\r\n<meta name=\"robots\" content=\"index, follow, max-snippet:-1, max-image-preview:large, max-video-preview:-1\" \/>\r\n<link rel=\"canonical\" href=\"https:\/\/blogg.lnu.se\/centrumforidrottsutveckling\/?p=268\" \/>\r\n<meta property=\"og:locale\" content=\"sv_SE\" \/>\r\n<meta property=\"og:type\" content=\"article\" \/>\r\n<meta property=\"og:title\" content=\"&quot;Vi idrottsf\u00f6r\u00e4ldrar har ett ansvar&quot; - Centrum f\u00f6r idrottsutveckling\" \/>\r\n<meta property=\"og:description\" content=\"Idrottsf\u00f6r\u00e4ldern \u2013 st\u00f6rande och i v\u00e4gen f\u00f6r ledarna eller en nyckel f\u00f6r fortsatt utveckling? Ja, meningarna g\u00e5r is\u00e4r kring f\u00f6r\u00e4ldraskapet inom idrotten. Med oj\u00e4mna mellanrum kan vi l\u00e4sa i b\u00e5de riks- och lokalmedia att f\u00f6r\u00e4ldrar vid sidlinjen eller p\u00e5 l\u00e4ktaren skriker elaka saker \u00e5t den unga domaren, vi kan l\u00e4sa att f\u00f6r\u00e4ldrars press p\u00e5 sina [&hellip;]\" \/>\r\n<meta property=\"og:url\" content=\"https:\/\/blogg.lnu.se\/centrumforidrottsutveckling\/?p=268\" \/>\r\n<meta property=\"og:site_name\" content=\"Centrum f\u00f6r idrottsutveckling\" \/>\r\n<meta property=\"article:published_time\" content=\"2020-04-14T09:36:35+00:00\" \/>\r\n<meta property=\"article:modified_time\" content=\"2020-04-15T08:35:04+00:00\" \/>\r\n<meta property=\"og:image\" content=\"https:\/\/blogg.lnu.se\/centrumforidrottsutveckling\/files\/2020\/04\/BB130731BB128-1024x631.jpg\" \/>\r\n<meta name=\"author\" content=\"David Fax\u00e5\" \/>\r\n<meta name=\"twitter:card\" content=\"summary_large_image\" \/>\r\n<meta name=\"twitter:label1\" content=\"Skriven av\" \/>\n\t<meta name=\"twitter:data1\" content=\"David Fax\u00e5\" \/>\n\t<meta name=\"twitter:label2\" content=\"Ber\u00e4knad l\u00e4stid\" \/>\n\t<meta name=\"twitter:data2\" content=\"7 minuter\" \/>\r\n<script type=\"application\/ld+json\" class=\"yoast-schema-graph\">{\"@context\":\"https:\/\/schema.org\",\"@graph\":[{\"@type\":\"WebPage\",\"@id\":\"https:\/\/blogg.lnu.se\/centrumforidrottsutveckling\/?p=268\",\"url\":\"https:\/\/blogg.lnu.se\/centrumforidrottsutveckling\/?p=268\",\"name\":\"\\\"Vi idrottsf\u00f6r\u00e4ldrar har ett ansvar\\\" - Centrum f\u00f6r idrottsutveckling\",\"isPartOf\":{\"@id\":\"https:\/\/blogg.lnu.se\/centrumforidrottsutveckling\/#website\"},\"datePublished\":\"2020-04-14T09:36:35+00:00\",\"dateModified\":\"2020-04-15T08:35:04+00:00\",\"author\":{\"@id\":\"https:\/\/blogg.lnu.se\/centrumforidrottsutveckling\/#\/schema\/person\/05a569a5607fe4d7b94213f8276bf222\"},\"inLanguage\":\"sv-SE\",\"potentialAction\":[{\"@type\":\"ReadAction\",\"target\":[\"https:\/\/blogg.lnu.se\/centrumforidrottsutveckling\/?p=268\"]}]},{\"@type\":\"WebSite\",\"@id\":\"https:\/\/blogg.lnu.se\/centrumforidrottsutveckling\/#website\",\"url\":\"https:\/\/blogg.lnu.se\/centrumforidrottsutveckling\/\",\"name\":\"Centrum f\u00f6r idrottsutveckling\",\"description\":\"V\u00e4lkommen till v\u00e5r nyhetssida - en plats f\u00f6r intressanta reportage och spridning av aktuell kunskap\",\"potentialAction\":[{\"@type\":\"SearchAction\",\"target\":{\"@type\":\"EntryPoint\",\"urlTemplate\":\"https:\/\/blogg.lnu.se\/centrumforidrottsutveckling\/?s={search_term_string}\"},\"query-input\":\"required name=search_term_string\"}],\"inLanguage\":\"sv-SE\"},{\"@type\":\"Person\",\"@id\":\"https:\/\/blogg.lnu.se\/centrumforidrottsutveckling\/#\/schema\/person\/05a569a5607fe4d7b94213f8276bf222\",\"name\":\"David Fax\u00e5\",\"description\":\"David Fax\u00e5 arbetar som idrottskonsulent p\u00e5 RF-SISU Sm\u00e5land och i n\u00e4ra samverkan med Linn\u00e9universitetet i Centrum f\u00f6r Idrottsutveckling\",\"url\":\"https:\/\/blogg.lnu.se\/centrumforidrottsutveckling\/?author=5969\"}]}<\/script>\r\n<!-- \/ Yoast SEO plugin. -->","yoast_head_json":{"title":"\"Vi idrottsf\u00f6r\u00e4ldrar har ett ansvar\" - Centrum f\u00f6r idrottsutveckling","robots":{"index":"index","follow":"follow","max-snippet":"max-snippet:-1","max-image-preview":"max-image-preview:large","max-video-preview":"max-video-preview:-1"},"canonical":"https:\/\/blogg.lnu.se\/centrumforidrottsutveckling\/?p=268","og_locale":"sv_SE","og_type":"article","og_title":"\"Vi idrottsf\u00f6r\u00e4ldrar har ett ansvar\" - Centrum f\u00f6r idrottsutveckling","og_description":"Idrottsf\u00f6r\u00e4ldern \u2013 st\u00f6rande och i v\u00e4gen f\u00f6r ledarna eller en nyckel f\u00f6r fortsatt utveckling? Ja, meningarna g\u00e5r is\u00e4r kring f\u00f6r\u00e4ldraskapet inom idrotten. Med oj\u00e4mna mellanrum kan vi l\u00e4sa i b\u00e5de riks- och lokalmedia att f\u00f6r\u00e4ldrar vid sidlinjen eller p\u00e5 l\u00e4ktaren skriker elaka saker \u00e5t den unga domaren, vi kan l\u00e4sa att f\u00f6r\u00e4ldrars press p\u00e5 sina [&hellip;]","og_url":"https:\/\/blogg.lnu.se\/centrumforidrottsutveckling\/?p=268","og_site_name":"Centrum f\u00f6r idrottsutveckling","article_published_time":"2020-04-14T09:36:35+00:00","article_modified_time":"2020-04-15T08:35:04+00:00","og_image":[{"url":"https:\/\/blogg.lnu.se\/centrumforidrottsutveckling\/files\/2020\/04\/BB130731BB128-1024x631.jpg"}],"author":"David Fax\u00e5","twitter_card":"summary_large_image","twitter_misc":{"Skriven av":"David Fax\u00e5","Ber\u00e4knad l\u00e4stid":"7 minuter"},"schema":{"@context":"https:\/\/schema.org","@graph":[{"@type":"WebPage","@id":"https:\/\/blogg.lnu.se\/centrumforidrottsutveckling\/?p=268","url":"https:\/\/blogg.lnu.se\/centrumforidrottsutveckling\/?p=268","name":"\"Vi idrottsf\u00f6r\u00e4ldrar har ett ansvar\" - Centrum f\u00f6r idrottsutveckling","isPartOf":{"@id":"https:\/\/blogg.lnu.se\/centrumforidrottsutveckling\/#website"},"datePublished":"2020-04-14T09:36:35+00:00","dateModified":"2020-04-15T08:35:04+00:00","author":{"@id":"https:\/\/blogg.lnu.se\/centrumforidrottsutveckling\/#\/schema\/person\/05a569a5607fe4d7b94213f8276bf222"},"inLanguage":"sv-SE","potentialAction":[{"@type":"ReadAction","target":["https:\/\/blogg.lnu.se\/centrumforidrottsutveckling\/?p=268"]}]},{"@type":"WebSite","@id":"https:\/\/blogg.lnu.se\/centrumforidrottsutveckling\/#website","url":"https:\/\/blogg.lnu.se\/centrumforidrottsutveckling\/","name":"Centrum f\u00f6r idrottsutveckling","description":"V\u00e4lkommen till v\u00e5r nyhetssida - en plats f\u00f6r intressanta reportage och spridning av aktuell kunskap","potentialAction":[{"@type":"SearchAction","target":{"@type":"EntryPoint","urlTemplate":"https:\/\/blogg.lnu.se\/centrumforidrottsutveckling\/?s={search_term_string}"},"query-input":"required name=search_term_string"}],"inLanguage":"sv-SE"},{"@type":"Person","@id":"https:\/\/blogg.lnu.se\/centrumforidrottsutveckling\/#\/schema\/person\/05a569a5607fe4d7b94213f8276bf222","name":"David Fax\u00e5","description":"David Fax\u00e5 arbetar som idrottskonsulent p\u00e5 RF-SISU Sm\u00e5land och i n\u00e4ra samverkan med Linn\u00e9universitetet i Centrum f\u00f6r Idrottsutveckling","url":"https:\/\/blogg.lnu.se\/centrumforidrottsutveckling\/?author=5969"}]}},"_links":{"self":[{"href":"https:\/\/blogg.lnu.se\/centrumforidrottsutveckling\/index.php?rest_route=\/wp\/v2\/posts\/268","targetHints":{"allow":["GET"]}}],"collection":[{"href":"https:\/\/blogg.lnu.se\/centrumforidrottsutveckling\/index.php?rest_route=\/wp\/v2\/posts"}],"about":[{"href":"https:\/\/blogg.lnu.se\/centrumforidrottsutveckling\/index.php?rest_route=\/wp\/v2\/types\/post"}],"author":[{"embeddable":true,"href":"https:\/\/blogg.lnu.se\/centrumforidrottsutveckling\/index.php?rest_route=\/wp\/v2\/users\/5969"}],"replies":[{"embeddable":true,"href":"https:\/\/blogg.lnu.se\/centrumforidrottsutveckling\/index.php?rest_route=%2Fwp%2Fv2%2Fcomments&post=268"}],"version-history":[{"count":10,"href":"https:\/\/blogg.lnu.se\/centrumforidrottsutveckling\/index.php?rest_route=\/wp\/v2\/posts\/268\/revisions"}],"predecessor-version":[{"id":288,"href":"https:\/\/blogg.lnu.se\/centrumforidrottsutveckling\/index.php?rest_route=\/wp\/v2\/posts\/268\/revisions\/288"}],"wp:attachment":[{"href":"https:\/\/blogg.lnu.se\/centrumforidrottsutveckling\/index.php?rest_route=%2Fwp%2Fv2%2Fmedia&parent=268"}],"wp:term":[{"taxonomy":"category","embeddable":true,"href":"https:\/\/blogg.lnu.se\/centrumforidrottsutveckling\/index.php?rest_route=%2Fwp%2Fv2%2Fcategories&post=268"},{"taxonomy":"post_tag","embeddable":true,"href":"https:\/\/blogg.lnu.se\/centrumforidrottsutveckling\/index.php?rest_route=%2Fwp%2Fv2%2Ftags&post=268"}],"curies":[{"name":"wp","href":"https:\/\/api.w.org\/{rel}","templated":true}]}}