{"id":316,"date":"2020-06-12T13:21:18","date_gmt":"2020-06-12T12:21:18","guid":{"rendered":"https:\/\/blogg.lnu.se\/centrumforidrottsutveckling\/?p=316"},"modified":"2020-06-12T13:35:03","modified_gmt":"2020-06-12T12:35:03","slug":"podcast-ett-samtal-om-ny-syn-pa-traning-och-tavling","status":"publish","type":"post","link":"https:\/\/blogg.lnu.se\/centrumforidrottsutveckling\/?p=316","title":{"rendered":"Podcast: Ett samtal om Ny syn p\u00e5 tr\u00e4ning och t\u00e4vling"},"content":{"rendered":"<div id=\"attachment_323\" style=\"width: 595px\" class=\"wp-caption alignnone\"><img loading=\"lazy\" decoding=\"async\" aria-describedby=\"caption-attachment-323\" class=\" wp-image-323\" src=\"https:\/\/blogg.lnu.se\/centrumforidrottsutveckling\/files\/2020\/06\/BB181120MA030-1024x683.jpg\" alt=\"\" width=\"585\" height=\"390\" srcset=\"https:\/\/blogg.lnu.se\/centrumforidrottsutveckling\/wp-content\/blogs.dir\/213\/files\/sites\/213\/2020\/06\/BB181120MA030-1024x683.jpg 1024w, https:\/\/blogg.lnu.se\/centrumforidrottsutveckling\/wp-content\/blogs.dir\/213\/files\/sites\/213\/2020\/06\/BB181120MA030-300x200.jpg 300w, https:\/\/blogg.lnu.se\/centrumforidrottsutveckling\/wp-content\/blogs.dir\/213\/files\/sites\/213\/2020\/06\/BB181120MA030-768x512.jpg 768w, https:\/\/blogg.lnu.se\/centrumforidrottsutveckling\/wp-content\/blogs.dir\/213\/files\/sites\/213\/2020\/06\/BB181120MA030.jpg 1200w\" sizes=\"auto, (max-width: 585px) 100vw, 585px\" \/><p id=\"caption-attachment-323\" class=\"wp-caption-text\">Foto: Mathilda Ahlberg\/Bildbyr\u00e5n<\/p><\/div>\n<p>Enligt den senaste rapporten fr\u00e5n <a href=\"https:\/\/blogg.lnu.se\/centrumforidrottsutveckling\/?p=318\">C<\/a><a href=\"https:\/\/centrumforidrottsforskning.se\/sv\/regeringsuppdrag-uppfoljning-av-statens-idrottsstod\/cifs-regeringsuppdrag\/regeringsuppdrag-2019\/\">entrum f\u00f6r Idrottsforskning har barn och ungdomars syn p\u00e5 f\u00f6reningsidrott f\u00f6r\u00e4ndras genom \u00e5ren<\/a><a href=\"https:\/\/blogg.lnu.se\/centrumforidrottsutveckling\/?p=318\">.<\/a> D\u00e4rf\u00f6r \u00e4r det ocks\u00e5 viktigt att idrottsf\u00f6rbund och -f\u00f6reningar h\u00e4nger med i samh\u00e4llsutvecklingen och anpassar sina tr\u00e4ningar och t\u00e4vlingar. Det \u00e4r ocks\u00e5 en av de fem prioriterade utvecklingsresorna i idrottsr\u00f6relsens strategiska arbete kallat Strategi 2025. Om just denna utvecklingsresa diskuterade man i podcasten H\u00e4r p\u00e5g\u00e5r f\u00f6reningsidrott.<\/p>\n<p>Avsnittet finns nedan eller i din vanliga podcast-spelare (exempelvis\u00a0<a href=\"https:\/\/podcasts.apple.com\/se\/podcast\/h%C3%A4r-p%C3%A5g%C3%A5r-f%C3%B6reningsidrott\/id1164809606\">Podcaster<\/a>,\u00a0<a href=\"https:\/\/podcasts.apple.com\/se\/podcast\/h%C3%A4r-p%C3%A5g%C3%A5r-barnidrott\/id1164809606?mt=2#episodeGuid=tag%3Asoundcloud%2C2010%3Atracks%2F347461061\">iTunes<\/a>\u00a0och\u00a0<a href=\"https:\/\/open.spotify.com\/show\/48oxwSIr2IzFVi9yGJ3lVP?si=AfjKATzZQ8yYI3HG5vTMAw\">Spotify<\/a>). S\u00f6k p\u00e5 H\u00e4r p\u00e5g\u00e5r f\u00f6reningsidrott.<\/p>\n<p><iframe loading=\"lazy\" title=\"Avsnitt 34 - Ny Syn p\u00e5 Tr\u00e4ning och T\u00e4vling (Strategi 2025) by H\u00e4r p\u00e5g\u00e5r f\u00f6reningsidrott\" width=\"500\" height=\"400\" scrolling=\"no\" frameborder=\"no\" src=\"https:\/\/w.soundcloud.com\/player\/?visual=true&#038;url=https%3A%2F%2Fapi.soundcloud.com%2Ftracks%2F586385973&#038;show_artwork=true&#038;maxheight=750&#038;maxwidth=500\"><\/iframe><\/p>\n","protected":false},"excerpt":{"rendered":"<p>Enligt den senaste rapporten fr\u00e5n Centrum f\u00f6r Idrottsforskning har barn och ungdomars syn p\u00e5 f\u00f6reningsidrott f\u00f6r\u00e4ndras genom \u00e5ren. D\u00e4rf\u00f6r \u00e4r det ocks\u00e5 viktigt att idrottsf\u00f6rbund och -f\u00f6reningar h\u00e4nger med i samh\u00e4llsutvecklingen och anpassar sina tr\u00e4ningar och t\u00e4vlingar. Det \u00e4r ocks\u00e5 en av de fem prioriterade utvecklingsresorna i idrottsr\u00f6relsens strategiska arbete kallat Strategi 2025. Om just [&hellip;]<\/p>\n","protected":false},"author":5969,"featured_media":0,"comment_status":"closed","ping_status":"open","sticky":false,"template":"","format":"standard","meta":{"footnotes":""},"categories":[31447],"tags":[],"class_list":["post-316","post","type-post","status-publish","format-standard","hentry","category-foreningsutveckling"],"acf":[],"yoast_head":"<!-- This site is optimized with the Yoast SEO plugin v21.7 - https:\/\/yoast.com\/wordpress\/plugins\/seo\/ -->\r\n<title>Podcast: Ett samtal om Ny syn p\u00e5 tr\u00e4ning och t\u00e4vling - Centrum f\u00f6r idrottsutveckling<\/title>\r\n<meta name=\"robots\" content=\"index, follow, max-snippet:-1, max-image-preview:large, max-video-preview:-1\" \/>\r\n<link rel=\"canonical\" href=\"https:\/\/blogg.lnu.se\/centrumforidrottsutveckling\/?p=316\" \/>\r\n<meta property=\"og:locale\" content=\"sv_SE\" \/>\r\n<meta property=\"og:type\" content=\"article\" \/>\r\n<meta property=\"og:title\" content=\"Podcast: Ett samtal om Ny syn p\u00e5 tr\u00e4ning och t\u00e4vling - Centrum f\u00f6r idrottsutveckling\" \/>\r\n<meta property=\"og:description\" content=\"Enligt den senaste rapporten fr\u00e5n Centrum f\u00f6r Idrottsforskning har barn och ungdomars syn p\u00e5 f\u00f6reningsidrott f\u00f6r\u00e4ndras genom \u00e5ren. D\u00e4rf\u00f6r \u00e4r det ocks\u00e5 viktigt att idrottsf\u00f6rbund och -f\u00f6reningar h\u00e4nger med i samh\u00e4llsutvecklingen och anpassar sina tr\u00e4ningar och t\u00e4vlingar. Det \u00e4r ocks\u00e5 en av de fem prioriterade utvecklingsresorna i idrottsr\u00f6relsens strategiska arbete kallat Strategi 2025. Om just [&hellip;]\" \/>\r\n<meta property=\"og:url\" content=\"https:\/\/blogg.lnu.se\/centrumforidrottsutveckling\/?p=316\" \/>\r\n<meta property=\"og:site_name\" content=\"Centrum f\u00f6r idrottsutveckling\" \/>\r\n<meta property=\"article:published_time\" content=\"2020-06-12T12:21:18+00:00\" \/>\r\n<meta property=\"article:modified_time\" content=\"2020-06-12T12:35:03+00:00\" \/>\r\n<meta property=\"og:image\" content=\"https:\/\/blogg.lnu.se\/centrumforidrottsutveckling\/files\/2020\/06\/BB181120MA030-1024x683.jpg\" \/>\r\n<meta name=\"author\" content=\"David Fax\u00e5\" \/>\r\n<meta name=\"twitter:card\" content=\"summary_large_image\" \/>\r\n<meta name=\"twitter:label1\" content=\"Skriven av\" \/>\n\t<meta name=\"twitter:data1\" content=\"David Fax\u00e5\" \/>\n\t<meta name=\"twitter:label2\" content=\"Ber\u00e4knad l\u00e4stid\" \/>\n\t<meta name=\"twitter:data2\" content=\"1 minut\" \/>\r\n<script type=\"application\/ld+json\" class=\"yoast-schema-graph\">{\"@context\":\"https:\/\/schema.org\",\"@graph\":[{\"@type\":\"WebPage\",\"@id\":\"https:\/\/blogg.lnu.se\/centrumforidrottsutveckling\/?p=316\",\"url\":\"https:\/\/blogg.lnu.se\/centrumforidrottsutveckling\/?p=316\",\"name\":\"Podcast: Ett samtal om Ny syn p\u00e5 tr\u00e4ning och t\u00e4vling - Centrum f\u00f6r idrottsutveckling\",\"isPartOf\":{\"@id\":\"https:\/\/blogg.lnu.se\/centrumforidrottsutveckling\/#website\"},\"datePublished\":\"2020-06-12T12:21:18+00:00\",\"dateModified\":\"2020-06-12T12:35:03+00:00\",\"author\":{\"@id\":\"https:\/\/blogg.lnu.se\/centrumforidrottsutveckling\/#\/schema\/person\/05a569a5607fe4d7b94213f8276bf222\"},\"inLanguage\":\"sv-SE\",\"potentialAction\":[{\"@type\":\"ReadAction\",\"target\":[\"https:\/\/blogg.lnu.se\/centrumforidrottsutveckling\/?p=316\"]}]},{\"@type\":\"WebSite\",\"@id\":\"https:\/\/blogg.lnu.se\/centrumforidrottsutveckling\/#website\",\"url\":\"https:\/\/blogg.lnu.se\/centrumforidrottsutveckling\/\",\"name\":\"Centrum f\u00f6r idrottsutveckling\",\"description\":\"V\u00e4lkommen till v\u00e5r nyhetssida - en plats f\u00f6r intressanta reportage och spridning av aktuell kunskap\",\"potentialAction\":[{\"@type\":\"SearchAction\",\"target\":{\"@type\":\"EntryPoint\",\"urlTemplate\":\"https:\/\/blogg.lnu.se\/centrumforidrottsutveckling\/?s={search_term_string}\"},\"query-input\":\"required name=search_term_string\"}],\"inLanguage\":\"sv-SE\"},{\"@type\":\"Person\",\"@id\":\"https:\/\/blogg.lnu.se\/centrumforidrottsutveckling\/#\/schema\/person\/05a569a5607fe4d7b94213f8276bf222\",\"name\":\"David Fax\u00e5\",\"description\":\"David Fax\u00e5 arbetar som idrottskonsulent p\u00e5 RF-SISU Sm\u00e5land och i n\u00e4ra samverkan med Linn\u00e9universitetet i Centrum f\u00f6r Idrottsutveckling\",\"url\":\"https:\/\/blogg.lnu.se\/centrumforidrottsutveckling\/?author=5969\"}]}<\/script>\r\n<!-- \/ Yoast SEO plugin. -->","yoast_head_json":{"title":"Podcast: Ett samtal om Ny syn p\u00e5 tr\u00e4ning och t\u00e4vling - Centrum f\u00f6r idrottsutveckling","robots":{"index":"index","follow":"follow","max-snippet":"max-snippet:-1","max-image-preview":"max-image-preview:large","max-video-preview":"max-video-preview:-1"},"canonical":"https:\/\/blogg.lnu.se\/centrumforidrottsutveckling\/?p=316","og_locale":"sv_SE","og_type":"article","og_title":"Podcast: Ett samtal om Ny syn p\u00e5 tr\u00e4ning och t\u00e4vling - Centrum f\u00f6r idrottsutveckling","og_description":"Enligt den senaste rapporten fr\u00e5n Centrum f\u00f6r Idrottsforskning har barn och ungdomars syn p\u00e5 f\u00f6reningsidrott f\u00f6r\u00e4ndras genom \u00e5ren. D\u00e4rf\u00f6r \u00e4r det ocks\u00e5 viktigt att idrottsf\u00f6rbund och -f\u00f6reningar h\u00e4nger med i samh\u00e4llsutvecklingen och anpassar sina tr\u00e4ningar och t\u00e4vlingar. Det \u00e4r ocks\u00e5 en av de fem prioriterade utvecklingsresorna i idrottsr\u00f6relsens strategiska arbete kallat Strategi 2025. Om just [&hellip;]","og_url":"https:\/\/blogg.lnu.se\/centrumforidrottsutveckling\/?p=316","og_site_name":"Centrum f\u00f6r idrottsutveckling","article_published_time":"2020-06-12T12:21:18+00:00","article_modified_time":"2020-06-12T12:35:03+00:00","og_image":[{"url":"https:\/\/blogg.lnu.se\/centrumforidrottsutveckling\/files\/2020\/06\/BB181120MA030-1024x683.jpg"}],"author":"David Fax\u00e5","twitter_card":"summary_large_image","twitter_misc":{"Skriven av":"David Fax\u00e5","Ber\u00e4knad l\u00e4stid":"1 minut"},"schema":{"@context":"https:\/\/schema.org","@graph":[{"@type":"WebPage","@id":"https:\/\/blogg.lnu.se\/centrumforidrottsutveckling\/?p=316","url":"https:\/\/blogg.lnu.se\/centrumforidrottsutveckling\/?p=316","name":"Podcast: Ett samtal om Ny syn p\u00e5 tr\u00e4ning och t\u00e4vling - Centrum f\u00f6r idrottsutveckling","isPartOf":{"@id":"https:\/\/blogg.lnu.se\/centrumforidrottsutveckling\/#website"},"datePublished":"2020-06-12T12:21:18+00:00","dateModified":"2020-06-12T12:35:03+00:00","author":{"@id":"https:\/\/blogg.lnu.se\/centrumforidrottsutveckling\/#\/schema\/person\/05a569a5607fe4d7b94213f8276bf222"},"inLanguage":"sv-SE","potentialAction":[{"@type":"ReadAction","target":["https:\/\/blogg.lnu.se\/centrumforidrottsutveckling\/?p=316"]}]},{"@type":"WebSite","@id":"https:\/\/blogg.lnu.se\/centrumforidrottsutveckling\/#website","url":"https:\/\/blogg.lnu.se\/centrumforidrottsutveckling\/","name":"Centrum f\u00f6r idrottsutveckling","description":"V\u00e4lkommen till v\u00e5r nyhetssida - en plats f\u00f6r intressanta reportage och spridning av aktuell kunskap","potentialAction":[{"@type":"SearchAction","target":{"@type":"EntryPoint","urlTemplate":"https:\/\/blogg.lnu.se\/centrumforidrottsutveckling\/?s={search_term_string}"},"query-input":"required name=search_term_string"}],"inLanguage":"sv-SE"},{"@type":"Person","@id":"https:\/\/blogg.lnu.se\/centrumforidrottsutveckling\/#\/schema\/person\/05a569a5607fe4d7b94213f8276bf222","name":"David Fax\u00e5","description":"David Fax\u00e5 arbetar som idrottskonsulent p\u00e5 RF-SISU Sm\u00e5land och i n\u00e4ra samverkan med Linn\u00e9universitetet i Centrum f\u00f6r Idrottsutveckling","url":"https:\/\/blogg.lnu.se\/centrumforidrottsutveckling\/?author=5969"}]}},"_links":{"self":[{"href":"https:\/\/blogg.lnu.se\/centrumforidrottsutveckling\/index.php?rest_route=\/wp\/v2\/posts\/316","targetHints":{"allow":["GET"]}}],"collection":[{"href":"https:\/\/blogg.lnu.se\/centrumforidrottsutveckling\/index.php?rest_route=\/wp\/v2\/posts"}],"about":[{"href":"https:\/\/blogg.lnu.se\/centrumforidrottsutveckling\/index.php?rest_route=\/wp\/v2\/types\/post"}],"author":[{"embeddable":true,"href":"https:\/\/blogg.lnu.se\/centrumforidrottsutveckling\/index.php?rest_route=\/wp\/v2\/users\/5969"}],"replies":[{"embeddable":true,"href":"https:\/\/blogg.lnu.se\/centrumforidrottsutveckling\/index.php?rest_route=%2Fwp%2Fv2%2Fcomments&post=316"}],"version-history":[{"count":5,"href":"https:\/\/blogg.lnu.se\/centrumforidrottsutveckling\/index.php?rest_route=\/wp\/v2\/posts\/316\/revisions"}],"predecessor-version":[{"id":327,"href":"https:\/\/blogg.lnu.se\/centrumforidrottsutveckling\/index.php?rest_route=\/wp\/v2\/posts\/316\/revisions\/327"}],"wp:attachment":[{"href":"https:\/\/blogg.lnu.se\/centrumforidrottsutveckling\/index.php?rest_route=%2Fwp%2Fv2%2Fmedia&parent=316"}],"wp:term":[{"taxonomy":"category","embeddable":true,"href":"https:\/\/blogg.lnu.se\/centrumforidrottsutveckling\/index.php?rest_route=%2Fwp%2Fv2%2Fcategories&post=316"},{"taxonomy":"post_tag","embeddable":true,"href":"https:\/\/blogg.lnu.se\/centrumforidrottsutveckling\/index.php?rest_route=%2Fwp%2Fv2%2Ftags&post=316"}],"curies":[{"name":"wp","href":"https:\/\/api.w.org\/{rel}","templated":true}]}}