{"id":394,"date":"2020-11-10T13:43:40","date_gmt":"2020-11-10T12:43:40","guid":{"rendered":"https:\/\/blogg.lnu.se\/centrumforidrottsutveckling\/?p=394"},"modified":"2020-11-17T08:50:50","modified_gmt":"2020-11-17T07:50:50","slug":"framtiden-ar-redan-har-vi-maste-lara-oss-att-anvanda-det","status":"publish","type":"post","link":"https:\/\/blogg.lnu.se\/centrumforidrottsutveckling\/?p=394","title":{"rendered":"Framtiden \u00e4r redan h\u00e4r &#8211; vi m\u00e5ste l\u00e4ra oss att anv\u00e4nda det"},"content":{"rendered":"<p><img loading=\"lazy\" decoding=\"async\" class=\"alignnone wp-image-395\" src=\"https:\/\/blogg.lnu.se\/centrumforidrottsutveckling\/files\/2020\/11\/BB200506BB013.jpg\" alt=\"\" width=\"581\" height=\"344\" \/><\/p>\n<p><strong>Jag arbetar som idrottskonsulent p\u00e5 RF-SISU Sm\u00e5land. V\u00e4ldigt ofta m\u00f6ter jag f\u00f6reningar som s\u00e4ger att det \u00e4r sv\u00e5rt att n\u00e5 ut med budskap.<\/strong> Kanske handlar det om att f\u00e5 ut informationen om att ledare beh\u00f6vs till F12-laget, eller att f\u00f6reningen beh\u00f6ver en kass\u00f6r till n\u00e4sta \u00e5rsm\u00f6te. Det kan ocks\u00e5 handla om att det \u00e4r sv\u00e5rt att f\u00e5 ut ett v\u00e4lskrivet v\u00e4rdegrundsdokument eller antimobbingpolicy till sina medlemmar. Kommunikation \u00e4r allts\u00e5 sv\u00e5rt, b\u00e5de internt och externt.<\/p>\n<p>Och konstigt \u00e4r v\u00e4l inte det. Det som f\u00f6rr l\u00f6stes med en lapp p\u00e5 anslagstavlan vid klubbstugan har idag ersatts av webbs\u00e4ndningar, TikTok-konton, Zoomm\u00f6ten, Facebook och Snapchattr\u00e5dar. M\u00e4nniskan \u00f6ver\u00f6ses med information fr\u00e5n m\u00e5nga olika kanaler. Men detta blogginl\u00e4gg ska vara en introduktion till \u00e4mnet &#8221;sociala medier och idrott&#8221;, s\u00e5 vi grottar inte ned oss vidare i informationssamh\u00e4llet. Ist\u00e4llet g\u00e5r vi rakt p\u00e5 sak.<\/p>\n<p><strong>Vi p\u00e5 Centrum f\u00f6r idrottsutveckling f\u00f6rs\u00f6ker alltid ha en tydlig koppling till vetenskapen.<\/strong> S\u00e5 vad s\u00e4ger egentligen vetenskapen om sociala medier inom idrotten? Undertecknade slog Tobias Stark en signal. Stark arbetar som universitetslektor p\u00e5 institutionen f\u00f6r idrottsvetenskap p\u00e5 Linn\u00e9universitetet, men han har ocks\u00e5 ett stort intresse i sociala medier.<\/p>\n<p>&#8211; Sociala medier \u00e4r ju r\u00e4tt nya generellt och s\u00e5 ocks\u00e5 idrottens anv\u00e4ndande av det. Det \u00e4r en anledning till att det idag inte finns s\u00e5 mycket forskning p\u00e5 det. Det tar ett tag innan det b\u00f6rjar h\u00e4nda saker, det blir eftersl\u00e4pning. Men det finns ett nyv\u00e4ckt intresse f\u00f6r detta. I Nordamerika har man kommit l\u00e4ngst inom idrotten, men ocks\u00e5 inom forskningen. Men mig veterligen finns det ingen svensk professionell forskare som skrivit n\u00e5got om sociala medier kopplat till idrott.<\/p>\n<p>Men trots att forskningen i Sverige inte har kommit ig\u00e5ng p\u00e5 detta \u00e4mne lyfte Stark en del intressanta perspektiv.<\/p>\n<p>&#8211; H\u00e4romdagen hade jag en f\u00f6rel\u00e4sning inom &#8221;idrott och media&#8221;. Av cirka 30 studenter var det ingen som kontinuerligt f\u00f6ljde n\u00e5gon dagstidning, varken morgon- eller kv\u00e4llstidning. D\u00e4remot f\u00f6ljde alla systematiskt v\u00e4ldigt m\u00e5nga konton p\u00e5 sociala medier. Det \u00e4r oroande i sig, men det \u00e4r ocks\u00e5 en indikation p\u00e5 att idrottsf\u00f6reningar verkligen m\u00e5ste t\u00e4nka till hur man faktiskt syns i sociala medier.<\/p>\n<p><strong>Stark skickar ocks\u00e5 med n\u00e5gra tips till idrottsf\u00f6reningarna,<\/strong> ut\u00f6ver att l\u00e4sa de studentuppsatser som b\u00f6rjar dyka upp p\u00e5 \u00e4mnet.<\/p>\n<p>&#8211; Alla har inte intresset f\u00f6r sociala medier, men det blir fler och fler. Och genom dessa personer kan f\u00f6reningarna med v\u00e4ldigt sm\u00e5 medel kan man g\u00f6ra v\u00e4ldigt mycket bra saker. Marknadsf\u00f6ring \u00e4r billigt idag. F\u00f6reningarna m\u00e5ste l\u00e4ra sig anv\u00e4nda det. Vi har tagit stora digitala kliv under coronan och n\u00e4r vi \u00e4r ute ur pandemin ser jag ingen anledning att vi skulle ta kliv tillbaka. De koncept vi nu har jobbat fram kommer att finnas kvar.<\/p>\n<p>Vi har denna m\u00e5nad pratat med tre studenter som alla skrivit uppsatser p\u00e5 just dessa \u00e4mnen. De uppmanar ocks\u00e5 till vidare forskning i \u00e4mnet. Men de ger ocks\u00e5 tips, tips till er f\u00f6reningsledare. Deras uppmaning \u00e4r att vi inom idrottsr\u00f6relsen m\u00e5ste bli b\u00e4ttre p\u00e5 att anv\u00e4nda de sociala medierna. F\u00f6r ifall de anv\u00e4nds r\u00e4tt finns det en enorm potential att n\u00e5 ut. Jobbar ni p\u00e5 r\u00e4tt s\u00e4tt kommer vi kanske n\u00e5 ut med f\u00f6reningens policy eller hitta den d\u00e4r kass\u00f6ren ni s\u00e5 l\u00e4nge s\u00f6kt efter. S\u00e5 l\u00e4s vad <a href=\"https:\/\/blogg.lnu.se\/centrumforidrottsutveckling\/?p=388\">Adam och Simon skriver<\/a>, och lyssna p\u00e5 den <a href=\"https:\/\/blogg.lnu.se\/centrumforidrottsutveckling\/?p=399\">intervju som finns med Arash.<\/a><\/p>\n<p>F\u00f6r att f\u00e5 ig\u00e5ng er tankeverksamhet kommer h\u00e4r ett exempel p\u00e5 n\u00e4r en f\u00f6rening t\u00e4nkt till och gjort det lilla extra. Det \u00e4r s\u00e5 l\u00e5ngt ifr\u00e5n avancerat det g\u00e5r p\u00e5 sociala medier, men \u00e4nd\u00e5 gav det resultat. H\u00e4r \u00e4r en Facebook-uppdatering fr\u00e5n n\u00e4r IFK Grimsl\u00f6v s\u00f6kte (och fann) en ny sekreterare f\u00f6r n\u00e5gra \u00e5r sedan:<\/p>\n<p>&nbsp;<\/p>\n<p><img loading=\"lazy\" decoding=\"async\" class=\"alignnone wp-image-396\" src=\"https:\/\/blogg.lnu.se\/centrumforidrottsutveckling\/files\/2020\/11\/ifkg.png\" alt=\"\" width=\"347\" height=\"393\" \/><\/p>\n<p>Kontentan av m\u00e5nadens fokus p\u00e5 sociala medier \u00e4r att det kommer bli n\u00f6dv\u00e4ndigt f\u00f6r f\u00f6reningen idag och i framtiden att ha ett t\u00e4nk kring sina sociala medier. Det kan ocks\u00e5 bli ett s\u00e4tt att engagera era yngre medlemmar p\u00e5 ett mer strategiskt plan. Framtiden \u00e4r redan h\u00e4r, det \u00e4r dags att vi l\u00e4r oss och utvecklas!<\/p>\n","protected":false},"excerpt":{"rendered":"<p>Jag arbetar som idrottskonsulent p\u00e5 RF-SISU Sm\u00e5land. V\u00e4ldigt ofta m\u00f6ter jag f\u00f6reningar som s\u00e4ger att det \u00e4r sv\u00e5rt att n\u00e5 ut med budskap. Kanske handlar det om att f\u00e5 ut informationen om att ledare beh\u00f6vs till F12-laget, eller att f\u00f6reningen beh\u00f6ver en kass\u00f6r till n\u00e4sta \u00e5rsm\u00f6te. Det kan ocks\u00e5 handla om att det \u00e4r sv\u00e5rt [&hellip;]<\/p>\n","protected":false},"author":5969,"featured_media":0,"comment_status":"open","ping_status":"open","sticky":false,"template":"","format":"standard","meta":{"footnotes":""},"categories":[31447],"tags":[],"class_list":["post-394","post","type-post","status-publish","format-standard","hentry","category-foreningsutveckling"],"acf":[],"yoast_head":"<!-- This site is optimized with the Yoast SEO plugin v21.7 - https:\/\/yoast.com\/wordpress\/plugins\/seo\/ -->\r\n<title>Framtiden \u00e4r redan h\u00e4r - vi m\u00e5ste l\u00e4ra oss att anv\u00e4nda det - Centrum f\u00f6r idrottsutveckling<\/title>\r\n<meta name=\"robots\" content=\"index, follow, max-snippet:-1, max-image-preview:large, max-video-preview:-1\" \/>\r\n<link rel=\"canonical\" href=\"https:\/\/blogg.lnu.se\/centrumforidrottsutveckling\/?p=394\" \/>\r\n<meta property=\"og:locale\" content=\"sv_SE\" \/>\r\n<meta property=\"og:type\" content=\"article\" \/>\r\n<meta property=\"og:title\" content=\"Framtiden \u00e4r redan h\u00e4r - vi m\u00e5ste l\u00e4ra oss att anv\u00e4nda det - Centrum f\u00f6r idrottsutveckling\" \/>\r\n<meta property=\"og:description\" content=\"Jag arbetar som idrottskonsulent p\u00e5 RF-SISU Sm\u00e5land. V\u00e4ldigt ofta m\u00f6ter jag f\u00f6reningar som s\u00e4ger att det \u00e4r sv\u00e5rt att n\u00e5 ut med budskap. Kanske handlar det om att f\u00e5 ut informationen om att ledare beh\u00f6vs till F12-laget, eller att f\u00f6reningen beh\u00f6ver en kass\u00f6r till n\u00e4sta \u00e5rsm\u00f6te. Det kan ocks\u00e5 handla om att det \u00e4r sv\u00e5rt [&hellip;]\" \/>\r\n<meta property=\"og:url\" content=\"https:\/\/blogg.lnu.se\/centrumforidrottsutveckling\/?p=394\" \/>\r\n<meta property=\"og:site_name\" content=\"Centrum f\u00f6r idrottsutveckling\" \/>\r\n<meta property=\"article:published_time\" content=\"2020-11-10T12:43:40+00:00\" \/>\r\n<meta property=\"article:modified_time\" content=\"2020-11-17T07:50:50+00:00\" \/>\r\n<meta property=\"og:image\" content=\"https:\/\/blogg.lnu.se\/centrumforidrottsutveckling\/files\/2020\/11\/BB200506BB013.jpg\" \/>\r\n<meta name=\"author\" content=\"David Fax\u00e5\" \/>\r\n<meta name=\"twitter:card\" content=\"summary_large_image\" \/>\r\n<meta name=\"twitter:label1\" content=\"Skriven av\" \/>\n\t<meta name=\"twitter:data1\" content=\"David Fax\u00e5\" \/>\n\t<meta name=\"twitter:label2\" content=\"Ber\u00e4knad l\u00e4stid\" \/>\n\t<meta name=\"twitter:data2\" content=\"4 minuter\" \/>\r\n<script type=\"application\/ld+json\" class=\"yoast-schema-graph\">{\"@context\":\"https:\/\/schema.org\",\"@graph\":[{\"@type\":\"WebPage\",\"@id\":\"https:\/\/blogg.lnu.se\/centrumforidrottsutveckling\/?p=394\",\"url\":\"https:\/\/blogg.lnu.se\/centrumforidrottsutveckling\/?p=394\",\"name\":\"Framtiden \u00e4r redan h\u00e4r - vi m\u00e5ste l\u00e4ra oss att anv\u00e4nda det - Centrum f\u00f6r idrottsutveckling\",\"isPartOf\":{\"@id\":\"https:\/\/blogg.lnu.se\/centrumforidrottsutveckling\/#website\"},\"datePublished\":\"2020-11-10T12:43:40+00:00\",\"dateModified\":\"2020-11-17T07:50:50+00:00\",\"author\":{\"@id\":\"https:\/\/blogg.lnu.se\/centrumforidrottsutveckling\/#\/schema\/person\/05a569a5607fe4d7b94213f8276bf222\"},\"inLanguage\":\"sv-SE\",\"potentialAction\":[{\"@type\":\"ReadAction\",\"target\":[\"https:\/\/blogg.lnu.se\/centrumforidrottsutveckling\/?p=394\"]}]},{\"@type\":\"WebSite\",\"@id\":\"https:\/\/blogg.lnu.se\/centrumforidrottsutveckling\/#website\",\"url\":\"https:\/\/blogg.lnu.se\/centrumforidrottsutveckling\/\",\"name\":\"Centrum f\u00f6r idrottsutveckling\",\"description\":\"V\u00e4lkommen till v\u00e5r nyhetssida - en plats f\u00f6r intressanta reportage och spridning av aktuell kunskap\",\"potentialAction\":[{\"@type\":\"SearchAction\",\"target\":{\"@type\":\"EntryPoint\",\"urlTemplate\":\"https:\/\/blogg.lnu.se\/centrumforidrottsutveckling\/?s={search_term_string}\"},\"query-input\":\"required name=search_term_string\"}],\"inLanguage\":\"sv-SE\"},{\"@type\":\"Person\",\"@id\":\"https:\/\/blogg.lnu.se\/centrumforidrottsutveckling\/#\/schema\/person\/05a569a5607fe4d7b94213f8276bf222\",\"name\":\"David Fax\u00e5\",\"description\":\"David Fax\u00e5 arbetar som idrottskonsulent p\u00e5 RF-SISU Sm\u00e5land och i n\u00e4ra samverkan med Linn\u00e9universitetet i Centrum f\u00f6r Idrottsutveckling\",\"url\":\"https:\/\/blogg.lnu.se\/centrumforidrottsutveckling\/?author=5969\"}]}<\/script>\r\n<!-- \/ Yoast SEO plugin. -->","yoast_head_json":{"title":"Framtiden \u00e4r redan h\u00e4r - vi m\u00e5ste l\u00e4ra oss att anv\u00e4nda det - Centrum f\u00f6r idrottsutveckling","robots":{"index":"index","follow":"follow","max-snippet":"max-snippet:-1","max-image-preview":"max-image-preview:large","max-video-preview":"max-video-preview:-1"},"canonical":"https:\/\/blogg.lnu.se\/centrumforidrottsutveckling\/?p=394","og_locale":"sv_SE","og_type":"article","og_title":"Framtiden \u00e4r redan h\u00e4r - vi m\u00e5ste l\u00e4ra oss att anv\u00e4nda det - Centrum f\u00f6r idrottsutveckling","og_description":"Jag arbetar som idrottskonsulent p\u00e5 RF-SISU Sm\u00e5land. V\u00e4ldigt ofta m\u00f6ter jag f\u00f6reningar som s\u00e4ger att det \u00e4r sv\u00e5rt att n\u00e5 ut med budskap. Kanske handlar det om att f\u00e5 ut informationen om att ledare beh\u00f6vs till F12-laget, eller att f\u00f6reningen beh\u00f6ver en kass\u00f6r till n\u00e4sta \u00e5rsm\u00f6te. Det kan ocks\u00e5 handla om att det \u00e4r sv\u00e5rt [&hellip;]","og_url":"https:\/\/blogg.lnu.se\/centrumforidrottsutveckling\/?p=394","og_site_name":"Centrum f\u00f6r idrottsutveckling","article_published_time":"2020-11-10T12:43:40+00:00","article_modified_time":"2020-11-17T07:50:50+00:00","og_image":[{"url":"https:\/\/blogg.lnu.se\/centrumforidrottsutveckling\/files\/2020\/11\/BB200506BB013.jpg"}],"author":"David Fax\u00e5","twitter_card":"summary_large_image","twitter_misc":{"Skriven av":"David Fax\u00e5","Ber\u00e4knad l\u00e4stid":"4 minuter"},"schema":{"@context":"https:\/\/schema.org","@graph":[{"@type":"WebPage","@id":"https:\/\/blogg.lnu.se\/centrumforidrottsutveckling\/?p=394","url":"https:\/\/blogg.lnu.se\/centrumforidrottsutveckling\/?p=394","name":"Framtiden \u00e4r redan h\u00e4r - vi m\u00e5ste l\u00e4ra oss att anv\u00e4nda det - Centrum f\u00f6r idrottsutveckling","isPartOf":{"@id":"https:\/\/blogg.lnu.se\/centrumforidrottsutveckling\/#website"},"datePublished":"2020-11-10T12:43:40+00:00","dateModified":"2020-11-17T07:50:50+00:00","author":{"@id":"https:\/\/blogg.lnu.se\/centrumforidrottsutveckling\/#\/schema\/person\/05a569a5607fe4d7b94213f8276bf222"},"inLanguage":"sv-SE","potentialAction":[{"@type":"ReadAction","target":["https:\/\/blogg.lnu.se\/centrumforidrottsutveckling\/?p=394"]}]},{"@type":"WebSite","@id":"https:\/\/blogg.lnu.se\/centrumforidrottsutveckling\/#website","url":"https:\/\/blogg.lnu.se\/centrumforidrottsutveckling\/","name":"Centrum f\u00f6r idrottsutveckling","description":"V\u00e4lkommen till v\u00e5r nyhetssida - en plats f\u00f6r intressanta reportage och spridning av aktuell kunskap","potentialAction":[{"@type":"SearchAction","target":{"@type":"EntryPoint","urlTemplate":"https:\/\/blogg.lnu.se\/centrumforidrottsutveckling\/?s={search_term_string}"},"query-input":"required name=search_term_string"}],"inLanguage":"sv-SE"},{"@type":"Person","@id":"https:\/\/blogg.lnu.se\/centrumforidrottsutveckling\/#\/schema\/person\/05a569a5607fe4d7b94213f8276bf222","name":"David Fax\u00e5","description":"David Fax\u00e5 arbetar som idrottskonsulent p\u00e5 RF-SISU Sm\u00e5land och i n\u00e4ra samverkan med Linn\u00e9universitetet i Centrum f\u00f6r Idrottsutveckling","url":"https:\/\/blogg.lnu.se\/centrumforidrottsutveckling\/?author=5969"}]}},"_links":{"self":[{"href":"https:\/\/blogg.lnu.se\/centrumforidrottsutveckling\/index.php?rest_route=\/wp\/v2\/posts\/394","targetHints":{"allow":["GET"]}}],"collection":[{"href":"https:\/\/blogg.lnu.se\/centrumforidrottsutveckling\/index.php?rest_route=\/wp\/v2\/posts"}],"about":[{"href":"https:\/\/blogg.lnu.se\/centrumforidrottsutveckling\/index.php?rest_route=\/wp\/v2\/types\/post"}],"author":[{"embeddable":true,"href":"https:\/\/blogg.lnu.se\/centrumforidrottsutveckling\/index.php?rest_route=\/wp\/v2\/users\/5969"}],"replies":[{"embeddable":true,"href":"https:\/\/blogg.lnu.se\/centrumforidrottsutveckling\/index.php?rest_route=%2Fwp%2Fv2%2Fcomments&post=394"}],"version-history":[{"count":6,"href":"https:\/\/blogg.lnu.se\/centrumforidrottsutveckling\/index.php?rest_route=\/wp\/v2\/posts\/394\/revisions"}],"predecessor-version":[{"id":412,"href":"https:\/\/blogg.lnu.se\/centrumforidrottsutveckling\/index.php?rest_route=\/wp\/v2\/posts\/394\/revisions\/412"}],"wp:attachment":[{"href":"https:\/\/blogg.lnu.se\/centrumforidrottsutveckling\/index.php?rest_route=%2Fwp%2Fv2%2Fmedia&parent=394"}],"wp:term":[{"taxonomy":"category","embeddable":true,"href":"https:\/\/blogg.lnu.se\/centrumforidrottsutveckling\/index.php?rest_route=%2Fwp%2Fv2%2Fcategories&post=394"},{"taxonomy":"post_tag","embeddable":true,"href":"https:\/\/blogg.lnu.se\/centrumforidrottsutveckling\/index.php?rest_route=%2Fwp%2Fv2%2Ftags&post=394"}],"curies":[{"name":"wp","href":"https:\/\/api.w.org\/{rel}","templated":true}]}}