{"id":545,"date":"2021-05-16T19:05:17","date_gmt":"2021-05-16T18:05:17","guid":{"rendered":"https:\/\/blogg.lnu.se\/centrumforidrottsutveckling\/?p=545"},"modified":"2021-05-16T19:39:15","modified_gmt":"2021-05-16T18:39:15","slug":"idrottsledare-for-barn-och-ungdomar-med-funktionsnedsattningar-som-inte-syns","status":"publish","type":"post","link":"https:\/\/blogg.lnu.se\/centrumforidrottsutveckling\/?p=545","title":{"rendered":"Barn och ungdomar med funktionsneds\u00e4ttningar som inte syns"},"content":{"rendered":"<p>Maj m\u00e5nads med Centrum f\u00f6r idrottsutveckling handlar om idrott f\u00f6r barn och ungdomar med funktionsneds\u00e4ttningar vilka inte syns rent fysiskt och som ben\u00e4mns neuropsykiatriska funktionsneds\u00e4ttningar (f\u00f6rkortas NPF). Vi fokuserar p\u00e5 hur du som idrottsledare p\u00e5 ett bra s\u00e4tt kan leda och bem\u00f6ta denna m\u00e5lgrupp.<\/p>\n<p>Inledningsvis ges en beskrivning om vilka diagnoser som NPF inkluderar och vilka uttryck som de tar. D\u00e4refter ges m\u00f6jligheter att f\u00e5 ta del av en f\u00f6r\u00e4lders, och tillika tr\u00e4nares, erfarenheter av hur idrotten m\u00f6ter barn och ungdomar med NPF, och vad som \u00e4r angel\u00e4get att k\u00e4nna till.<\/p>\n<h2>V\u00e4rt att veta om neuropsykiatriska funktionsneds\u00e4ttningar (NPF)<\/h2>\n<p>H\u00e4r delges information om olika delar som kopplas till NPF. Genom att klicka p\u00e5 cirklarna nedan f\u00e5r du svar p\u00e5 fr\u00e5gorna!<\/p>\n<p><a href=\"https:\/\/blogg.lnu.se\/centrumforidrottsutveckling\/?p=554\"><img loading=\"lazy\" decoding=\"async\" class=\"alignnone wp-image-546\" src=\"https:\/\/blogg.lnu.se\/centrumforidrottsutveckling\/files\/2021\/05\/Ring1.png\" alt=\"\" width=\"150\" height=\"150\" srcset=\"https:\/\/blogg.lnu.se\/centrumforidrottsutveckling\/wp-content\/blogs.dir\/213\/files\/sites\/213\/2021\/05\/Ring1.png 432w, https:\/\/blogg.lnu.se\/centrumforidrottsutveckling\/wp-content\/blogs.dir\/213\/files\/sites\/213\/2021\/05\/Ring1-300x300.png 300w, https:\/\/blogg.lnu.se\/centrumforidrottsutveckling\/wp-content\/blogs.dir\/213\/files\/sites\/213\/2021\/05\/Ring1-150x150.png 150w\" sizes=\"auto, (max-width: 150px) 100vw, 150px\" \/><\/a> <a href=\"https:\/\/blogg.lnu.se\/centrumforidrottsutveckling\/?p=558\"><img loading=\"lazy\" decoding=\"async\" class=\"alignnone wp-image-547\" src=\"https:\/\/blogg.lnu.se\/centrumforidrottsutveckling\/files\/2021\/05\/Ring2.png\" alt=\"\" width=\"150\" height=\"150\" srcset=\"https:\/\/blogg.lnu.se\/centrumforidrottsutveckling\/wp-content\/blogs.dir\/213\/files\/sites\/213\/2021\/05\/Ring2.png 432w, https:\/\/blogg.lnu.se\/centrumforidrottsutveckling\/wp-content\/blogs.dir\/213\/files\/sites\/213\/2021\/05\/Ring2-300x300.png 300w, https:\/\/blogg.lnu.se\/centrumforidrottsutveckling\/wp-content\/blogs.dir\/213\/files\/sites\/213\/2021\/05\/Ring2-150x150.png 150w\" sizes=\"auto, (max-width: 150px) 100vw, 150px\" \/><\/a> <a href=\"https:\/\/blogg.lnu.se\/centrumforidrottsutveckling\/?p=561\"><img loading=\"lazy\" decoding=\"async\" class=\"alignnone wp-image-548\" src=\"https:\/\/blogg.lnu.se\/centrumforidrottsutveckling\/files\/2021\/05\/Ring3.png\" alt=\"\" width=\"150\" height=\"150\" srcset=\"https:\/\/blogg.lnu.se\/centrumforidrottsutveckling\/wp-content\/blogs.dir\/213\/files\/sites\/213\/2021\/05\/Ring3.png 432w, https:\/\/blogg.lnu.se\/centrumforidrottsutveckling\/wp-content\/blogs.dir\/213\/files\/sites\/213\/2021\/05\/Ring3-300x300.png 300w, https:\/\/blogg.lnu.se\/centrumforidrottsutveckling\/wp-content\/blogs.dir\/213\/files\/sites\/213\/2021\/05\/Ring3-150x150.png 150w\" sizes=\"auto, (max-width: 150px) 100vw, 150px\" \/><\/a><\/p>\n<p>&nbsp;<\/p>\n<h2>Referenser<\/h2>\n<ul>\n<li>Gillberg, C. (2018). <em>Essence: om autism, adhd och andra utvecklingsavvikelser. <\/em>Stockholm: Natur &amp; Kultur.<\/li>\n<li>Riksf\u00f6rbundet Attention (2017). <em>\u201dF\u00e4rre krav och st\u00f6rre tydlighet\u201d. <\/em>(Rapport) <a href=\"http:\/\/www.attention-riks.se\">www.attention-riks.se<\/a> [h\u00e4mtad 2021-05-02]<\/li>\n<li>Riksf\u00f6rbundet Attention (2017). <em>\u201dEn fungerande idrott f\u00f6r alla\u201d. <\/em>(Inspirationsskrift) <a href=\"https:\/\/attention.se\/wp-content\/uploads\/2021\/04\/idrottsskrift-slutversion.pdf\">https:\/\/attention.se\/wp-content\/uploads\/2021\/04\/idrottsskrift-slutversion.pdf<\/a> [h\u00e4mtad 2021-05-02]<\/li>\n<li>Riksf\u00f6rbundet Attention (2021). <em>NPF-diagnoser.<\/em> <a href=\"https:\/\/attention.se\/npf\/\">https:\/\/attention.se\/npf\/<\/a> [h\u00e4mtad 2021-05-01]<\/li>\n<li>SISU Idrottsutbildarna (2021). <em>Inkluderande ledarskap f\u00f6r att m\u00f6ta idrottare med NPF.<\/em> <a href=\"https:\/\/utbildning.sisuidrottsbocker.se\/sisu\/generell\/ledarskap\/att-skapa-ett-inkluderande-ledarskap-for-att-mota-idrottare-med-npf-diagnos\/\">https:\/\/utbildning.sisuidrottsbocker.se\/sisu\/generell\/ledarskap\/att-skapa-ett-inkluderande-ledarskap-for-att-mota-idrottare-med-npf-diagnos\/<\/a> [h\u00e4mtad 2021-05-01]<\/li>\n<li>Specialpedagogiska skolmyndigheten (2021). <em>Neuropsykiatriska funktionsneds\u00e4ttningar (NPF).<\/em><br \/>\n<a href=\"https:\/\/www.spsm.se\/funktionsnedsattningar\/neuropsykiatriska-funktionsnedsattningar-npf\/\">https:\/\/www.spsm.se\/funktionsnedsattningar\/neuropsykiatriska-funktionsnedsattningar-npf\/<\/a> [h\u00e4mtad 2021-04-28]<\/li>\n<\/ul>\n","protected":false},"excerpt":{"rendered":"<p>Maj m\u00e5nads med Centrum f\u00f6r idrottsutveckling handlar om idrott f\u00f6r barn och ungdomar med funktionsneds\u00e4ttningar vilka inte syns rent fysiskt och som ben\u00e4mns neuropsykiatriska funktionsneds\u00e4ttningar (f\u00f6rkortas NPF). Vi fokuserar p\u00e5 hur du som idrottsledare p\u00e5 ett bra s\u00e4tt kan leda och bem\u00f6ta denna m\u00e5lgrupp. Inledningsvis ges en beskrivning om vilka diagnoser som NPF inkluderar och [&hellip;]<\/p>\n","protected":false},"author":17879,"featured_media":0,"comment_status":"open","ping_status":"open","sticky":false,"template":"","format":"standard","meta":{"footnotes":""},"categories":[16338],"tags":[],"class_list":["post-545","post","type-post","status-publish","format-standard","hentry","category-ledarskap"],"acf":[],"yoast_head":"<!-- This site is optimized with the Yoast SEO plugin v21.7 - https:\/\/yoast.com\/wordpress\/plugins\/seo\/ -->\r\n<title>Barn och ungdomar med funktionsneds\u00e4ttningar som inte syns - Centrum f\u00f6r idrottsutveckling<\/title>\r\n<meta name=\"robots\" content=\"index, follow, max-snippet:-1, max-image-preview:large, max-video-preview:-1\" \/>\r\n<link rel=\"canonical\" href=\"https:\/\/blogg.lnu.se\/centrumforidrottsutveckling\/?p=545\" \/>\r\n<meta property=\"og:locale\" content=\"sv_SE\" \/>\r\n<meta property=\"og:type\" content=\"article\" \/>\r\n<meta property=\"og:title\" content=\"Barn och ungdomar med funktionsneds\u00e4ttningar som inte syns - Centrum f\u00f6r idrottsutveckling\" \/>\r\n<meta property=\"og:description\" content=\"Maj m\u00e5nads med Centrum f\u00f6r idrottsutveckling handlar om idrott f\u00f6r barn och ungdomar med funktionsneds\u00e4ttningar vilka inte syns rent fysiskt och som ben\u00e4mns neuropsykiatriska funktionsneds\u00e4ttningar (f\u00f6rkortas NPF). Vi fokuserar p\u00e5 hur du som idrottsledare p\u00e5 ett bra s\u00e4tt kan leda och bem\u00f6ta denna m\u00e5lgrupp. Inledningsvis ges en beskrivning om vilka diagnoser som NPF inkluderar och [&hellip;]\" \/>\r\n<meta property=\"og:url\" content=\"https:\/\/blogg.lnu.se\/centrumforidrottsutveckling\/?p=545\" \/>\r\n<meta property=\"og:site_name\" content=\"Centrum f\u00f6r idrottsutveckling\" \/>\r\n<meta property=\"article:published_time\" content=\"2021-05-16T18:05:17+00:00\" \/>\r\n<meta property=\"article:modified_time\" content=\"2021-05-16T18:39:15+00:00\" \/>\r\n<meta property=\"og:image\" content=\"https:\/\/blogg.lnu.se\/centrumforidrottsutveckling\/files\/2021\/05\/Ring1.png\" \/>\r\n<meta name=\"author\" content=\"Mats Glemne\" \/>\r\n<meta name=\"twitter:card\" content=\"summary_large_image\" \/>\r\n<meta name=\"twitter:label1\" content=\"Skriven av\" \/>\n\t<meta name=\"twitter:data1\" content=\"Mats Glemne\" \/>\n\t<meta name=\"twitter:label2\" content=\"Ber\u00e4knad l\u00e4stid\" \/>\n\t<meta name=\"twitter:data2\" content=\"1 minut\" \/>\r\n<script type=\"application\/ld+json\" class=\"yoast-schema-graph\">{\"@context\":\"https:\/\/schema.org\",\"@graph\":[{\"@type\":\"WebPage\",\"@id\":\"https:\/\/blogg.lnu.se\/centrumforidrottsutveckling\/?p=545\",\"url\":\"https:\/\/blogg.lnu.se\/centrumforidrottsutveckling\/?p=545\",\"name\":\"Barn och ungdomar med funktionsneds\u00e4ttningar som inte syns - Centrum f\u00f6r idrottsutveckling\",\"isPartOf\":{\"@id\":\"https:\/\/blogg.lnu.se\/centrumforidrottsutveckling\/#website\"},\"datePublished\":\"2021-05-16T18:05:17+00:00\",\"dateModified\":\"2021-05-16T18:39:15+00:00\",\"author\":{\"@id\":\"https:\/\/blogg.lnu.se\/centrumforidrottsutveckling\/#\/schema\/person\/b86d714c2ae55a2858c32e65b660ea95\"},\"inLanguage\":\"sv-SE\",\"potentialAction\":[{\"@type\":\"ReadAction\",\"target\":[\"https:\/\/blogg.lnu.se\/centrumforidrottsutveckling\/?p=545\"]}]},{\"@type\":\"WebSite\",\"@id\":\"https:\/\/blogg.lnu.se\/centrumforidrottsutveckling\/#website\",\"url\":\"https:\/\/blogg.lnu.se\/centrumforidrottsutveckling\/\",\"name\":\"Centrum f\u00f6r idrottsutveckling\",\"description\":\"V\u00e4lkommen till v\u00e5r nyhetssida - en plats f\u00f6r intressanta reportage och spridning av aktuell kunskap\",\"potentialAction\":[{\"@type\":\"SearchAction\",\"target\":{\"@type\":\"EntryPoint\",\"urlTemplate\":\"https:\/\/blogg.lnu.se\/centrumforidrottsutveckling\/?s={search_term_string}\"},\"query-input\":\"required name=search_term_string\"}],\"inLanguage\":\"sv-SE\"},{\"@type\":\"Person\",\"@id\":\"https:\/\/blogg.lnu.se\/centrumforidrottsutveckling\/#\/schema\/person\/b86d714c2ae55a2858c32e65b660ea95\",\"name\":\"Mats Glemne\",\"description\":\"Min tj\u00e4nst \u00e4r delad mellan utbildning, forskning och ansvarsuppdrag vid s\u00e5v\u00e4l Inst. f\u00f6r idrottsvetenskap som andra institutioner vid Fakulteten f\u00f6r samh\u00e4llsvetenskap.\",\"sameAs\":[\"https:\/\/lnu.se\/personal\/mats.glemne\/\"],\"url\":\"https:\/\/blogg.lnu.se\/centrumforidrottsutveckling\/?author=17879\"}]}<\/script>\r\n<!-- \/ Yoast SEO plugin. -->","yoast_head_json":{"title":"Barn och ungdomar med funktionsneds\u00e4ttningar som inte syns - Centrum f\u00f6r idrottsutveckling","robots":{"index":"index","follow":"follow","max-snippet":"max-snippet:-1","max-image-preview":"max-image-preview:large","max-video-preview":"max-video-preview:-1"},"canonical":"https:\/\/blogg.lnu.se\/centrumforidrottsutveckling\/?p=545","og_locale":"sv_SE","og_type":"article","og_title":"Barn och ungdomar med funktionsneds\u00e4ttningar som inte syns - Centrum f\u00f6r idrottsutveckling","og_description":"Maj m\u00e5nads med Centrum f\u00f6r idrottsutveckling handlar om idrott f\u00f6r barn och ungdomar med funktionsneds\u00e4ttningar vilka inte syns rent fysiskt och som ben\u00e4mns neuropsykiatriska funktionsneds\u00e4ttningar (f\u00f6rkortas NPF). Vi fokuserar p\u00e5 hur du som idrottsledare p\u00e5 ett bra s\u00e4tt kan leda och bem\u00f6ta denna m\u00e5lgrupp. Inledningsvis ges en beskrivning om vilka diagnoser som NPF inkluderar och [&hellip;]","og_url":"https:\/\/blogg.lnu.se\/centrumforidrottsutveckling\/?p=545","og_site_name":"Centrum f\u00f6r idrottsutveckling","article_published_time":"2021-05-16T18:05:17+00:00","article_modified_time":"2021-05-16T18:39:15+00:00","og_image":[{"url":"https:\/\/blogg.lnu.se\/centrumforidrottsutveckling\/files\/2021\/05\/Ring1.png"}],"author":"Mats Glemne","twitter_card":"summary_large_image","twitter_misc":{"Skriven av":"Mats Glemne","Ber\u00e4knad l\u00e4stid":"1 minut"},"schema":{"@context":"https:\/\/schema.org","@graph":[{"@type":"WebPage","@id":"https:\/\/blogg.lnu.se\/centrumforidrottsutveckling\/?p=545","url":"https:\/\/blogg.lnu.se\/centrumforidrottsutveckling\/?p=545","name":"Barn och ungdomar med funktionsneds\u00e4ttningar som inte syns - Centrum f\u00f6r idrottsutveckling","isPartOf":{"@id":"https:\/\/blogg.lnu.se\/centrumforidrottsutveckling\/#website"},"datePublished":"2021-05-16T18:05:17+00:00","dateModified":"2021-05-16T18:39:15+00:00","author":{"@id":"https:\/\/blogg.lnu.se\/centrumforidrottsutveckling\/#\/schema\/person\/b86d714c2ae55a2858c32e65b660ea95"},"inLanguage":"sv-SE","potentialAction":[{"@type":"ReadAction","target":["https:\/\/blogg.lnu.se\/centrumforidrottsutveckling\/?p=545"]}]},{"@type":"WebSite","@id":"https:\/\/blogg.lnu.se\/centrumforidrottsutveckling\/#website","url":"https:\/\/blogg.lnu.se\/centrumforidrottsutveckling\/","name":"Centrum f\u00f6r idrottsutveckling","description":"V\u00e4lkommen till v\u00e5r nyhetssida - en plats f\u00f6r intressanta reportage och spridning av aktuell kunskap","potentialAction":[{"@type":"SearchAction","target":{"@type":"EntryPoint","urlTemplate":"https:\/\/blogg.lnu.se\/centrumforidrottsutveckling\/?s={search_term_string}"},"query-input":"required name=search_term_string"}],"inLanguage":"sv-SE"},{"@type":"Person","@id":"https:\/\/blogg.lnu.se\/centrumforidrottsutveckling\/#\/schema\/person\/b86d714c2ae55a2858c32e65b660ea95","name":"Mats Glemne","description":"Min tj\u00e4nst \u00e4r delad mellan utbildning, forskning och ansvarsuppdrag vid s\u00e5v\u00e4l Inst. f\u00f6r idrottsvetenskap som andra institutioner vid Fakulteten f\u00f6r samh\u00e4llsvetenskap.","sameAs":["https:\/\/lnu.se\/personal\/mats.glemne\/"],"url":"https:\/\/blogg.lnu.se\/centrumforidrottsutveckling\/?author=17879"}]}},"_links":{"self":[{"href":"https:\/\/blogg.lnu.se\/centrumforidrottsutveckling\/index.php?rest_route=\/wp\/v2\/posts\/545","targetHints":{"allow":["GET"]}}],"collection":[{"href":"https:\/\/blogg.lnu.se\/centrumforidrottsutveckling\/index.php?rest_route=\/wp\/v2\/posts"}],"about":[{"href":"https:\/\/blogg.lnu.se\/centrumforidrottsutveckling\/index.php?rest_route=\/wp\/v2\/types\/post"}],"author":[{"embeddable":true,"href":"https:\/\/blogg.lnu.se\/centrumforidrottsutveckling\/index.php?rest_route=\/wp\/v2\/users\/17879"}],"replies":[{"embeddable":true,"href":"https:\/\/blogg.lnu.se\/centrumforidrottsutveckling\/index.php?rest_route=%2Fwp%2Fv2%2Fcomments&post=545"}],"version-history":[{"count":14,"href":"https:\/\/blogg.lnu.se\/centrumforidrottsutveckling\/index.php?rest_route=\/wp\/v2\/posts\/545\/revisions"}],"predecessor-version":[{"id":574,"href":"https:\/\/blogg.lnu.se\/centrumforidrottsutveckling\/index.php?rest_route=\/wp\/v2\/posts\/545\/revisions\/574"}],"wp:attachment":[{"href":"https:\/\/blogg.lnu.se\/centrumforidrottsutveckling\/index.php?rest_route=%2Fwp%2Fv2%2Fmedia&parent=545"}],"wp:term":[{"taxonomy":"category","embeddable":true,"href":"https:\/\/blogg.lnu.se\/centrumforidrottsutveckling\/index.php?rest_route=%2Fwp%2Fv2%2Fcategories&post=545"},{"taxonomy":"post_tag","embeddable":true,"href":"https:\/\/blogg.lnu.se\/centrumforidrottsutveckling\/index.php?rest_route=%2Fwp%2Fv2%2Ftags&post=545"}],"curies":[{"name":"wp","href":"https:\/\/api.w.org\/{rel}","templated":true}]}}