{"id":554,"date":"2005-05-16T18:34:58","date_gmt":"2005-05-16T17:34:58","guid":{"rendered":"https:\/\/blogg.lnu.se\/centrumforidrottsutveckling\/?p=554"},"modified":"2021-05-17T19:44:22","modified_gmt":"2021-05-17T18:44:22","slug":"vad-star-neuropsykiatriska-funktionsnedsattningar-for","status":"publish","type":"post","link":"https:\/\/blogg.lnu.se\/centrumforidrottsutveckling\/?p=554","title":{"rendered":"Vad st\u00e5r neuropsykiatriska funktionsneds\u00e4ttningar f\u00f6r?"},"content":{"rendered":"<p>Neuropsykiatriska funktionsneds\u00e4ttningar (NPF) \u00e4r diagnoser som st\u00e4lls utifr\u00e5n personers beteende, inte med utg\u00e5ngspunkt i medicinska orsaker. NPF syns inte utanp\u00e5, men p\u00e5verkar personers beteende. Neds\u00e4ttningarna kan inneb\u00e4ra sv\u00e5righeter med inl\u00e4rning, motorik, impulskontroll och aktivitetsniv\u00e5. NPF har en biologisk bakgrund och det finns en \u00e4rftlig faktor. Uppv\u00e4xtmilj\u00f6n kan <strong>inte<\/strong> ge en funktionsneds\u00e4ttning men kan p\u00e5verka symtomen, dvs. en gynnsam milj\u00f6 i s\u00e5v\u00e4l hem och skola som i idrottslig verksamhet kan mildra de yttringrar som neds\u00e4ttningarna har.<\/p>\n<p>Det finns allts\u00e5 olika NPF-diagnoser, och en person kan ha en av dessa eller flera diagnoser samtidigt. N\u00e5gra av de mest f\u00f6rekommande \u00e4r ADHD, Autism\/Aspergers syndrom, Tourettes syndrom och spr\u00e5kst\u00f6rningar.<\/p>\n","protected":false},"excerpt":{"rendered":"<p>Neuropsykiatriska funktionsneds\u00e4ttningar (NPF) \u00e4r diagnoser som st\u00e4lls utifr\u00e5n personers beteende, inte med utg\u00e5ngspunkt i medicinska orsaker. NPF syns inte utanp\u00e5, men p\u00e5verkar personers beteende. Neds\u00e4ttningarna kan inneb\u00e4ra sv\u00e5righeter med inl\u00e4rning, motorik, impulskontroll och aktivitetsniv\u00e5. NPF har en biologisk bakgrund och det finns en \u00e4rftlig faktor. Uppv\u00e4xtmilj\u00f6n kan inte ge en funktionsneds\u00e4ttning men kan p\u00e5verka symtomen, [&hellip;]<\/p>\n","protected":false},"author":17879,"featured_media":0,"comment_status":"open","ping_status":"open","sticky":false,"template":"","format":"standard","meta":{"footnotes":""},"categories":[32441],"tags":[],"class_list":["post-554","post","type-post","status-publish","format-standard","hentry","category-motivation"],"acf":[],"yoast_head":"<!-- This site is optimized with the Yoast SEO plugin v21.7 - https:\/\/yoast.com\/wordpress\/plugins\/seo\/ -->\r\n<title>Vad st\u00e5r neuropsykiatriska funktionsneds\u00e4ttningar f\u00f6r? - Centrum f\u00f6r idrottsutveckling<\/title>\r\n<meta name=\"robots\" content=\"index, follow, max-snippet:-1, max-image-preview:large, max-video-preview:-1\" \/>\r\n<link rel=\"canonical\" href=\"https:\/\/blogg.lnu.se\/centrumforidrottsutveckling\/?p=554\" \/>\r\n<meta property=\"og:locale\" content=\"sv_SE\" \/>\r\n<meta property=\"og:type\" content=\"article\" \/>\r\n<meta property=\"og:title\" content=\"Vad st\u00e5r neuropsykiatriska funktionsneds\u00e4ttningar f\u00f6r? - Centrum f\u00f6r idrottsutveckling\" \/>\r\n<meta property=\"og:description\" content=\"Neuropsykiatriska funktionsneds\u00e4ttningar (NPF) \u00e4r diagnoser som st\u00e4lls utifr\u00e5n personers beteende, inte med utg\u00e5ngspunkt i medicinska orsaker. NPF syns inte utanp\u00e5, men p\u00e5verkar personers beteende. Neds\u00e4ttningarna kan inneb\u00e4ra sv\u00e5righeter med inl\u00e4rning, motorik, impulskontroll och aktivitetsniv\u00e5. NPF har en biologisk bakgrund och det finns en \u00e4rftlig faktor. Uppv\u00e4xtmilj\u00f6n kan inte ge en funktionsneds\u00e4ttning men kan p\u00e5verka symtomen, [&hellip;]\" \/>\r\n<meta property=\"og:url\" content=\"https:\/\/blogg.lnu.se\/centrumforidrottsutveckling\/?p=554\" \/>\r\n<meta property=\"og:site_name\" content=\"Centrum f\u00f6r idrottsutveckling\" \/>\r\n<meta property=\"article:published_time\" content=\"2005-05-16T17:34:58+00:00\" \/>\r\n<meta property=\"article:modified_time\" content=\"2021-05-17T18:44:22+00:00\" \/>\r\n<meta name=\"author\" content=\"Mats Glemne\" \/>\r\n<meta name=\"twitter:card\" content=\"summary_large_image\" \/>\r\n<meta name=\"twitter:label1\" content=\"Skriven av\" \/>\n\t<meta name=\"twitter:data1\" content=\"Mats Glemne\" \/>\n\t<meta name=\"twitter:label2\" content=\"Ber\u00e4knad l\u00e4stid\" \/>\n\t<meta name=\"twitter:data2\" content=\"1 minut\" \/>\r\n<script type=\"application\/ld+json\" class=\"yoast-schema-graph\">{\"@context\":\"https:\/\/schema.org\",\"@graph\":[{\"@type\":\"WebPage\",\"@id\":\"https:\/\/blogg.lnu.se\/centrumforidrottsutveckling\/?p=554\",\"url\":\"https:\/\/blogg.lnu.se\/centrumforidrottsutveckling\/?p=554\",\"name\":\"Vad st\u00e5r neuropsykiatriska funktionsneds\u00e4ttningar f\u00f6r? - Centrum f\u00f6r idrottsutveckling\",\"isPartOf\":{\"@id\":\"https:\/\/blogg.lnu.se\/centrumforidrottsutveckling\/#website\"},\"datePublished\":\"2005-05-16T17:34:58+00:00\",\"dateModified\":\"2021-05-17T18:44:22+00:00\",\"author\":{\"@id\":\"https:\/\/blogg.lnu.se\/centrumforidrottsutveckling\/#\/schema\/person\/b86d714c2ae55a2858c32e65b660ea95\"},\"inLanguage\":\"sv-SE\",\"potentialAction\":[{\"@type\":\"ReadAction\",\"target\":[\"https:\/\/blogg.lnu.se\/centrumforidrottsutveckling\/?p=554\"]}]},{\"@type\":\"WebSite\",\"@id\":\"https:\/\/blogg.lnu.se\/centrumforidrottsutveckling\/#website\",\"url\":\"https:\/\/blogg.lnu.se\/centrumforidrottsutveckling\/\",\"name\":\"Centrum f\u00f6r idrottsutveckling\",\"description\":\"V\u00e4lkommen till v\u00e5r nyhetssida - en plats f\u00f6r intressanta reportage och spridning av aktuell kunskap\",\"potentialAction\":[{\"@type\":\"SearchAction\",\"target\":{\"@type\":\"EntryPoint\",\"urlTemplate\":\"https:\/\/blogg.lnu.se\/centrumforidrottsutveckling\/?s={search_term_string}\"},\"query-input\":\"required name=search_term_string\"}],\"inLanguage\":\"sv-SE\"},{\"@type\":\"Person\",\"@id\":\"https:\/\/blogg.lnu.se\/centrumforidrottsutveckling\/#\/schema\/person\/b86d714c2ae55a2858c32e65b660ea95\",\"name\":\"Mats Glemne\",\"description\":\"Min tj\u00e4nst \u00e4r delad mellan utbildning, forskning och ansvarsuppdrag vid s\u00e5v\u00e4l Inst. f\u00f6r idrottsvetenskap som andra institutioner vid Fakulteten f\u00f6r samh\u00e4llsvetenskap.\",\"sameAs\":[\"https:\/\/lnu.se\/personal\/mats.glemne\/\"],\"url\":\"https:\/\/blogg.lnu.se\/centrumforidrottsutveckling\/?author=17879\"}]}<\/script>\r\n<!-- \/ Yoast SEO plugin. -->","yoast_head_json":{"title":"Vad st\u00e5r neuropsykiatriska funktionsneds\u00e4ttningar f\u00f6r? - Centrum f\u00f6r idrottsutveckling","robots":{"index":"index","follow":"follow","max-snippet":"max-snippet:-1","max-image-preview":"max-image-preview:large","max-video-preview":"max-video-preview:-1"},"canonical":"https:\/\/blogg.lnu.se\/centrumforidrottsutveckling\/?p=554","og_locale":"sv_SE","og_type":"article","og_title":"Vad st\u00e5r neuropsykiatriska funktionsneds\u00e4ttningar f\u00f6r? - Centrum f\u00f6r idrottsutveckling","og_description":"Neuropsykiatriska funktionsneds\u00e4ttningar (NPF) \u00e4r diagnoser som st\u00e4lls utifr\u00e5n personers beteende, inte med utg\u00e5ngspunkt i medicinska orsaker. NPF syns inte utanp\u00e5, men p\u00e5verkar personers beteende. Neds\u00e4ttningarna kan inneb\u00e4ra sv\u00e5righeter med inl\u00e4rning, motorik, impulskontroll och aktivitetsniv\u00e5. NPF har en biologisk bakgrund och det finns en \u00e4rftlig faktor. Uppv\u00e4xtmilj\u00f6n kan inte ge en funktionsneds\u00e4ttning men kan p\u00e5verka symtomen, [&hellip;]","og_url":"https:\/\/blogg.lnu.se\/centrumforidrottsutveckling\/?p=554","og_site_name":"Centrum f\u00f6r idrottsutveckling","article_published_time":"2005-05-16T17:34:58+00:00","article_modified_time":"2021-05-17T18:44:22+00:00","author":"Mats Glemne","twitter_card":"summary_large_image","twitter_misc":{"Skriven av":"Mats Glemne","Ber\u00e4knad l\u00e4stid":"1 minut"},"schema":{"@context":"https:\/\/schema.org","@graph":[{"@type":"WebPage","@id":"https:\/\/blogg.lnu.se\/centrumforidrottsutveckling\/?p=554","url":"https:\/\/blogg.lnu.se\/centrumforidrottsutveckling\/?p=554","name":"Vad st\u00e5r neuropsykiatriska funktionsneds\u00e4ttningar f\u00f6r? - Centrum f\u00f6r idrottsutveckling","isPartOf":{"@id":"https:\/\/blogg.lnu.se\/centrumforidrottsutveckling\/#website"},"datePublished":"2005-05-16T17:34:58+00:00","dateModified":"2021-05-17T18:44:22+00:00","author":{"@id":"https:\/\/blogg.lnu.se\/centrumforidrottsutveckling\/#\/schema\/person\/b86d714c2ae55a2858c32e65b660ea95"},"inLanguage":"sv-SE","potentialAction":[{"@type":"ReadAction","target":["https:\/\/blogg.lnu.se\/centrumforidrottsutveckling\/?p=554"]}]},{"@type":"WebSite","@id":"https:\/\/blogg.lnu.se\/centrumforidrottsutveckling\/#website","url":"https:\/\/blogg.lnu.se\/centrumforidrottsutveckling\/","name":"Centrum f\u00f6r idrottsutveckling","description":"V\u00e4lkommen till v\u00e5r nyhetssida - en plats f\u00f6r intressanta reportage och spridning av aktuell kunskap","potentialAction":[{"@type":"SearchAction","target":{"@type":"EntryPoint","urlTemplate":"https:\/\/blogg.lnu.se\/centrumforidrottsutveckling\/?s={search_term_string}"},"query-input":"required name=search_term_string"}],"inLanguage":"sv-SE"},{"@type":"Person","@id":"https:\/\/blogg.lnu.se\/centrumforidrottsutveckling\/#\/schema\/person\/b86d714c2ae55a2858c32e65b660ea95","name":"Mats Glemne","description":"Min tj\u00e4nst \u00e4r delad mellan utbildning, forskning och ansvarsuppdrag vid s\u00e5v\u00e4l Inst. f\u00f6r idrottsvetenskap som andra institutioner vid Fakulteten f\u00f6r samh\u00e4llsvetenskap.","sameAs":["https:\/\/lnu.se\/personal\/mats.glemne\/"],"url":"https:\/\/blogg.lnu.se\/centrumforidrottsutveckling\/?author=17879"}]}},"_links":{"self":[{"href":"https:\/\/blogg.lnu.se\/centrumforidrottsutveckling\/index.php?rest_route=\/wp\/v2\/posts\/554","targetHints":{"allow":["GET"]}}],"collection":[{"href":"https:\/\/blogg.lnu.se\/centrumforidrottsutveckling\/index.php?rest_route=\/wp\/v2\/posts"}],"about":[{"href":"https:\/\/blogg.lnu.se\/centrumforidrottsutveckling\/index.php?rest_route=\/wp\/v2\/types\/post"}],"author":[{"embeddable":true,"href":"https:\/\/blogg.lnu.se\/centrumforidrottsutveckling\/index.php?rest_route=\/wp\/v2\/users\/17879"}],"replies":[{"embeddable":true,"href":"https:\/\/blogg.lnu.se\/centrumforidrottsutveckling\/index.php?rest_route=%2Fwp%2Fv2%2Fcomments&post=554"}],"version-history":[{"count":1,"href":"https:\/\/blogg.lnu.se\/centrumforidrottsutveckling\/index.php?rest_route=\/wp\/v2\/posts\/554\/revisions"}],"predecessor-version":[{"id":555,"href":"https:\/\/blogg.lnu.se\/centrumforidrottsutveckling\/index.php?rest_route=\/wp\/v2\/posts\/554\/revisions\/555"}],"wp:attachment":[{"href":"https:\/\/blogg.lnu.se\/centrumforidrottsutveckling\/index.php?rest_route=%2Fwp%2Fv2%2Fmedia&parent=554"}],"wp:term":[{"taxonomy":"category","embeddable":true,"href":"https:\/\/blogg.lnu.se\/centrumforidrottsutveckling\/index.php?rest_route=%2Fwp%2Fv2%2Fcategories&post=554"},{"taxonomy":"post_tag","embeddable":true,"href":"https:\/\/blogg.lnu.se\/centrumforidrottsutveckling\/index.php?rest_route=%2Fwp%2Fv2%2Ftags&post=554"}],"curies":[{"name":"wp","href":"https:\/\/api.w.org\/{rel}","templated":true}]}}