{"id":558,"date":"2005-05-16T18:36:50","date_gmt":"2005-05-16T17:36:50","guid":{"rendered":"https:\/\/blogg.lnu.se\/centrumforidrottsutveckling\/?p=558"},"modified":"2021-05-17T19:44:30","modified_gmt":"2021-05-17T18:44:30","slug":"hur-vanligt-ar-neuropsykiatriska-funktionsnedsattningar","status":"publish","type":"post","link":"https:\/\/blogg.lnu.se\/centrumforidrottsutveckling\/?p=558","title":{"rendered":"Hur vanligt \u00e4r neuropsykiatriska funktionsneds\u00e4ttningar?"},"content":{"rendered":"<p>Studier visar att cirka 8 % av Sveriges befolkning har n\u00e5gon neuropsykiatrisk funktionsneds\u00e4ttning (NPF), och det \u00e4r med andra ord vanligt f\u00f6rekommande. En unders\u00f6kning bland barn och ungdomar i \u00e5ldrarna 10-16 \u00e5r med NPF visade att ungef\u00e4r 80 % hade ADHD, cirka 50 % Autism\/Asperbergers syndrom och \u00f6vriga diagnoser (ex. Tourette och spr\u00e5kst\u00f6rning) stod f\u00f6r 10 %. Som framg\u00e5r blir det mer \u00e4n 100 %, och det beror p\u00e5 man kan ha en kombination av diagnoserna.<\/p>\n<p>Om man ser till deltagandet i idrottslig verksamhet s\u00e5 \u00e4r cirka h\u00e4lften av barn och ungdomar i \u00e5ldrarna 10-16 \u00e5r med NPF idrottsaktiva i f\u00f6reningslivet. I j\u00e4mf\u00f6relse med andra barn och ungdomar \u00e4r det f\u00e4rre. Vidare framkommer att de som har en NPF-diagnos slutar idrotta i yngre \u00e5ldrar \u00e4n genomsnittet.<\/p>\n","protected":false},"excerpt":{"rendered":"<p>Studier visar att cirka 8 % av Sveriges befolkning har n\u00e5gon neuropsykiatrisk funktionsneds\u00e4ttning (NPF), och det \u00e4r med andra ord vanligt f\u00f6rekommande. En unders\u00f6kning bland barn och ungdomar i \u00e5ldrarna 10-16 \u00e5r med NPF visade att ungef\u00e4r 80 % hade ADHD, cirka 50 % Autism\/Asperbergers syndrom och \u00f6vriga diagnoser (ex. Tourette och spr\u00e5kst\u00f6rning) stod f\u00f6r [&hellip;]<\/p>\n","protected":false},"author":17879,"featured_media":0,"comment_status":"open","ping_status":"open","sticky":false,"template":"","format":"standard","meta":{"footnotes":""},"categories":[32441],"tags":[],"class_list":["post-558","post","type-post","status-publish","format-standard","hentry","category-motivation"],"acf":[],"yoast_head":"<!-- This site is optimized with the Yoast SEO plugin v21.7 - https:\/\/yoast.com\/wordpress\/plugins\/seo\/ -->\r\n<title>Hur vanligt \u00e4r neuropsykiatriska funktionsneds\u00e4ttningar? - Centrum f\u00f6r idrottsutveckling<\/title>\r\n<meta name=\"robots\" content=\"index, follow, max-snippet:-1, max-image-preview:large, max-video-preview:-1\" \/>\r\n<link rel=\"canonical\" href=\"https:\/\/blogg.lnu.se\/centrumforidrottsutveckling\/?p=558\" \/>\r\n<meta property=\"og:locale\" content=\"sv_SE\" \/>\r\n<meta property=\"og:type\" content=\"article\" \/>\r\n<meta property=\"og:title\" content=\"Hur vanligt \u00e4r neuropsykiatriska funktionsneds\u00e4ttningar? - Centrum f\u00f6r idrottsutveckling\" \/>\r\n<meta property=\"og:description\" content=\"Studier visar att cirka 8 % av Sveriges befolkning har n\u00e5gon neuropsykiatrisk funktionsneds\u00e4ttning (NPF), och det \u00e4r med andra ord vanligt f\u00f6rekommande. En unders\u00f6kning bland barn och ungdomar i \u00e5ldrarna 10-16 \u00e5r med NPF visade att ungef\u00e4r 80 % hade ADHD, cirka 50 % Autism\/Asperbergers syndrom och \u00f6vriga diagnoser (ex. Tourette och spr\u00e5kst\u00f6rning) stod f\u00f6r [&hellip;]\" \/>\r\n<meta property=\"og:url\" content=\"https:\/\/blogg.lnu.se\/centrumforidrottsutveckling\/?p=558\" \/>\r\n<meta property=\"og:site_name\" content=\"Centrum f\u00f6r idrottsutveckling\" \/>\r\n<meta property=\"article:published_time\" content=\"2005-05-16T17:36:50+00:00\" \/>\r\n<meta property=\"article:modified_time\" content=\"2021-05-17T18:44:30+00:00\" \/>\r\n<meta name=\"author\" content=\"Mats Glemne\" \/>\r\n<meta name=\"twitter:card\" content=\"summary_large_image\" \/>\r\n<meta name=\"twitter:label1\" content=\"Skriven av\" \/>\n\t<meta name=\"twitter:data1\" content=\"Mats Glemne\" \/>\n\t<meta name=\"twitter:label2\" content=\"Ber\u00e4knad l\u00e4stid\" \/>\n\t<meta name=\"twitter:data2\" content=\"1 minut\" \/>\r\n<script type=\"application\/ld+json\" class=\"yoast-schema-graph\">{\"@context\":\"https:\/\/schema.org\",\"@graph\":[{\"@type\":\"WebPage\",\"@id\":\"https:\/\/blogg.lnu.se\/centrumforidrottsutveckling\/?p=558\",\"url\":\"https:\/\/blogg.lnu.se\/centrumforidrottsutveckling\/?p=558\",\"name\":\"Hur vanligt \u00e4r neuropsykiatriska funktionsneds\u00e4ttningar? - Centrum f\u00f6r idrottsutveckling\",\"isPartOf\":{\"@id\":\"https:\/\/blogg.lnu.se\/centrumforidrottsutveckling\/#website\"},\"datePublished\":\"2005-05-16T17:36:50+00:00\",\"dateModified\":\"2021-05-17T18:44:30+00:00\",\"author\":{\"@id\":\"https:\/\/blogg.lnu.se\/centrumforidrottsutveckling\/#\/schema\/person\/b86d714c2ae55a2858c32e65b660ea95\"},\"inLanguage\":\"sv-SE\",\"potentialAction\":[{\"@type\":\"ReadAction\",\"target\":[\"https:\/\/blogg.lnu.se\/centrumforidrottsutveckling\/?p=558\"]}]},{\"@type\":\"WebSite\",\"@id\":\"https:\/\/blogg.lnu.se\/centrumforidrottsutveckling\/#website\",\"url\":\"https:\/\/blogg.lnu.se\/centrumforidrottsutveckling\/\",\"name\":\"Centrum f\u00f6r idrottsutveckling\",\"description\":\"V\u00e4lkommen till v\u00e5r nyhetssida - en plats f\u00f6r intressanta reportage och spridning av aktuell kunskap\",\"potentialAction\":[{\"@type\":\"SearchAction\",\"target\":{\"@type\":\"EntryPoint\",\"urlTemplate\":\"https:\/\/blogg.lnu.se\/centrumforidrottsutveckling\/?s={search_term_string}\"},\"query-input\":\"required name=search_term_string\"}],\"inLanguage\":\"sv-SE\"},{\"@type\":\"Person\",\"@id\":\"https:\/\/blogg.lnu.se\/centrumforidrottsutveckling\/#\/schema\/person\/b86d714c2ae55a2858c32e65b660ea95\",\"name\":\"Mats Glemne\",\"description\":\"Min tj\u00e4nst \u00e4r delad mellan utbildning, forskning och ansvarsuppdrag vid s\u00e5v\u00e4l Inst. f\u00f6r idrottsvetenskap som andra institutioner vid Fakulteten f\u00f6r samh\u00e4llsvetenskap.\",\"sameAs\":[\"https:\/\/lnu.se\/personal\/mats.glemne\/\"],\"url\":\"https:\/\/blogg.lnu.se\/centrumforidrottsutveckling\/?author=17879\"}]}<\/script>\r\n<!-- \/ Yoast SEO plugin. -->","yoast_head_json":{"title":"Hur vanligt \u00e4r neuropsykiatriska funktionsneds\u00e4ttningar? - Centrum f\u00f6r idrottsutveckling","robots":{"index":"index","follow":"follow","max-snippet":"max-snippet:-1","max-image-preview":"max-image-preview:large","max-video-preview":"max-video-preview:-1"},"canonical":"https:\/\/blogg.lnu.se\/centrumforidrottsutveckling\/?p=558","og_locale":"sv_SE","og_type":"article","og_title":"Hur vanligt \u00e4r neuropsykiatriska funktionsneds\u00e4ttningar? - Centrum f\u00f6r idrottsutveckling","og_description":"Studier visar att cirka 8 % av Sveriges befolkning har n\u00e5gon neuropsykiatrisk funktionsneds\u00e4ttning (NPF), och det \u00e4r med andra ord vanligt f\u00f6rekommande. En unders\u00f6kning bland barn och ungdomar i \u00e5ldrarna 10-16 \u00e5r med NPF visade att ungef\u00e4r 80 % hade ADHD, cirka 50 % Autism\/Asperbergers syndrom och \u00f6vriga diagnoser (ex. Tourette och spr\u00e5kst\u00f6rning) stod f\u00f6r [&hellip;]","og_url":"https:\/\/blogg.lnu.se\/centrumforidrottsutveckling\/?p=558","og_site_name":"Centrum f\u00f6r idrottsutveckling","article_published_time":"2005-05-16T17:36:50+00:00","article_modified_time":"2021-05-17T18:44:30+00:00","author":"Mats Glemne","twitter_card":"summary_large_image","twitter_misc":{"Skriven av":"Mats Glemne","Ber\u00e4knad l\u00e4stid":"1 minut"},"schema":{"@context":"https:\/\/schema.org","@graph":[{"@type":"WebPage","@id":"https:\/\/blogg.lnu.se\/centrumforidrottsutveckling\/?p=558","url":"https:\/\/blogg.lnu.se\/centrumforidrottsutveckling\/?p=558","name":"Hur vanligt \u00e4r neuropsykiatriska funktionsneds\u00e4ttningar? - Centrum f\u00f6r idrottsutveckling","isPartOf":{"@id":"https:\/\/blogg.lnu.se\/centrumforidrottsutveckling\/#website"},"datePublished":"2005-05-16T17:36:50+00:00","dateModified":"2021-05-17T18:44:30+00:00","author":{"@id":"https:\/\/blogg.lnu.se\/centrumforidrottsutveckling\/#\/schema\/person\/b86d714c2ae55a2858c32e65b660ea95"},"inLanguage":"sv-SE","potentialAction":[{"@type":"ReadAction","target":["https:\/\/blogg.lnu.se\/centrumforidrottsutveckling\/?p=558"]}]},{"@type":"WebSite","@id":"https:\/\/blogg.lnu.se\/centrumforidrottsutveckling\/#website","url":"https:\/\/blogg.lnu.se\/centrumforidrottsutveckling\/","name":"Centrum f\u00f6r idrottsutveckling","description":"V\u00e4lkommen till v\u00e5r nyhetssida - en plats f\u00f6r intressanta reportage och spridning av aktuell kunskap","potentialAction":[{"@type":"SearchAction","target":{"@type":"EntryPoint","urlTemplate":"https:\/\/blogg.lnu.se\/centrumforidrottsutveckling\/?s={search_term_string}"},"query-input":"required name=search_term_string"}],"inLanguage":"sv-SE"},{"@type":"Person","@id":"https:\/\/blogg.lnu.se\/centrumforidrottsutveckling\/#\/schema\/person\/b86d714c2ae55a2858c32e65b660ea95","name":"Mats Glemne","description":"Min tj\u00e4nst \u00e4r delad mellan utbildning, forskning och ansvarsuppdrag vid s\u00e5v\u00e4l Inst. f\u00f6r idrottsvetenskap som andra institutioner vid Fakulteten f\u00f6r samh\u00e4llsvetenskap.","sameAs":["https:\/\/lnu.se\/personal\/mats.glemne\/"],"url":"https:\/\/blogg.lnu.se\/centrumforidrottsutveckling\/?author=17879"}]}},"_links":{"self":[{"href":"https:\/\/blogg.lnu.se\/centrumforidrottsutveckling\/index.php?rest_route=\/wp\/v2\/posts\/558","targetHints":{"allow":["GET"]}}],"collection":[{"href":"https:\/\/blogg.lnu.se\/centrumforidrottsutveckling\/index.php?rest_route=\/wp\/v2\/posts"}],"about":[{"href":"https:\/\/blogg.lnu.se\/centrumforidrottsutveckling\/index.php?rest_route=\/wp\/v2\/types\/post"}],"author":[{"embeddable":true,"href":"https:\/\/blogg.lnu.se\/centrumforidrottsutveckling\/index.php?rest_route=\/wp\/v2\/users\/17879"}],"replies":[{"embeddable":true,"href":"https:\/\/blogg.lnu.se\/centrumforidrottsutveckling\/index.php?rest_route=%2Fwp%2Fv2%2Fcomments&post=558"}],"version-history":[{"count":1,"href":"https:\/\/blogg.lnu.se\/centrumforidrottsutveckling\/index.php?rest_route=\/wp\/v2\/posts\/558\/revisions"}],"predecessor-version":[{"id":559,"href":"https:\/\/blogg.lnu.se\/centrumforidrottsutveckling\/index.php?rest_route=\/wp\/v2\/posts\/558\/revisions\/559"}],"wp:attachment":[{"href":"https:\/\/blogg.lnu.se\/centrumforidrottsutveckling\/index.php?rest_route=%2Fwp%2Fv2%2Fmedia&parent=558"}],"wp:term":[{"taxonomy":"category","embeddable":true,"href":"https:\/\/blogg.lnu.se\/centrumforidrottsutveckling\/index.php?rest_route=%2Fwp%2Fv2%2Fcategories&post=558"},{"taxonomy":"post_tag","embeddable":true,"href":"https:\/\/blogg.lnu.se\/centrumforidrottsutveckling\/index.php?rest_route=%2Fwp%2Fv2%2Ftags&post=558"}],"curies":[{"name":"wp","href":"https:\/\/api.w.org\/{rel}","templated":true}]}}