{"id":561,"date":"2005-05-16T18:37:46","date_gmt":"2005-05-16T17:37:46","guid":{"rendered":"https:\/\/blogg.lnu.se\/centrumforidrottsutveckling\/?p=561"},"modified":"2021-05-17T19:44:42","modified_gmt":"2021-05-17T18:44:42","slug":"hur-visar-sig-funktionsnedsattningarna","status":"publish","type":"post","link":"https:\/\/blogg.lnu.se\/centrumforidrottsutveckling\/?p=561","title":{"rendered":"Hur visar sig funktionsneds\u00e4ttningarna?"},"content":{"rendered":"<p>Neuropsykiatriska funktionsneds\u00e4ttningar (NPF) \u00e4r beteendediagnoser och det finns olika s\u00e4tt som dessa tar sig uttryck. Det som diagnoserna har gemensamt \u00e4r att hj\u00e4rnan och nervsystemet hanterar information och l\u00f6ser problem p\u00e5 ett annorlunda s\u00e4tt. Vanliga sv\u00e5righeter f\u00f6r personer med NPF \u00e4r:<\/p>\n<ul>\n<li>Uppm\u00e4rksamhet (ex. tappar fokus, dagdr\u00f6mmer)<\/li>\n<li>Impulskontroll och hyperaktivitet (ex. handlar f\u00f6rst \u2013 t\u00e4nker sen)<\/li>\n<li>Samspelet med andra m\u00e4nniskor (ex. f\u00f6rst\u00e5 kroppsspr\u00e5k och ansiktsuttryck)<\/li>\n<li>Inl\u00e4rning och minne (ex. koncentrationssv\u00e5righeter, kort minne kring vad som ska g\u00f6ras, bristande tidsuppfattning)<\/li>\n<li>Motoriken<\/li>\n<\/ul>\n<p>Viktigt att notera \u00e4r att varje person med NPF \u00e4r unik och har sina sv\u00e5righeter, har man tr\u00e4ffat en person med NPF-diagnos s\u00e5 kan man inte f\u00f6ruts\u00e4tta att det ter sig p\u00e5 samma s\u00e4tt f\u00f6r andra. Det \u00e4r \u00e4ven angel\u00e4get att betona att aktuella beteenden ocks\u00e5 utg\u00f6r styrkor i flera sammanhang \u2013 exempelvis kan det handla om kreativitet och mod eller om detaljseende och h\u00f6g koncentrationsf\u00f6rm\u00e5ga.<\/p>\n","protected":false},"excerpt":{"rendered":"<p>Neuropsykiatriska funktionsneds\u00e4ttningar (NPF) \u00e4r beteendediagnoser och det finns olika s\u00e4tt som dessa tar sig uttryck. Det som diagnoserna har gemensamt \u00e4r att hj\u00e4rnan och nervsystemet hanterar information och l\u00f6ser problem p\u00e5 ett annorlunda s\u00e4tt. Vanliga sv\u00e5righeter f\u00f6r personer med NPF \u00e4r: Uppm\u00e4rksamhet (ex. tappar fokus, dagdr\u00f6mmer) Impulskontroll och hyperaktivitet (ex. handlar f\u00f6rst \u2013 t\u00e4nker sen) [&hellip;]<\/p>\n","protected":false},"author":17879,"featured_media":0,"comment_status":"open","ping_status":"open","sticky":false,"template":"","format":"standard","meta":{"footnotes":""},"categories":[32441],"tags":[],"class_list":["post-561","post","type-post","status-publish","format-standard","hentry","category-motivation"],"acf":[],"yoast_head":"<!-- This site is optimized with the Yoast SEO plugin v21.7 - https:\/\/yoast.com\/wordpress\/plugins\/seo\/ -->\r\n<title>Hur visar sig funktionsneds\u00e4ttningarna? - Centrum f\u00f6r idrottsutveckling<\/title>\r\n<meta name=\"robots\" content=\"index, follow, max-snippet:-1, max-image-preview:large, max-video-preview:-1\" \/>\r\n<link rel=\"canonical\" href=\"https:\/\/blogg.lnu.se\/centrumforidrottsutveckling\/?p=561\" \/>\r\n<meta property=\"og:locale\" content=\"sv_SE\" \/>\r\n<meta property=\"og:type\" content=\"article\" \/>\r\n<meta property=\"og:title\" content=\"Hur visar sig funktionsneds\u00e4ttningarna? - Centrum f\u00f6r idrottsutveckling\" \/>\r\n<meta property=\"og:description\" content=\"Neuropsykiatriska funktionsneds\u00e4ttningar (NPF) \u00e4r beteendediagnoser och det finns olika s\u00e4tt som dessa tar sig uttryck. Det som diagnoserna har gemensamt \u00e4r att hj\u00e4rnan och nervsystemet hanterar information och l\u00f6ser problem p\u00e5 ett annorlunda s\u00e4tt. Vanliga sv\u00e5righeter f\u00f6r personer med NPF \u00e4r: Uppm\u00e4rksamhet (ex. tappar fokus, dagdr\u00f6mmer) Impulskontroll och hyperaktivitet (ex. handlar f\u00f6rst \u2013 t\u00e4nker sen) [&hellip;]\" \/>\r\n<meta property=\"og:url\" content=\"https:\/\/blogg.lnu.se\/centrumforidrottsutveckling\/?p=561\" \/>\r\n<meta property=\"og:site_name\" content=\"Centrum f\u00f6r idrottsutveckling\" \/>\r\n<meta property=\"article:published_time\" content=\"2005-05-16T17:37:46+00:00\" \/>\r\n<meta property=\"article:modified_time\" content=\"2021-05-17T18:44:42+00:00\" \/>\r\n<meta name=\"author\" content=\"Mats Glemne\" \/>\r\n<meta name=\"twitter:card\" content=\"summary_large_image\" \/>\r\n<meta name=\"twitter:label1\" content=\"Skriven av\" \/>\n\t<meta name=\"twitter:data1\" content=\"Mats Glemne\" \/>\n\t<meta name=\"twitter:label2\" content=\"Ber\u00e4knad l\u00e4stid\" \/>\n\t<meta name=\"twitter:data2\" content=\"1 minut\" \/>\r\n<script type=\"application\/ld+json\" class=\"yoast-schema-graph\">{\"@context\":\"https:\/\/schema.org\",\"@graph\":[{\"@type\":\"WebPage\",\"@id\":\"https:\/\/blogg.lnu.se\/centrumforidrottsutveckling\/?p=561\",\"url\":\"https:\/\/blogg.lnu.se\/centrumforidrottsutveckling\/?p=561\",\"name\":\"Hur visar sig funktionsneds\u00e4ttningarna? - Centrum f\u00f6r idrottsutveckling\",\"isPartOf\":{\"@id\":\"https:\/\/blogg.lnu.se\/centrumforidrottsutveckling\/#website\"},\"datePublished\":\"2005-05-16T17:37:46+00:00\",\"dateModified\":\"2021-05-17T18:44:42+00:00\",\"author\":{\"@id\":\"https:\/\/blogg.lnu.se\/centrumforidrottsutveckling\/#\/schema\/person\/b86d714c2ae55a2858c32e65b660ea95\"},\"inLanguage\":\"sv-SE\",\"potentialAction\":[{\"@type\":\"ReadAction\",\"target\":[\"https:\/\/blogg.lnu.se\/centrumforidrottsutveckling\/?p=561\"]}]},{\"@type\":\"WebSite\",\"@id\":\"https:\/\/blogg.lnu.se\/centrumforidrottsutveckling\/#website\",\"url\":\"https:\/\/blogg.lnu.se\/centrumforidrottsutveckling\/\",\"name\":\"Centrum f\u00f6r idrottsutveckling\",\"description\":\"V\u00e4lkommen till v\u00e5r nyhetssida - en plats f\u00f6r intressanta reportage och spridning av aktuell kunskap\",\"potentialAction\":[{\"@type\":\"SearchAction\",\"target\":{\"@type\":\"EntryPoint\",\"urlTemplate\":\"https:\/\/blogg.lnu.se\/centrumforidrottsutveckling\/?s={search_term_string}\"},\"query-input\":\"required name=search_term_string\"}],\"inLanguage\":\"sv-SE\"},{\"@type\":\"Person\",\"@id\":\"https:\/\/blogg.lnu.se\/centrumforidrottsutveckling\/#\/schema\/person\/b86d714c2ae55a2858c32e65b660ea95\",\"name\":\"Mats Glemne\",\"description\":\"Min tj\u00e4nst \u00e4r delad mellan utbildning, forskning och ansvarsuppdrag vid s\u00e5v\u00e4l Inst. f\u00f6r idrottsvetenskap som andra institutioner vid Fakulteten f\u00f6r samh\u00e4llsvetenskap.\",\"sameAs\":[\"https:\/\/lnu.se\/personal\/mats.glemne\/\"],\"url\":\"https:\/\/blogg.lnu.se\/centrumforidrottsutveckling\/?author=17879\"}]}<\/script>\r\n<!-- \/ Yoast SEO plugin. -->","yoast_head_json":{"title":"Hur visar sig funktionsneds\u00e4ttningarna? - Centrum f\u00f6r idrottsutveckling","robots":{"index":"index","follow":"follow","max-snippet":"max-snippet:-1","max-image-preview":"max-image-preview:large","max-video-preview":"max-video-preview:-1"},"canonical":"https:\/\/blogg.lnu.se\/centrumforidrottsutveckling\/?p=561","og_locale":"sv_SE","og_type":"article","og_title":"Hur visar sig funktionsneds\u00e4ttningarna? - Centrum f\u00f6r idrottsutveckling","og_description":"Neuropsykiatriska funktionsneds\u00e4ttningar (NPF) \u00e4r beteendediagnoser och det finns olika s\u00e4tt som dessa tar sig uttryck. Det som diagnoserna har gemensamt \u00e4r att hj\u00e4rnan och nervsystemet hanterar information och l\u00f6ser problem p\u00e5 ett annorlunda s\u00e4tt. Vanliga sv\u00e5righeter f\u00f6r personer med NPF \u00e4r: Uppm\u00e4rksamhet (ex. tappar fokus, dagdr\u00f6mmer) Impulskontroll och hyperaktivitet (ex. handlar f\u00f6rst \u2013 t\u00e4nker sen) [&hellip;]","og_url":"https:\/\/blogg.lnu.se\/centrumforidrottsutveckling\/?p=561","og_site_name":"Centrum f\u00f6r idrottsutveckling","article_published_time":"2005-05-16T17:37:46+00:00","article_modified_time":"2021-05-17T18:44:42+00:00","author":"Mats Glemne","twitter_card":"summary_large_image","twitter_misc":{"Skriven av":"Mats Glemne","Ber\u00e4knad l\u00e4stid":"1 minut"},"schema":{"@context":"https:\/\/schema.org","@graph":[{"@type":"WebPage","@id":"https:\/\/blogg.lnu.se\/centrumforidrottsutveckling\/?p=561","url":"https:\/\/blogg.lnu.se\/centrumforidrottsutveckling\/?p=561","name":"Hur visar sig funktionsneds\u00e4ttningarna? - Centrum f\u00f6r idrottsutveckling","isPartOf":{"@id":"https:\/\/blogg.lnu.se\/centrumforidrottsutveckling\/#website"},"datePublished":"2005-05-16T17:37:46+00:00","dateModified":"2021-05-17T18:44:42+00:00","author":{"@id":"https:\/\/blogg.lnu.se\/centrumforidrottsutveckling\/#\/schema\/person\/b86d714c2ae55a2858c32e65b660ea95"},"inLanguage":"sv-SE","potentialAction":[{"@type":"ReadAction","target":["https:\/\/blogg.lnu.se\/centrumforidrottsutveckling\/?p=561"]}]},{"@type":"WebSite","@id":"https:\/\/blogg.lnu.se\/centrumforidrottsutveckling\/#website","url":"https:\/\/blogg.lnu.se\/centrumforidrottsutveckling\/","name":"Centrum f\u00f6r idrottsutveckling","description":"V\u00e4lkommen till v\u00e5r nyhetssida - en plats f\u00f6r intressanta reportage och spridning av aktuell kunskap","potentialAction":[{"@type":"SearchAction","target":{"@type":"EntryPoint","urlTemplate":"https:\/\/blogg.lnu.se\/centrumforidrottsutveckling\/?s={search_term_string}"},"query-input":"required name=search_term_string"}],"inLanguage":"sv-SE"},{"@type":"Person","@id":"https:\/\/blogg.lnu.se\/centrumforidrottsutveckling\/#\/schema\/person\/b86d714c2ae55a2858c32e65b660ea95","name":"Mats Glemne","description":"Min tj\u00e4nst \u00e4r delad mellan utbildning, forskning och ansvarsuppdrag vid s\u00e5v\u00e4l Inst. f\u00f6r idrottsvetenskap som andra institutioner vid Fakulteten f\u00f6r samh\u00e4llsvetenskap.","sameAs":["https:\/\/lnu.se\/personal\/mats.glemne\/"],"url":"https:\/\/blogg.lnu.se\/centrumforidrottsutveckling\/?author=17879"}]}},"_links":{"self":[{"href":"https:\/\/blogg.lnu.se\/centrumforidrottsutveckling\/index.php?rest_route=\/wp\/v2\/posts\/561","targetHints":{"allow":["GET"]}}],"collection":[{"href":"https:\/\/blogg.lnu.se\/centrumforidrottsutveckling\/index.php?rest_route=\/wp\/v2\/posts"}],"about":[{"href":"https:\/\/blogg.lnu.se\/centrumforidrottsutveckling\/index.php?rest_route=\/wp\/v2\/types\/post"}],"author":[{"embeddable":true,"href":"https:\/\/blogg.lnu.se\/centrumforidrottsutveckling\/index.php?rest_route=\/wp\/v2\/users\/17879"}],"replies":[{"embeddable":true,"href":"https:\/\/blogg.lnu.se\/centrumforidrottsutveckling\/index.php?rest_route=%2Fwp%2Fv2%2Fcomments&post=561"}],"version-history":[{"count":1,"href":"https:\/\/blogg.lnu.se\/centrumforidrottsutveckling\/index.php?rest_route=\/wp\/v2\/posts\/561\/revisions"}],"predecessor-version":[{"id":562,"href":"https:\/\/blogg.lnu.se\/centrumforidrottsutveckling\/index.php?rest_route=\/wp\/v2\/posts\/561\/revisions\/562"}],"wp:attachment":[{"href":"https:\/\/blogg.lnu.se\/centrumforidrottsutveckling\/index.php?rest_route=%2Fwp%2Fv2%2Fmedia&parent=561"}],"wp:term":[{"taxonomy":"category","embeddable":true,"href":"https:\/\/blogg.lnu.se\/centrumforidrottsutveckling\/index.php?rest_route=%2Fwp%2Fv2%2Fcategories&post=561"},{"taxonomy":"post_tag","embeddable":true,"href":"https:\/\/blogg.lnu.se\/centrumforidrottsutveckling\/index.php?rest_route=%2Fwp%2Fv2%2Ftags&post=561"}],"curies":[{"name":"wp","href":"https:\/\/api.w.org\/{rel}","templated":true}]}}