{"id":565,"date":"2021-05-16T18:45:39","date_gmt":"2021-05-16T17:45:39","guid":{"rendered":"https:\/\/blogg.lnu.se\/centrumforidrottsutveckling\/?p=565"},"modified":"2021-05-16T18:45:39","modified_gmt":"2021-05-16T17:45:39","slug":"eric-om-att-vara-foralder-till-en-idrottande-son-med-adhd","status":"publish","type":"post","link":"https:\/\/blogg.lnu.se\/centrumforidrottsutveckling\/?p=565","title":{"rendered":"Eric om att vara f\u00f6r\u00e4lder till en idrottande son med ADHD"},"content":{"rendered":"<p>Eric Wickell \u00e4r pappa till en son som har ADHD. I vardagen uttrycker sig diagnosen p\u00e5 olika s\u00e4tt, bland annat kan sonen bli ut\u00e5tagerande och skrika ol\u00e4mpliga saker. I denna intervju ber\u00e4ttar Eric hur det \u00e4r att vara f\u00f6r\u00e4lder till en v\u00e4ldigt idrottsintresserad grabb och hur han st\u00f6ttar ledarna i den vardagliga tr\u00e4ningen.<\/p>\n<p><iframe loading=\"lazy\" title=\"CIU: Eric Wickell om idrottsf\u00f6r\u00e4ldrarskapet\" width=\"500\" height=\"281\" src=\"https:\/\/www.youtube.com\/embed\/5yoX8uXy9Ik?feature=oembed\" frameborder=\"0\" allow=\"accelerometer; autoplay; clipboard-write; encrypted-media; gyroscope; picture-in-picture; web-share\" referrerpolicy=\"strict-origin-when-cross-origin\" allowfullscreen><\/iframe><\/p>\n","protected":false},"excerpt":{"rendered":"<p>Eric Wickell \u00e4r pappa till en son som har ADHD. I vardagen uttrycker sig diagnosen p\u00e5 olika s\u00e4tt, bland annat kan sonen bli ut\u00e5tagerande och skrika ol\u00e4mpliga saker. I denna intervju ber\u00e4ttar Eric hur det \u00e4r att vara f\u00f6r\u00e4lder till en v\u00e4ldigt idrottsintresserad grabb och hur han st\u00f6ttar ledarna i den vardagliga tr\u00e4ningen.<\/p>\n","protected":false},"author":5969,"featured_media":0,"comment_status":"open","ping_status":"open","sticky":false,"template":"","format":"standard","meta":{"footnotes":""},"categories":[31071],"tags":[],"class_list":["post-565","post","type-post","status-publish","format-standard","hentry","category-malgrupp"],"acf":[],"yoast_head":"<!-- This site is optimized with the Yoast SEO plugin v21.7 - https:\/\/yoast.com\/wordpress\/plugins\/seo\/ -->\r\n<title>Eric om att vara f\u00f6r\u00e4lder till en idrottande son med ADHD - Centrum f\u00f6r idrottsutveckling<\/title>\r\n<meta name=\"robots\" content=\"index, follow, max-snippet:-1, max-image-preview:large, max-video-preview:-1\" \/>\r\n<link rel=\"canonical\" href=\"https:\/\/blogg.lnu.se\/centrumforidrottsutveckling\/?p=565\" \/>\r\n<meta property=\"og:locale\" content=\"sv_SE\" \/>\r\n<meta property=\"og:type\" content=\"article\" \/>\r\n<meta property=\"og:title\" content=\"Eric om att vara f\u00f6r\u00e4lder till en idrottande son med ADHD - Centrum f\u00f6r idrottsutveckling\" \/>\r\n<meta property=\"og:description\" content=\"Eric Wickell \u00e4r pappa till en son som har ADHD. I vardagen uttrycker sig diagnosen p\u00e5 olika s\u00e4tt, bland annat kan sonen bli ut\u00e5tagerande och skrika ol\u00e4mpliga saker. I denna intervju ber\u00e4ttar Eric hur det \u00e4r att vara f\u00f6r\u00e4lder till en v\u00e4ldigt idrottsintresserad grabb och hur han st\u00f6ttar ledarna i den vardagliga tr\u00e4ningen.\" \/>\r\n<meta property=\"og:url\" content=\"https:\/\/blogg.lnu.se\/centrumforidrottsutveckling\/?p=565\" \/>\r\n<meta property=\"og:site_name\" content=\"Centrum f\u00f6r idrottsutveckling\" \/>\r\n<meta property=\"article:published_time\" content=\"2021-05-16T17:45:39+00:00\" \/>\r\n<meta name=\"author\" content=\"David Fax\u00e5\" \/>\r\n<meta name=\"twitter:card\" content=\"summary_large_image\" \/>\r\n<meta name=\"twitter:label1\" content=\"Skriven av\" \/>\n\t<meta name=\"twitter:data1\" content=\"David Fax\u00e5\" \/>\r\n<script type=\"application\/ld+json\" class=\"yoast-schema-graph\">{\"@context\":\"https:\/\/schema.org\",\"@graph\":[{\"@type\":\"WebPage\",\"@id\":\"https:\/\/blogg.lnu.se\/centrumforidrottsutveckling\/?p=565\",\"url\":\"https:\/\/blogg.lnu.se\/centrumforidrottsutveckling\/?p=565\",\"name\":\"Eric om att vara f\u00f6r\u00e4lder till en idrottande son med ADHD - Centrum f\u00f6r idrottsutveckling\",\"isPartOf\":{\"@id\":\"https:\/\/blogg.lnu.se\/centrumforidrottsutveckling\/#website\"},\"datePublished\":\"2021-05-16T17:45:39+00:00\",\"dateModified\":\"2021-05-16T17:45:39+00:00\",\"author\":{\"@id\":\"https:\/\/blogg.lnu.se\/centrumforidrottsutveckling\/#\/schema\/person\/05a569a5607fe4d7b94213f8276bf222\"},\"inLanguage\":\"sv-SE\",\"potentialAction\":[{\"@type\":\"ReadAction\",\"target\":[\"https:\/\/blogg.lnu.se\/centrumforidrottsutveckling\/?p=565\"]}]},{\"@type\":\"WebSite\",\"@id\":\"https:\/\/blogg.lnu.se\/centrumforidrottsutveckling\/#website\",\"url\":\"https:\/\/blogg.lnu.se\/centrumforidrottsutveckling\/\",\"name\":\"Centrum f\u00f6r idrottsutveckling\",\"description\":\"V\u00e4lkommen till v\u00e5r nyhetssida - en plats f\u00f6r intressanta reportage och spridning av aktuell kunskap\",\"potentialAction\":[{\"@type\":\"SearchAction\",\"target\":{\"@type\":\"EntryPoint\",\"urlTemplate\":\"https:\/\/blogg.lnu.se\/centrumforidrottsutveckling\/?s={search_term_string}\"},\"query-input\":\"required name=search_term_string\"}],\"inLanguage\":\"sv-SE\"},{\"@type\":\"Person\",\"@id\":\"https:\/\/blogg.lnu.se\/centrumforidrottsutveckling\/#\/schema\/person\/05a569a5607fe4d7b94213f8276bf222\",\"name\":\"David Fax\u00e5\",\"description\":\"David Fax\u00e5 arbetar som idrottskonsulent p\u00e5 RF-SISU Sm\u00e5land och i n\u00e4ra samverkan med Linn\u00e9universitetet i Centrum f\u00f6r Idrottsutveckling\",\"url\":\"https:\/\/blogg.lnu.se\/centrumforidrottsutveckling\/?author=5969\"}]}<\/script>\r\n<!-- \/ Yoast SEO plugin. -->","yoast_head_json":{"title":"Eric om att vara f\u00f6r\u00e4lder till en idrottande son med ADHD - Centrum f\u00f6r idrottsutveckling","robots":{"index":"index","follow":"follow","max-snippet":"max-snippet:-1","max-image-preview":"max-image-preview:large","max-video-preview":"max-video-preview:-1"},"canonical":"https:\/\/blogg.lnu.se\/centrumforidrottsutveckling\/?p=565","og_locale":"sv_SE","og_type":"article","og_title":"Eric om att vara f\u00f6r\u00e4lder till en idrottande son med ADHD - Centrum f\u00f6r idrottsutveckling","og_description":"Eric Wickell \u00e4r pappa till en son som har ADHD. I vardagen uttrycker sig diagnosen p\u00e5 olika s\u00e4tt, bland annat kan sonen bli ut\u00e5tagerande och skrika ol\u00e4mpliga saker. I denna intervju ber\u00e4ttar Eric hur det \u00e4r att vara f\u00f6r\u00e4lder till en v\u00e4ldigt idrottsintresserad grabb och hur han st\u00f6ttar ledarna i den vardagliga tr\u00e4ningen.","og_url":"https:\/\/blogg.lnu.se\/centrumforidrottsutveckling\/?p=565","og_site_name":"Centrum f\u00f6r idrottsutveckling","article_published_time":"2021-05-16T17:45:39+00:00","author":"David Fax\u00e5","twitter_card":"summary_large_image","twitter_misc":{"Skriven av":"David Fax\u00e5"},"schema":{"@context":"https:\/\/schema.org","@graph":[{"@type":"WebPage","@id":"https:\/\/blogg.lnu.se\/centrumforidrottsutveckling\/?p=565","url":"https:\/\/blogg.lnu.se\/centrumforidrottsutveckling\/?p=565","name":"Eric om att vara f\u00f6r\u00e4lder till en idrottande son med ADHD - Centrum f\u00f6r idrottsutveckling","isPartOf":{"@id":"https:\/\/blogg.lnu.se\/centrumforidrottsutveckling\/#website"},"datePublished":"2021-05-16T17:45:39+00:00","dateModified":"2021-05-16T17:45:39+00:00","author":{"@id":"https:\/\/blogg.lnu.se\/centrumforidrottsutveckling\/#\/schema\/person\/05a569a5607fe4d7b94213f8276bf222"},"inLanguage":"sv-SE","potentialAction":[{"@type":"ReadAction","target":["https:\/\/blogg.lnu.se\/centrumforidrottsutveckling\/?p=565"]}]},{"@type":"WebSite","@id":"https:\/\/blogg.lnu.se\/centrumforidrottsutveckling\/#website","url":"https:\/\/blogg.lnu.se\/centrumforidrottsutveckling\/","name":"Centrum f\u00f6r idrottsutveckling","description":"V\u00e4lkommen till v\u00e5r nyhetssida - en plats f\u00f6r intressanta reportage och spridning av aktuell kunskap","potentialAction":[{"@type":"SearchAction","target":{"@type":"EntryPoint","urlTemplate":"https:\/\/blogg.lnu.se\/centrumforidrottsutveckling\/?s={search_term_string}"},"query-input":"required name=search_term_string"}],"inLanguage":"sv-SE"},{"@type":"Person","@id":"https:\/\/blogg.lnu.se\/centrumforidrottsutveckling\/#\/schema\/person\/05a569a5607fe4d7b94213f8276bf222","name":"David Fax\u00e5","description":"David Fax\u00e5 arbetar som idrottskonsulent p\u00e5 RF-SISU Sm\u00e5land och i n\u00e4ra samverkan med Linn\u00e9universitetet i Centrum f\u00f6r Idrottsutveckling","url":"https:\/\/blogg.lnu.se\/centrumforidrottsutveckling\/?author=5969"}]}},"_links":{"self":[{"href":"https:\/\/blogg.lnu.se\/centrumforidrottsutveckling\/index.php?rest_route=\/wp\/v2\/posts\/565","targetHints":{"allow":["GET"]}}],"collection":[{"href":"https:\/\/blogg.lnu.se\/centrumforidrottsutveckling\/index.php?rest_route=\/wp\/v2\/posts"}],"about":[{"href":"https:\/\/blogg.lnu.se\/centrumforidrottsutveckling\/index.php?rest_route=\/wp\/v2\/types\/post"}],"author":[{"embeddable":true,"href":"https:\/\/blogg.lnu.se\/centrumforidrottsutveckling\/index.php?rest_route=\/wp\/v2\/users\/5969"}],"replies":[{"embeddable":true,"href":"https:\/\/blogg.lnu.se\/centrumforidrottsutveckling\/index.php?rest_route=%2Fwp%2Fv2%2Fcomments&post=565"}],"version-history":[{"count":1,"href":"https:\/\/blogg.lnu.se\/centrumforidrottsutveckling\/index.php?rest_route=\/wp\/v2\/posts\/565\/revisions"}],"predecessor-version":[{"id":566,"href":"https:\/\/blogg.lnu.se\/centrumforidrottsutveckling\/index.php?rest_route=\/wp\/v2\/posts\/565\/revisions\/566"}],"wp:attachment":[{"href":"https:\/\/blogg.lnu.se\/centrumforidrottsutveckling\/index.php?rest_route=%2Fwp%2Fv2%2Fmedia&parent=565"}],"wp:term":[{"taxonomy":"category","embeddable":true,"href":"https:\/\/blogg.lnu.se\/centrumforidrottsutveckling\/index.php?rest_route=%2Fwp%2Fv2%2Fcategories&post=565"},{"taxonomy":"post_tag","embeddable":true,"href":"https:\/\/blogg.lnu.se\/centrumforidrottsutveckling\/index.php?rest_route=%2Fwp%2Fv2%2Ftags&post=565"}],"curies":[{"name":"wp","href":"https:\/\/api.w.org\/{rel}","templated":true}]}}