{"id":579,"date":"2021-06-11T12:12:00","date_gmt":"2021-06-11T11:12:00","guid":{"rendered":"https:\/\/blogg.lnu.se\/centrumforidrottsutveckling\/?p=579"},"modified":"2021-06-17T11:18:48","modified_gmt":"2021-06-17T09:18:48","slug":"barnkonventionen-och-idrottsledares-arbets-och-forhallningssatt","status":"publish","type":"post","link":"https:\/\/blogg.lnu.se\/centrumforidrottsutveckling\/?p=579","title":{"rendered":"Barnkonventionen och idrottsledares arbets- och f\u00f6rh\u00e5llningss\u00e4tt"},"content":{"rendered":"<div id=\"attachment_584\" style=\"width: 586px\" class=\"wp-caption alignnone\"><a href=\"https:\/\/blogg.lnu.se\/centrumforidrottsutveckling\/files\/2021\/06\/BB201022ZJ004.jpg\"><img loading=\"lazy\" decoding=\"async\" aria-describedby=\"caption-attachment-584\" class=\" wp-image-584\" src=\"https:\/\/blogg.lnu.se\/centrumforidrottsutveckling\/files\/2021\/06\/BB201022ZJ004.jpg\" alt=\"\" width=\"576\" height=\"390\" \/><\/a><p id=\"caption-attachment-584\" class=\"wp-caption-text\">Foto: Erik Simander\/Bildbyr\u00e5n<\/p><\/div>\n<p style=\"margin-bottom: 0cm;line-height: 150%\"><strong><span style=\"font-size: 12.0pt;line-height: 150%\">Barnkonventionen instiftades som en ny lag i Sverige i januari \u00e5r 2020. Med tanke p\u00e5 detta var syftet med unders\u00f6kningen <i>att studera den nya lagen och dess eventuella p\u00e5verkan g\u00e4llande idrottsledares arbets- och f\u00f6rh\u00e5llningss\u00e4tt<\/i>. F\u00f6r att besvara studiens syfte och fr\u00e5gest\u00e4llningar genomf\u00f6rde f\u00f6rfattarna Ludvig Dahlbeck och M\u00e5ns Nilsson intervjuer med tio ledare fr\u00e5n olika f\u00f6reningar inom b\u00e5de lag- och individuell idrott.\u00a0<\/span><\/strong><\/p>\n<p style=\"margin-bottom: 0cm;line-height: 150%\"><span style=\"font-size: 12.0pt;line-height: 150%\">Resultatet visar att barnkonventionen som lag inte f\u00f6r\u00e4ndrat ledarnas arbetss\u00e4tt eller f\u00f6rh\u00e5llningss\u00e4tt i n\u00e5gon st\u00f6rre grad. En av anledningarna tros vara den p\u00e5g\u00e5ende pandemin som p\u00e5 olika s\u00e4tt st\u00e5tt i fokus f\u00f6r b\u00e5de ledare och f\u00f6reningar. En annan ofta f\u00f6rekommande anledning var att lagen om barnkonventionen redan ans\u00e5gs som sj\u00e4lvklar i ledares och f\u00f6reningars arbetss\u00e4tt.\u00a0Det framkom d\u00e4remot tendenser p\u00e5 att olika initiativ och arbetsinsatser som idrottsf\u00f6rbund har genomf\u00f6rt kring den nya lagen lett till ett visst nyt\u00e4nkande hos ledare.<\/span><\/p>\n<p>H\u00f6r uppsatsf\u00f6rfattarna Ludvig Dahlbeck och M\u00e5ns Nilsson sj\u00e4lva ber\u00e4tta om sin studie i videon nedan!<\/p>\n<p><iframe loading=\"lazy\" title=\"CIU: Barnkonventionen och idrottsledares arbets- och f\u00f6rh\u00e5llningss\u00e4tt\" width=\"500\" height=\"281\" src=\"https:\/\/www.youtube.com\/embed\/vNWk36EA6HQ?feature=oembed\" frameborder=\"0\" allow=\"accelerometer; autoplay; clipboard-write; encrypted-media; gyroscope; picture-in-picture; web-share\" referrerpolicy=\"strict-origin-when-cross-origin\" allowfullscreen><\/iframe><\/p>\n<p>Dalbeck, Ludvig &amp; Nilsson, M\u00e5ns. 2021. En studie om barnkonventionen som lag. (uppdateras med l\u00e4nk till uppsatsen i sin helhet)<\/p>\n","protected":false},"excerpt":{"rendered":"<p>Barnkonventionen instiftades som en ny lag i Sverige i januari \u00e5r 2020. Med tanke p\u00e5 detta var syftet med unders\u00f6kningen att studera den nya lagen och dess eventuella p\u00e5verkan g\u00e4llande idrottsledares arbets- och f\u00f6rh\u00e5llningss\u00e4tt. F\u00f6r att besvara studiens syfte och fr\u00e5gest\u00e4llningar genomf\u00f6rde f\u00f6rfattarna Ludvig Dahlbeck och M\u00e5ns Nilsson intervjuer med tio ledare fr\u00e5n olika f\u00f6reningar [&hellip;]<\/p>\n","protected":false},"author":5969,"featured_media":0,"comment_status":"open","ping_status":"open","sticky":false,"template":"","format":"standard","meta":{"footnotes":""},"categories":[31447,16338],"tags":[],"class_list":["post-579","post","type-post","status-publish","format-standard","hentry","category-foreningsutveckling","category-ledarskap"],"acf":[],"yoast_head":"<!-- This site is optimized with the Yoast SEO plugin v21.7 - https:\/\/yoast.com\/wordpress\/plugins\/seo\/ -->\r\n<title>Barnkonventionen och idrottsledares arbets- och f\u00f6rh\u00e5llningss\u00e4tt - Centrum f\u00f6r idrottsutveckling<\/title>\r\n<meta name=\"robots\" content=\"index, follow, max-snippet:-1, max-image-preview:large, max-video-preview:-1\" \/>\r\n<link rel=\"canonical\" href=\"https:\/\/blogg.lnu.se\/centrumforidrottsutveckling\/?p=579\" \/>\r\n<meta property=\"og:locale\" content=\"sv_SE\" \/>\r\n<meta property=\"og:type\" content=\"article\" \/>\r\n<meta property=\"og:title\" content=\"Barnkonventionen och idrottsledares arbets- och f\u00f6rh\u00e5llningss\u00e4tt - Centrum f\u00f6r idrottsutveckling\" \/>\r\n<meta property=\"og:description\" content=\"Barnkonventionen instiftades som en ny lag i Sverige i januari \u00e5r 2020. Med tanke p\u00e5 detta var syftet med unders\u00f6kningen att studera den nya lagen och dess eventuella p\u00e5verkan g\u00e4llande idrottsledares arbets- och f\u00f6rh\u00e5llningss\u00e4tt. F\u00f6r att besvara studiens syfte och fr\u00e5gest\u00e4llningar genomf\u00f6rde f\u00f6rfattarna Ludvig Dahlbeck och M\u00e5ns Nilsson intervjuer med tio ledare fr\u00e5n olika f\u00f6reningar [&hellip;]\" \/>\r\n<meta property=\"og:url\" content=\"https:\/\/blogg.lnu.se\/centrumforidrottsutveckling\/?p=579\" \/>\r\n<meta property=\"og:site_name\" content=\"Centrum f\u00f6r idrottsutveckling\" \/>\r\n<meta property=\"article:published_time\" content=\"2021-06-11T11:12:00+00:00\" \/>\r\n<meta property=\"article:modified_time\" content=\"2021-06-17T09:18:48+00:00\" \/>\r\n<meta property=\"og:image\" content=\"https:\/\/blogg.lnu.se\/centrumforidrottsutveckling\/files\/2021\/06\/BB201022ZJ004.jpg\" \/>\r\n<meta name=\"author\" content=\"David Fax\u00e5\" \/>\r\n<meta name=\"twitter:card\" content=\"summary_large_image\" \/>\r\n<meta name=\"twitter:label1\" content=\"Skriven av\" \/>\n\t<meta name=\"twitter:data1\" content=\"David Fax\u00e5\" \/>\n\t<meta name=\"twitter:label2\" content=\"Ber\u00e4knad l\u00e4stid\" \/>\n\t<meta name=\"twitter:data2\" content=\"1 minut\" \/>\r\n<script type=\"application\/ld+json\" class=\"yoast-schema-graph\">{\"@context\":\"https:\/\/schema.org\",\"@graph\":[{\"@type\":\"WebPage\",\"@id\":\"https:\/\/blogg.lnu.se\/centrumforidrottsutveckling\/?p=579\",\"url\":\"https:\/\/blogg.lnu.se\/centrumforidrottsutveckling\/?p=579\",\"name\":\"Barnkonventionen och idrottsledares arbets- och f\u00f6rh\u00e5llningss\u00e4tt - Centrum f\u00f6r idrottsutveckling\",\"isPartOf\":{\"@id\":\"https:\/\/blogg.lnu.se\/centrumforidrottsutveckling\/#website\"},\"datePublished\":\"2021-06-11T11:12:00+00:00\",\"dateModified\":\"2021-06-17T09:18:48+00:00\",\"author\":{\"@id\":\"https:\/\/blogg.lnu.se\/centrumforidrottsutveckling\/#\/schema\/person\/05a569a5607fe4d7b94213f8276bf222\"},\"inLanguage\":\"sv-SE\",\"potentialAction\":[{\"@type\":\"ReadAction\",\"target\":[\"https:\/\/blogg.lnu.se\/centrumforidrottsutveckling\/?p=579\"]}]},{\"@type\":\"WebSite\",\"@id\":\"https:\/\/blogg.lnu.se\/centrumforidrottsutveckling\/#website\",\"url\":\"https:\/\/blogg.lnu.se\/centrumforidrottsutveckling\/\",\"name\":\"Centrum f\u00f6r idrottsutveckling\",\"description\":\"V\u00e4lkommen till v\u00e5r nyhetssida - en plats f\u00f6r intressanta reportage och spridning av aktuell kunskap\",\"potentialAction\":[{\"@type\":\"SearchAction\",\"target\":{\"@type\":\"EntryPoint\",\"urlTemplate\":\"https:\/\/blogg.lnu.se\/centrumforidrottsutveckling\/?s={search_term_string}\"},\"query-input\":\"required name=search_term_string\"}],\"inLanguage\":\"sv-SE\"},{\"@type\":\"Person\",\"@id\":\"https:\/\/blogg.lnu.se\/centrumforidrottsutveckling\/#\/schema\/person\/05a569a5607fe4d7b94213f8276bf222\",\"name\":\"David Fax\u00e5\",\"description\":\"David Fax\u00e5 arbetar som idrottskonsulent p\u00e5 RF-SISU Sm\u00e5land och i n\u00e4ra samverkan med Linn\u00e9universitetet i Centrum f\u00f6r Idrottsutveckling\",\"url\":\"https:\/\/blogg.lnu.se\/centrumforidrottsutveckling\/?author=5969\"}]}<\/script>\r\n<!-- \/ Yoast SEO plugin. -->","yoast_head_json":{"title":"Barnkonventionen och idrottsledares arbets- och f\u00f6rh\u00e5llningss\u00e4tt - Centrum f\u00f6r idrottsutveckling","robots":{"index":"index","follow":"follow","max-snippet":"max-snippet:-1","max-image-preview":"max-image-preview:large","max-video-preview":"max-video-preview:-1"},"canonical":"https:\/\/blogg.lnu.se\/centrumforidrottsutveckling\/?p=579","og_locale":"sv_SE","og_type":"article","og_title":"Barnkonventionen och idrottsledares arbets- och f\u00f6rh\u00e5llningss\u00e4tt - Centrum f\u00f6r idrottsutveckling","og_description":"Barnkonventionen instiftades som en ny lag i Sverige i januari \u00e5r 2020. Med tanke p\u00e5 detta var syftet med unders\u00f6kningen att studera den nya lagen och dess eventuella p\u00e5verkan g\u00e4llande idrottsledares arbets- och f\u00f6rh\u00e5llningss\u00e4tt. F\u00f6r att besvara studiens syfte och fr\u00e5gest\u00e4llningar genomf\u00f6rde f\u00f6rfattarna Ludvig Dahlbeck och M\u00e5ns Nilsson intervjuer med tio ledare fr\u00e5n olika f\u00f6reningar [&hellip;]","og_url":"https:\/\/blogg.lnu.se\/centrumforidrottsutveckling\/?p=579","og_site_name":"Centrum f\u00f6r idrottsutveckling","article_published_time":"2021-06-11T11:12:00+00:00","article_modified_time":"2021-06-17T09:18:48+00:00","og_image":[{"url":"https:\/\/blogg.lnu.se\/centrumforidrottsutveckling\/files\/2021\/06\/BB201022ZJ004.jpg"}],"author":"David Fax\u00e5","twitter_card":"summary_large_image","twitter_misc":{"Skriven av":"David Fax\u00e5","Ber\u00e4knad l\u00e4stid":"1 minut"},"schema":{"@context":"https:\/\/schema.org","@graph":[{"@type":"WebPage","@id":"https:\/\/blogg.lnu.se\/centrumforidrottsutveckling\/?p=579","url":"https:\/\/blogg.lnu.se\/centrumforidrottsutveckling\/?p=579","name":"Barnkonventionen och idrottsledares arbets- och f\u00f6rh\u00e5llningss\u00e4tt - Centrum f\u00f6r idrottsutveckling","isPartOf":{"@id":"https:\/\/blogg.lnu.se\/centrumforidrottsutveckling\/#website"},"datePublished":"2021-06-11T11:12:00+00:00","dateModified":"2021-06-17T09:18:48+00:00","author":{"@id":"https:\/\/blogg.lnu.se\/centrumforidrottsutveckling\/#\/schema\/person\/05a569a5607fe4d7b94213f8276bf222"},"inLanguage":"sv-SE","potentialAction":[{"@type":"ReadAction","target":["https:\/\/blogg.lnu.se\/centrumforidrottsutveckling\/?p=579"]}]},{"@type":"WebSite","@id":"https:\/\/blogg.lnu.se\/centrumforidrottsutveckling\/#website","url":"https:\/\/blogg.lnu.se\/centrumforidrottsutveckling\/","name":"Centrum f\u00f6r idrottsutveckling","description":"V\u00e4lkommen till v\u00e5r nyhetssida - en plats f\u00f6r intressanta reportage och spridning av aktuell kunskap","potentialAction":[{"@type":"SearchAction","target":{"@type":"EntryPoint","urlTemplate":"https:\/\/blogg.lnu.se\/centrumforidrottsutveckling\/?s={search_term_string}"},"query-input":"required name=search_term_string"}],"inLanguage":"sv-SE"},{"@type":"Person","@id":"https:\/\/blogg.lnu.se\/centrumforidrottsutveckling\/#\/schema\/person\/05a569a5607fe4d7b94213f8276bf222","name":"David Fax\u00e5","description":"David Fax\u00e5 arbetar som idrottskonsulent p\u00e5 RF-SISU Sm\u00e5land och i n\u00e4ra samverkan med Linn\u00e9universitetet i Centrum f\u00f6r Idrottsutveckling","url":"https:\/\/blogg.lnu.se\/centrumforidrottsutveckling\/?author=5969"}]}},"_links":{"self":[{"href":"https:\/\/blogg.lnu.se\/centrumforidrottsutveckling\/index.php?rest_route=\/wp\/v2\/posts\/579","targetHints":{"allow":["GET"]}}],"collection":[{"href":"https:\/\/blogg.lnu.se\/centrumforidrottsutveckling\/index.php?rest_route=\/wp\/v2\/posts"}],"about":[{"href":"https:\/\/blogg.lnu.se\/centrumforidrottsutveckling\/index.php?rest_route=\/wp\/v2\/types\/post"}],"author":[{"embeddable":true,"href":"https:\/\/blogg.lnu.se\/centrumforidrottsutveckling\/index.php?rest_route=\/wp\/v2\/users\/5969"}],"replies":[{"embeddable":true,"href":"https:\/\/blogg.lnu.se\/centrumforidrottsutveckling\/index.php?rest_route=%2Fwp%2Fv2%2Fcomments&post=579"}],"version-history":[{"count":5,"href":"https:\/\/blogg.lnu.se\/centrumforidrottsutveckling\/index.php?rest_route=\/wp\/v2\/posts\/579\/revisions"}],"predecessor-version":[{"id":609,"href":"https:\/\/blogg.lnu.se\/centrumforidrottsutveckling\/index.php?rest_route=\/wp\/v2\/posts\/579\/revisions\/609"}],"wp:attachment":[{"href":"https:\/\/blogg.lnu.se\/centrumforidrottsutveckling\/index.php?rest_route=%2Fwp%2Fv2%2Fmedia&parent=579"}],"wp:term":[{"taxonomy":"category","embeddable":true,"href":"https:\/\/blogg.lnu.se\/centrumforidrottsutveckling\/index.php?rest_route=%2Fwp%2Fv2%2Fcategories&post=579"},{"taxonomy":"post_tag","embeddable":true,"href":"https:\/\/blogg.lnu.se\/centrumforidrottsutveckling\/index.php?rest_route=%2Fwp%2Fv2%2Ftags&post=579"}],"curies":[{"name":"wp","href":"https:\/\/api.w.org\/{rel}","templated":true}]}}