{"id":644,"date":"2021-10-15T22:23:23","date_gmt":"2021-10-15T20:23:23","guid":{"rendered":"https:\/\/blogg.lnu.se\/centrumforidrottsutveckling\/?p=644"},"modified":"2021-10-15T22:24:38","modified_gmt":"2021-10-15T20:24:38","slug":"slutsnackat-en-satsning-for-att-forbattra-sprakbruket-i-ungdomsishockeyn","status":"publish","type":"post","link":"https:\/\/blogg.lnu.se\/centrumforidrottsutveckling\/?p=644","title":{"rendered":"SLUTSNACKAT!  \u2013 en satsning f\u00f6r att f\u00f6rb\u00e4ttra spr\u00e5kbruket i ungdomsishockeyn"},"content":{"rendered":"<p><strong><a href=\"https:\/\/blogg.lnu.se\/centrumforidrottsutveckling\/files\/2021\/10\/BB210925ZG023.jpg\"><img loading=\"lazy\" decoding=\"async\" class=\"alignnone wp-image-646\" src=\"https:\/\/blogg.lnu.se\/centrumforidrottsutveckling\/files\/2021\/10\/BB210925ZG023.jpg\" alt=\"\" width=\"636\" height=\"436\" \/><\/a><\/strong><\/p>\n<p><strong>I denna m\u00e5nads nyhetsbrev belyser vi en av idrottens baksidor och framf\u00f6r allt vad man kan g\u00f6ra f\u00f6r att f\u00f6rb\u00e4ttra situationen. Det handlar om ett \u00f6kat problem med matchstraff och avst\u00e4ngningar som beror p\u00e5 ett ol\u00e4mpligt spr\u00e5kbruk \u2013 i detta sammanhang inom ungdomsishockeyn. Nyhetsbrevet tar sin utg\u00e5ngspunkt i en nyligen presenterad rapport som har gjorts p\u00e5 uppdrag av Sm\u00e5lands Ishockeyf\u00f6rbund. Det \u00e4r medarbetare fr\u00e5n Linn\u00e9universitetet som har utf\u00f6rt studierna och n\u00e5gra av dem intervjuas i nyhetsbrevet.<\/strong><\/p>\n<h1>Bakgrund till rapporten<\/h1>\n<p>Sm\u00e5lands Ishockeyf\u00f6rbund har uppm\u00e4rksammat en accelererande problematik n\u00e4r det g\u00e4ller disciplin\u00e4renden i ungdomsishockeyn. Det handlar om att cirka h\u00e4lften av alla \u00e4renden\/avst\u00e4ngningar utg\u00f6rs av ett spr\u00e5kbruk som inte \u00e4r l\u00e4mpligt. \u00c4ven om sj\u00e4lva straffen ber\u00f6r spelare inkluderar omr\u00e5det andra intressenter som f\u00f6rbund, f\u00f6reningar, ledare, domare, f\u00f6r\u00e4ldrar och publik. F\u00f6rbundet best\u00e4mde sig d\u00e4rf\u00f6r att l\u00e5ngsiktigt ta itu med problematiken och s\u00e4tta ig\u00e5ng ett angel\u00e4get f\u00f6rebyggande och fr\u00e4mjande arbete.<\/p>\n<p>I planeringsarbetet involverades, f\u00f6rutom givna representanter fr\u00e5n Sm\u00e5lands Ishockeyf\u00f6rbund, ishockeyns Disciplinn\u00e4mnden i Region Syd, RF-SISU Sm\u00e5land och Linn\u00e9universitetet. I de inledande samtalen blev det tydligt att problemomr\u00e5det inte b\u00f6r hanteras med n\u00e5gon form av begr\u00e4nsad \u201dquick fix\u201d, utan en h\u00e5llbar f\u00f6r\u00e4ndring kr\u00e4ver ett brett och gediget angreppss\u00e4tt. Omr\u00e5det inrymmer allt fr\u00e5n historiska, kulturella och samh\u00e4lleliga aspekter till konkret hantering i idrottsf\u00f6reningarna och i domarkollektivet.<\/p>\n<h1>Infallsvinklar p\u00e5 omr\u00e5det spr\u00e5kbruk i ungdomsishockey<\/h1>\n<p>Den aktuella problematiken \u00e4r inte unik f\u00f6r ishockeyn i Sm\u00e5land. P\u00e5 senare \u00e5r har en tydlig \u00f6kning noterats vad g\u00e4ller disciplinstraff r\u00f6rande kr\u00e4nkande spr\u00e5kbruk \u2013 inte minst rasistiska, sexistiska och homofobiska uttryck \u2013 inom s\u00e5v\u00e4l nordamerikansk ungdomsishockey som svensk ishockey i stort p\u00e5 niv\u00e5erna n\u00e4rmast under seniorelit (J18, J20, division 1 m.m.).<\/p>\n<p>Det \u00e4r dock oklart om denna \u00f6kning beror p\u00e5 att regelverket ser h\u00e5rdare p\u00e5 saken \u00e4n tidigare, allts\u00e5 om fler straff delas ut av den anledningen, eller om det r\u00f6r sig om att kr\u00e4nkande spr\u00e5kbruk helt enkelt har blivit vanligare. Det ena beh\u00f6ver inte heller utesluta det andra. En sak \u00e4r emellertid st\u00e4lld utom alla tvivel: denna utveckling g\u00e4ller fr\u00e4mst pojk- och herrishockeyn, och i st\u00f6rst utstr\u00e4ckning p\u00e5 ungdomsniv\u00e5, det vill s\u00e4ga inte flick- och damverksamheten i n\u00e4mnv\u00e4rd omfattning. Det inneb\u00e4r att en genomlysning av problematiken m\u00e5ste se till ishockeyn som manlig kultur och praktik.<\/p>\n<p>Om man ser problemomr\u00e5det i ett historiskt och kulturellt perspektiv framkommer att v\u00e5ld och \u00f6vergrepp i olika former har varit en del av ishockeyn fr\u00e5n f\u00f6rsta b\u00f6rjan, men att inst\u00e4llningen till detta har varierat \u00f6ver tid och rum. Forskningen har kunnat peka p\u00e5 att inst\u00e4llningen \u00e4r kopplad till faktorer s\u00e5som social klass, ekonomi, utbildningsniv\u00e5, sexualitet, k\u00f6n, \u00e5lder, etnicitet, ledarskap, professionalisering\/amat\u00f6rism m.m. Rent generellt kan man s\u00e4ga att det finns en tydlig koppling mellan hur man ser p\u00e5 fr\u00e5gor kring spr\u00e5kbruk och v\u00e5ld och samh\u00e4llsutvecklingen i stort.<\/p>\n<p>Det inneb\u00e4r att en grundlig utredning av situationen b\u00f6r ta h\u00e4nsyn till ett antal olika fr\u00e5gor och niv\u00e5er, r\u00f6rande alltifr\u00e5n den \u00f6vergripande samh\u00e4llsutvecklingen och debatten inom ishockeyn i stort till ledarutbildningen och klubbarnas v\u00e4rdegrundsarbete j\u00e4mte spelarnas individuella syns\u00e4tt och agerande. Vad mer: ett f\u00f6rebyggande och fr\u00e4mjande arbete m\u00e5ste bedrivas l\u00f6pande \u00f6ver tid, eftersom det tar tid och kraft att genomf\u00f6ra ett gediget f\u00f6r\u00e4ndringsarbete, liksom det tar tid att f\u00f6r\u00e4ndra etablerade attityder och normstrukturer.<\/p>\n<p>Problematiken med ett ol\u00e4mpligt spr\u00e5kbruk s\u00e4tter ocks\u00e5 ljuset p\u00e5 ishockeyn som milj\u00f6 f\u00f6r barn och ungdomar. Intervjuer med f\u00f6r\u00e4ldrar visar att de s\u00e4tter stort v\u00e4rde p\u00e5 hur f\u00f6reningsmilj\u00f6n \u00e4r d\u00e4r deras barn \u201dvistas\u201d. \u00c4r det en god milj\u00f6? Kan man k\u00e4nna sig trygg? St\u00e5r den f\u00f6r en v\u00e4rdegrund som \u00e4r sund och utvecklande? Kort sagt, \u201d<em>vill jag att mina barn ska vara d\u00e4r?\u201d\u00a0<\/em><\/p>\n<p>Forskning, b\u00e5de internationellt och vid Linn\u00e9universitetet, har visat att en god f\u00f6reningsmilj\u00f6 pr\u00e4glas av s\u00e5v\u00e4l l\u00e5ngsiktig idrottslig utveckling som en holistisk m\u00e4nniskosyn, man utbildar inte unga hockeyspelare, man utvecklar <strong>unga m\u00e4nniskor som spelar ishockey<\/strong>. Det inneb\u00e4r att man prioriterar m\u00e4nniskan. Ofta h\u00f6rs uttryck som \u201df\u00f6rst m\u00e4nniskan, sedan atleten, sedan hockeyspelaren\u201d. Med detta menas att man i f\u00f6rsta hand ser sin roll som \u201dutvecklare av m\u00e4nniskor i ett livsperspektiv\u201d.<\/p>\n<p>Detta vet man ocks\u00e5 ger en god grund f\u00f6r dem som vill g\u00f6ra en framtida idrottssatsning.<\/p>\n<p>Det \u00e4r d\u00e4rf\u00f6r viktigt att inte enbart se p\u00e5 unga hockeyspelares beteenden och spr\u00e5kbruk. Man m\u00e5ste f\u00f6rst\u00e5 den milj\u00f6 d\u00e4r de finns och att sammanhanget (klubben\/hockeyn) har avg\u00f6rande betydelse f\u00f6r deras upptr\u00e4danden, och att d\u00e4rigenom \u00e4ven milj\u00f6n m\u00e5ste p\u00e5verkas om vi vill medverka till l\u00e5ngsiktig f\u00f6r\u00e4ndring. Ett holistiskt syns\u00e4tt inneb\u00e4r \u00e4ven att tr\u00e4nare och ledare har en betydligt st\u00f6rre roll \u00e4n att enbart l\u00e4ra ut idrottsliga f\u00e4rdigheter. De har en pedagogisk roll, vilket i \u201dklassisk\u201d mening betyder att de \u00f6verf\u00f6r kunskaper, f\u00e4rdigheter, v\u00e4rderingar och attityder. Deras roll som tr\u00e4nare, men ocks\u00e5 som \u201dfostrare\u201d, \u00e4r av avg\u00f6rande betydelse. Ett f\u00f6rebyggande och fr\u00e4mjande l\u00e5ngsiktigt arbete b\u00f6r med anledning av detta uppm\u00e4rksamma och involvera tr\u00e4nare och ledare. Det handlar om deras roll, attityder, kompetens, utbildning m.m.<\/p>\n<h1>Syfte och tillv\u00e4gag\u00e5ngss\u00e4tt<\/h1>\n<p>Syftet med projektet Slutsnackat! \u00e4r allts\u00e5 att f\u00f6r\u00e4ndra spr\u00e5kbruket i ungdomsishockeyn s\u00e5 att det dels bidrar till en god idrottslig utvecklingsmilj\u00f6, dels inte utg\u00f6r ett problem n\u00e4r det g\u00e4ller bestraffnings\u00e5tg\u00e4rder.<\/p>\n<p>F\u00f6r att kunna iscens\u00e4tta ett l\u00e5ngsiktigt \u00e5tg\u00e4rds-\/utvecklingsprogram fastslogs att det skulle g\u00f6ras en relativt omfattande f\u00f6rstudie. Detta f\u00f6r att f\u00e5 en helhetsbild av ishockeyns kultur med fokus p\u00e5 spr\u00e5kbruket, men ocks\u00e5 f\u00f6r att involvera ber\u00f6rda m\u00e5lgrupper med avsikten att f\u00e5 s\u00e5v\u00e4l deras bild av den r\u00e5dande situationen och orsakerna som l\u00e4mpliga insatser.<\/p>\n<p>I nyhetsbrevet f\u00e5r vi tr\u00e4ffa n\u00e5gra av de forskare som varit involverade i studien. <a href=\"https:\/\/blogg.lnu.se\/centrumforidrottsutveckling\/?p=653\">Tobias Stark ger historiska, sociala och kulturella perspektiv p\u00e5 spr\u00e5kbruk och straff inom ishockeyn<\/a>. <a href=\"https:\/\/blogg.lnu.se\/centrumforidrottsutveckling\/?p=649\">PG Fahlstr\u00f6m och Camilla Str\u00f6mberg delger vad som har framkommit i intervjuer med ledare, domare och\u00a0 styrelserepresentanter<\/a>, men ocks\u00e5 vad som har framkommit i de workshops som genomf\u00f6rts med dels killar och tjejer som spelar ishockey, dels med hockeydomare.. De kommer ocks\u00e5 att ber\u00e4tta om n\u00e5gra av de f\u00f6rebyggande och fr\u00e4mjande insatser som f\u00f6resl\u00e5s att startas upp.<\/p>\n<p>Vi \u00f6nskar en intressant tittning och lyssning!<\/p>\n","protected":false},"excerpt":{"rendered":"<p>I denna m\u00e5nads nyhetsbrev belyser vi en av idrottens baksidor och framf\u00f6r allt vad man kan g\u00f6ra f\u00f6r att f\u00f6rb\u00e4ttra situationen. Det handlar om ett \u00f6kat problem med matchstraff och avst\u00e4ngningar som beror p\u00e5 ett ol\u00e4mpligt spr\u00e5kbruk \u2013 i detta sammanhang inom ungdomsishockeyn. Nyhetsbrevet tar sin utg\u00e5ngspunkt i en nyligen presenterad rapport som har gjorts [&hellip;]<\/p>\n","protected":false},"author":5969,"featured_media":0,"comment_status":"open","ping_status":"open","sticky":false,"template":"","format":"standard","meta":{"footnotes":""},"categories":[31447,584],"tags":[],"class_list":["post-644","post","type-post","status-publish","format-standard","hentry","category-foreningsutveckling","category-nyheter"],"acf":[],"yoast_head":"<!-- This site is optimized with the Yoast SEO plugin v21.7 - https:\/\/yoast.com\/wordpress\/plugins\/seo\/ -->\r\n<title>SLUTSNACKAT! \u2013 en satsning f\u00f6r att f\u00f6rb\u00e4ttra spr\u00e5kbruket i ungdomsishockeyn - Centrum f\u00f6r idrottsutveckling<\/title>\r\n<meta name=\"robots\" content=\"index, follow, max-snippet:-1, max-image-preview:large, max-video-preview:-1\" \/>\r\n<link rel=\"canonical\" href=\"https:\/\/blogg.lnu.se\/centrumforidrottsutveckling\/?p=644\" \/>\r\n<meta property=\"og:locale\" content=\"sv_SE\" \/>\r\n<meta property=\"og:type\" content=\"article\" \/>\r\n<meta property=\"og:title\" content=\"SLUTSNACKAT! \u2013 en satsning f\u00f6r att f\u00f6rb\u00e4ttra spr\u00e5kbruket i ungdomsishockeyn - Centrum f\u00f6r idrottsutveckling\" \/>\r\n<meta property=\"og:description\" content=\"I denna m\u00e5nads nyhetsbrev belyser vi en av idrottens baksidor och framf\u00f6r allt vad man kan g\u00f6ra f\u00f6r att f\u00f6rb\u00e4ttra situationen. Det handlar om ett \u00f6kat problem med matchstraff och avst\u00e4ngningar som beror p\u00e5 ett ol\u00e4mpligt spr\u00e5kbruk \u2013 i detta sammanhang inom ungdomsishockeyn. Nyhetsbrevet tar sin utg\u00e5ngspunkt i en nyligen presenterad rapport som har gjorts [&hellip;]\" \/>\r\n<meta property=\"og:url\" content=\"https:\/\/blogg.lnu.se\/centrumforidrottsutveckling\/?p=644\" \/>\r\n<meta property=\"og:site_name\" content=\"Centrum f\u00f6r idrottsutveckling\" \/>\r\n<meta property=\"article:published_time\" content=\"2021-10-15T20:23:23+00:00\" \/>\r\n<meta property=\"article:modified_time\" content=\"2021-10-15T20:24:38+00:00\" \/>\r\n<meta property=\"og:image\" content=\"https:\/\/blogg.lnu.se\/centrumforidrottsutveckling\/files\/2021\/10\/BB210925ZG023.jpg\" \/>\r\n<meta name=\"author\" content=\"David Fax\u00e5\" \/>\r\n<meta name=\"twitter:card\" content=\"summary_large_image\" \/>\r\n<meta name=\"twitter:label1\" content=\"Skriven av\" \/>\n\t<meta name=\"twitter:data1\" content=\"David Fax\u00e5\" \/>\n\t<meta name=\"twitter:label2\" content=\"Ber\u00e4knad l\u00e4stid\" \/>\n\t<meta name=\"twitter:data2\" content=\"6 minuter\" \/>\r\n<script type=\"application\/ld+json\" class=\"yoast-schema-graph\">{\"@context\":\"https:\/\/schema.org\",\"@graph\":[{\"@type\":\"WebPage\",\"@id\":\"https:\/\/blogg.lnu.se\/centrumforidrottsutveckling\/?p=644\",\"url\":\"https:\/\/blogg.lnu.se\/centrumforidrottsutveckling\/?p=644\",\"name\":\"SLUTSNACKAT! \u2013 en satsning f\u00f6r att f\u00f6rb\u00e4ttra spr\u00e5kbruket i ungdomsishockeyn - Centrum f\u00f6r idrottsutveckling\",\"isPartOf\":{\"@id\":\"https:\/\/blogg.lnu.se\/centrumforidrottsutveckling\/#website\"},\"datePublished\":\"2021-10-15T20:23:23+00:00\",\"dateModified\":\"2021-10-15T20:24:38+00:00\",\"author\":{\"@id\":\"https:\/\/blogg.lnu.se\/centrumforidrottsutveckling\/#\/schema\/person\/05a569a5607fe4d7b94213f8276bf222\"},\"inLanguage\":\"sv-SE\",\"potentialAction\":[{\"@type\":\"ReadAction\",\"target\":[\"https:\/\/blogg.lnu.se\/centrumforidrottsutveckling\/?p=644\"]}]},{\"@type\":\"WebSite\",\"@id\":\"https:\/\/blogg.lnu.se\/centrumforidrottsutveckling\/#website\",\"url\":\"https:\/\/blogg.lnu.se\/centrumforidrottsutveckling\/\",\"name\":\"Centrum f\u00f6r idrottsutveckling\",\"description\":\"V\u00e4lkommen till v\u00e5r nyhetssida - en plats f\u00f6r intressanta reportage och spridning av aktuell kunskap\",\"potentialAction\":[{\"@type\":\"SearchAction\",\"target\":{\"@type\":\"EntryPoint\",\"urlTemplate\":\"https:\/\/blogg.lnu.se\/centrumforidrottsutveckling\/?s={search_term_string}\"},\"query-input\":\"required name=search_term_string\"}],\"inLanguage\":\"sv-SE\"},{\"@type\":\"Person\",\"@id\":\"https:\/\/blogg.lnu.se\/centrumforidrottsutveckling\/#\/schema\/person\/05a569a5607fe4d7b94213f8276bf222\",\"name\":\"David Fax\u00e5\",\"description\":\"David Fax\u00e5 arbetar som idrottskonsulent p\u00e5 RF-SISU Sm\u00e5land och i n\u00e4ra samverkan med Linn\u00e9universitetet i Centrum f\u00f6r Idrottsutveckling\",\"url\":\"https:\/\/blogg.lnu.se\/centrumforidrottsutveckling\/?author=5969\"}]}<\/script>\r\n<!-- \/ Yoast SEO plugin. -->","yoast_head_json":{"title":"SLUTSNACKAT! \u2013 en satsning f\u00f6r att f\u00f6rb\u00e4ttra spr\u00e5kbruket i ungdomsishockeyn - Centrum f\u00f6r idrottsutveckling","robots":{"index":"index","follow":"follow","max-snippet":"max-snippet:-1","max-image-preview":"max-image-preview:large","max-video-preview":"max-video-preview:-1"},"canonical":"https:\/\/blogg.lnu.se\/centrumforidrottsutveckling\/?p=644","og_locale":"sv_SE","og_type":"article","og_title":"SLUTSNACKAT! \u2013 en satsning f\u00f6r att f\u00f6rb\u00e4ttra spr\u00e5kbruket i ungdomsishockeyn - Centrum f\u00f6r idrottsutveckling","og_description":"I denna m\u00e5nads nyhetsbrev belyser vi en av idrottens baksidor och framf\u00f6r allt vad man kan g\u00f6ra f\u00f6r att f\u00f6rb\u00e4ttra situationen. Det handlar om ett \u00f6kat problem med matchstraff och avst\u00e4ngningar som beror p\u00e5 ett ol\u00e4mpligt spr\u00e5kbruk \u2013 i detta sammanhang inom ungdomsishockeyn. Nyhetsbrevet tar sin utg\u00e5ngspunkt i en nyligen presenterad rapport som har gjorts [&hellip;]","og_url":"https:\/\/blogg.lnu.se\/centrumforidrottsutveckling\/?p=644","og_site_name":"Centrum f\u00f6r idrottsutveckling","article_published_time":"2021-10-15T20:23:23+00:00","article_modified_time":"2021-10-15T20:24:38+00:00","og_image":[{"url":"https:\/\/blogg.lnu.se\/centrumforidrottsutveckling\/files\/2021\/10\/BB210925ZG023.jpg"}],"author":"David Fax\u00e5","twitter_card":"summary_large_image","twitter_misc":{"Skriven av":"David Fax\u00e5","Ber\u00e4knad l\u00e4stid":"6 minuter"},"schema":{"@context":"https:\/\/schema.org","@graph":[{"@type":"WebPage","@id":"https:\/\/blogg.lnu.se\/centrumforidrottsutveckling\/?p=644","url":"https:\/\/blogg.lnu.se\/centrumforidrottsutveckling\/?p=644","name":"SLUTSNACKAT! \u2013 en satsning f\u00f6r att f\u00f6rb\u00e4ttra spr\u00e5kbruket i ungdomsishockeyn - Centrum f\u00f6r idrottsutveckling","isPartOf":{"@id":"https:\/\/blogg.lnu.se\/centrumforidrottsutveckling\/#website"},"datePublished":"2021-10-15T20:23:23+00:00","dateModified":"2021-10-15T20:24:38+00:00","author":{"@id":"https:\/\/blogg.lnu.se\/centrumforidrottsutveckling\/#\/schema\/person\/05a569a5607fe4d7b94213f8276bf222"},"inLanguage":"sv-SE","potentialAction":[{"@type":"ReadAction","target":["https:\/\/blogg.lnu.se\/centrumforidrottsutveckling\/?p=644"]}]},{"@type":"WebSite","@id":"https:\/\/blogg.lnu.se\/centrumforidrottsutveckling\/#website","url":"https:\/\/blogg.lnu.se\/centrumforidrottsutveckling\/","name":"Centrum f\u00f6r idrottsutveckling","description":"V\u00e4lkommen till v\u00e5r nyhetssida - en plats f\u00f6r intressanta reportage och spridning av aktuell kunskap","potentialAction":[{"@type":"SearchAction","target":{"@type":"EntryPoint","urlTemplate":"https:\/\/blogg.lnu.se\/centrumforidrottsutveckling\/?s={search_term_string}"},"query-input":"required name=search_term_string"}],"inLanguage":"sv-SE"},{"@type":"Person","@id":"https:\/\/blogg.lnu.se\/centrumforidrottsutveckling\/#\/schema\/person\/05a569a5607fe4d7b94213f8276bf222","name":"David Fax\u00e5","description":"David Fax\u00e5 arbetar som idrottskonsulent p\u00e5 RF-SISU Sm\u00e5land och i n\u00e4ra samverkan med Linn\u00e9universitetet i Centrum f\u00f6r Idrottsutveckling","url":"https:\/\/blogg.lnu.se\/centrumforidrottsutveckling\/?author=5969"}]}},"_links":{"self":[{"href":"https:\/\/blogg.lnu.se\/centrumforidrottsutveckling\/index.php?rest_route=\/wp\/v2\/posts\/644","targetHints":{"allow":["GET"]}}],"collection":[{"href":"https:\/\/blogg.lnu.se\/centrumforidrottsutveckling\/index.php?rest_route=\/wp\/v2\/posts"}],"about":[{"href":"https:\/\/blogg.lnu.se\/centrumforidrottsutveckling\/index.php?rest_route=\/wp\/v2\/types\/post"}],"author":[{"embeddable":true,"href":"https:\/\/blogg.lnu.se\/centrumforidrottsutveckling\/index.php?rest_route=\/wp\/v2\/users\/5969"}],"replies":[{"embeddable":true,"href":"https:\/\/blogg.lnu.se\/centrumforidrottsutveckling\/index.php?rest_route=%2Fwp%2Fv2%2Fcomments&post=644"}],"version-history":[{"count":3,"href":"https:\/\/blogg.lnu.se\/centrumforidrottsutveckling\/index.php?rest_route=\/wp\/v2\/posts\/644\/revisions"}],"predecessor-version":[{"id":656,"href":"https:\/\/blogg.lnu.se\/centrumforidrottsutveckling\/index.php?rest_route=\/wp\/v2\/posts\/644\/revisions\/656"}],"wp:attachment":[{"href":"https:\/\/blogg.lnu.se\/centrumforidrottsutveckling\/index.php?rest_route=%2Fwp%2Fv2%2Fmedia&parent=644"}],"wp:term":[{"taxonomy":"category","embeddable":true,"href":"https:\/\/blogg.lnu.se\/centrumforidrottsutveckling\/index.php?rest_route=%2Fwp%2Fv2%2Fcategories&post=644"},{"taxonomy":"post_tag","embeddable":true,"href":"https:\/\/blogg.lnu.se\/centrumforidrottsutveckling\/index.php?rest_route=%2Fwp%2Fv2%2Ftags&post=644"}],"curies":[{"name":"wp","href":"https:\/\/api.w.org\/{rel}","templated":true}]}}