{"id":718,"date":"2022-03-15T18:31:24","date_gmt":"2022-03-15T16:31:24","guid":{"rendered":"https:\/\/blogg.lnu.se\/centrumforidrottsutveckling\/?p=718"},"modified":"2022-03-15T18:31:24","modified_gmt":"2022-03-15T16:31:24","slug":"video-tranaren-har-ett-enormt-ansvar-for-domarklimatet","status":"publish","type":"post","link":"https:\/\/blogg.lnu.se\/centrumforidrottsutveckling\/?p=718","title":{"rendered":"VIDEO: &#8221;Tr\u00e4naren har ett ENORMT ansvar f\u00f6r domarklimatet&#8221;"},"content":{"rendered":"<p><a href=\"https:\/\/blogg.lnu.se\/centrumforidrottsutveckling\/files\/2022\/03\/vm.jpg\"><img loading=\"lazy\" decoding=\"async\" class=\"alignnone  wp-image-719\" src=\"https:\/\/blogg.lnu.se\/centrumforidrottsutveckling\/files\/2022\/03\/vm.jpg\" alt=\"\" width=\"553\" height=\"370\" \/><\/a><\/p>\n<p>Det pratas om att det \u00e4r domarbrist och h\u00e5rdare klimat p\u00e5 planen. Vi st\u00e4llde fr\u00e5gorna direkt till tv\u00e5 domare, n\u00e4mligen Vanja Van Beelen (fotboll) och Melker Sonnbjer (ishockey). Men framf\u00f6rallt pratar vi om vilken roll tr\u00e4naren har kopplat till klimatet, hur f\u00f6reningar och f\u00f6rbund kan agera f\u00f6r att beh\u00e5lla och rekrytera domare samt hur de ser p\u00e5 domarskapets framtid.<\/p>\n<p><iframe loading=\"lazy\" title=\"CIU: Samtal med tv\u00e5 unga domare\" width=\"500\" height=\"281\" src=\"https:\/\/www.youtube.com\/embed\/T4a6log8eOc?feature=oembed\" frameborder=\"0\" allow=\"accelerometer; autoplay; clipboard-write; encrypted-media; gyroscope; picture-in-picture; web-share\" referrerpolicy=\"strict-origin-when-cross-origin\" allowfullscreen><\/iframe><\/p>\n<p>Vi ber om urs\u00e4kt f\u00f6r att ljudkvaliteten inte \u00e4r den krispigaste. Tekniken br\u00e5kade med oss under inspelningen.<\/p>\n","protected":false},"excerpt":{"rendered":"<p>Det pratas om att det \u00e4r domarbrist och h\u00e5rdare klimat p\u00e5 planen. Vi st\u00e4llde fr\u00e5gorna direkt till tv\u00e5 domare, n\u00e4mligen Vanja Van Beelen (fotboll) och Melker Sonnbjer (ishockey). Men framf\u00f6rallt pratar vi om vilken roll tr\u00e4naren har kopplat till klimatet, hur f\u00f6reningar och f\u00f6rbund kan agera f\u00f6r att beh\u00e5lla och rekrytera domare samt hur de [&hellip;]<\/p>\n","protected":false},"author":5969,"featured_media":0,"comment_status":"open","ping_status":"open","sticky":false,"template":"","format":"standard","meta":{"footnotes":""},"categories":[31448,584],"tags":[],"class_list":["post-718","post","type-post","status-publish","format-standard","hentry","category-aktiv","category-nyheter"],"acf":[],"yoast_head":"<!-- This site is optimized with the Yoast SEO plugin v21.7 - https:\/\/yoast.com\/wordpress\/plugins\/seo\/ -->\r\n<title>VIDEO: &quot;Tr\u00e4naren har ett ENORMT ansvar f\u00f6r domarklimatet&quot; - Centrum f\u00f6r idrottsutveckling<\/title>\r\n<meta name=\"robots\" content=\"index, follow, max-snippet:-1, max-image-preview:large, max-video-preview:-1\" \/>\r\n<link rel=\"canonical\" href=\"https:\/\/blogg.lnu.se\/centrumforidrottsutveckling\/?p=718\" \/>\r\n<meta property=\"og:locale\" content=\"sv_SE\" \/>\r\n<meta property=\"og:type\" content=\"article\" \/>\r\n<meta property=\"og:title\" content=\"VIDEO: &quot;Tr\u00e4naren har ett ENORMT ansvar f\u00f6r domarklimatet&quot; - Centrum f\u00f6r idrottsutveckling\" \/>\r\n<meta property=\"og:description\" content=\"Det pratas om att det \u00e4r domarbrist och h\u00e5rdare klimat p\u00e5 planen. Vi st\u00e4llde fr\u00e5gorna direkt till tv\u00e5 domare, n\u00e4mligen Vanja Van Beelen (fotboll) och Melker Sonnbjer (ishockey). Men framf\u00f6rallt pratar vi om vilken roll tr\u00e4naren har kopplat till klimatet, hur f\u00f6reningar och f\u00f6rbund kan agera f\u00f6r att beh\u00e5lla och rekrytera domare samt hur de [&hellip;]\" \/>\r\n<meta property=\"og:url\" content=\"https:\/\/blogg.lnu.se\/centrumforidrottsutveckling\/?p=718\" \/>\r\n<meta property=\"og:site_name\" content=\"Centrum f\u00f6r idrottsutveckling\" \/>\r\n<meta property=\"article:published_time\" content=\"2022-03-15T16:31:24+00:00\" \/>\r\n<meta property=\"og:image\" content=\"https:\/\/blogg.lnu.se\/centrumforidrottsutveckling\/files\/2022\/03\/vm.jpg\" \/>\r\n<meta name=\"author\" content=\"David Fax\u00e5\" \/>\r\n<meta name=\"twitter:card\" content=\"summary_large_image\" \/>\r\n<meta name=\"twitter:label1\" content=\"Skriven av\" \/>\n\t<meta name=\"twitter:data1\" content=\"David Fax\u00e5\" \/>\r\n<script type=\"application\/ld+json\" class=\"yoast-schema-graph\">{\"@context\":\"https:\/\/schema.org\",\"@graph\":[{\"@type\":\"WebPage\",\"@id\":\"https:\/\/blogg.lnu.se\/centrumforidrottsutveckling\/?p=718\",\"url\":\"https:\/\/blogg.lnu.se\/centrumforidrottsutveckling\/?p=718\",\"name\":\"VIDEO: \\\"Tr\u00e4naren har ett ENORMT ansvar f\u00f6r domarklimatet\\\" - Centrum f\u00f6r idrottsutveckling\",\"isPartOf\":{\"@id\":\"https:\/\/blogg.lnu.se\/centrumforidrottsutveckling\/#website\"},\"datePublished\":\"2022-03-15T16:31:24+00:00\",\"dateModified\":\"2022-03-15T16:31:24+00:00\",\"author\":{\"@id\":\"https:\/\/blogg.lnu.se\/centrumforidrottsutveckling\/#\/schema\/person\/05a569a5607fe4d7b94213f8276bf222\"},\"inLanguage\":\"sv-SE\",\"potentialAction\":[{\"@type\":\"ReadAction\",\"target\":[\"https:\/\/blogg.lnu.se\/centrumforidrottsutveckling\/?p=718\"]}]},{\"@type\":\"WebSite\",\"@id\":\"https:\/\/blogg.lnu.se\/centrumforidrottsutveckling\/#website\",\"url\":\"https:\/\/blogg.lnu.se\/centrumforidrottsutveckling\/\",\"name\":\"Centrum f\u00f6r idrottsutveckling\",\"description\":\"V\u00e4lkommen till v\u00e5r nyhetssida - en plats f\u00f6r intressanta reportage och spridning av aktuell kunskap\",\"potentialAction\":[{\"@type\":\"SearchAction\",\"target\":{\"@type\":\"EntryPoint\",\"urlTemplate\":\"https:\/\/blogg.lnu.se\/centrumforidrottsutveckling\/?s={search_term_string}\"},\"query-input\":\"required name=search_term_string\"}],\"inLanguage\":\"sv-SE\"},{\"@type\":\"Person\",\"@id\":\"https:\/\/blogg.lnu.se\/centrumforidrottsutveckling\/#\/schema\/person\/05a569a5607fe4d7b94213f8276bf222\",\"name\":\"David Fax\u00e5\",\"description\":\"David Fax\u00e5 arbetar som idrottskonsulent p\u00e5 RF-SISU Sm\u00e5land och i n\u00e4ra samverkan med Linn\u00e9universitetet i Centrum f\u00f6r Idrottsutveckling\",\"url\":\"https:\/\/blogg.lnu.se\/centrumforidrottsutveckling\/?author=5969\"}]}<\/script>\r\n<!-- \/ Yoast SEO plugin. -->","yoast_head_json":{"title":"VIDEO: \"Tr\u00e4naren har ett ENORMT ansvar f\u00f6r domarklimatet\" - Centrum f\u00f6r idrottsutveckling","robots":{"index":"index","follow":"follow","max-snippet":"max-snippet:-1","max-image-preview":"max-image-preview:large","max-video-preview":"max-video-preview:-1"},"canonical":"https:\/\/blogg.lnu.se\/centrumforidrottsutveckling\/?p=718","og_locale":"sv_SE","og_type":"article","og_title":"VIDEO: \"Tr\u00e4naren har ett ENORMT ansvar f\u00f6r domarklimatet\" - Centrum f\u00f6r idrottsutveckling","og_description":"Det pratas om att det \u00e4r domarbrist och h\u00e5rdare klimat p\u00e5 planen. Vi st\u00e4llde fr\u00e5gorna direkt till tv\u00e5 domare, n\u00e4mligen Vanja Van Beelen (fotboll) och Melker Sonnbjer (ishockey). Men framf\u00f6rallt pratar vi om vilken roll tr\u00e4naren har kopplat till klimatet, hur f\u00f6reningar och f\u00f6rbund kan agera f\u00f6r att beh\u00e5lla och rekrytera domare samt hur de [&hellip;]","og_url":"https:\/\/blogg.lnu.se\/centrumforidrottsutveckling\/?p=718","og_site_name":"Centrum f\u00f6r idrottsutveckling","article_published_time":"2022-03-15T16:31:24+00:00","og_image":[{"url":"https:\/\/blogg.lnu.se\/centrumforidrottsutveckling\/files\/2022\/03\/vm.jpg"}],"author":"David Fax\u00e5","twitter_card":"summary_large_image","twitter_misc":{"Skriven av":"David Fax\u00e5"},"schema":{"@context":"https:\/\/schema.org","@graph":[{"@type":"WebPage","@id":"https:\/\/blogg.lnu.se\/centrumforidrottsutveckling\/?p=718","url":"https:\/\/blogg.lnu.se\/centrumforidrottsutveckling\/?p=718","name":"VIDEO: \"Tr\u00e4naren har ett ENORMT ansvar f\u00f6r domarklimatet\" - Centrum f\u00f6r idrottsutveckling","isPartOf":{"@id":"https:\/\/blogg.lnu.se\/centrumforidrottsutveckling\/#website"},"datePublished":"2022-03-15T16:31:24+00:00","dateModified":"2022-03-15T16:31:24+00:00","author":{"@id":"https:\/\/blogg.lnu.se\/centrumforidrottsutveckling\/#\/schema\/person\/05a569a5607fe4d7b94213f8276bf222"},"inLanguage":"sv-SE","potentialAction":[{"@type":"ReadAction","target":["https:\/\/blogg.lnu.se\/centrumforidrottsutveckling\/?p=718"]}]},{"@type":"WebSite","@id":"https:\/\/blogg.lnu.se\/centrumforidrottsutveckling\/#website","url":"https:\/\/blogg.lnu.se\/centrumforidrottsutveckling\/","name":"Centrum f\u00f6r idrottsutveckling","description":"V\u00e4lkommen till v\u00e5r nyhetssida - en plats f\u00f6r intressanta reportage och spridning av aktuell kunskap","potentialAction":[{"@type":"SearchAction","target":{"@type":"EntryPoint","urlTemplate":"https:\/\/blogg.lnu.se\/centrumforidrottsutveckling\/?s={search_term_string}"},"query-input":"required name=search_term_string"}],"inLanguage":"sv-SE"},{"@type":"Person","@id":"https:\/\/blogg.lnu.se\/centrumforidrottsutveckling\/#\/schema\/person\/05a569a5607fe4d7b94213f8276bf222","name":"David Fax\u00e5","description":"David Fax\u00e5 arbetar som idrottskonsulent p\u00e5 RF-SISU Sm\u00e5land och i n\u00e4ra samverkan med Linn\u00e9universitetet i Centrum f\u00f6r Idrottsutveckling","url":"https:\/\/blogg.lnu.se\/centrumforidrottsutveckling\/?author=5969"}]}},"_links":{"self":[{"href":"https:\/\/blogg.lnu.se\/centrumforidrottsutveckling\/index.php?rest_route=\/wp\/v2\/posts\/718","targetHints":{"allow":["GET"]}}],"collection":[{"href":"https:\/\/blogg.lnu.se\/centrumforidrottsutveckling\/index.php?rest_route=\/wp\/v2\/posts"}],"about":[{"href":"https:\/\/blogg.lnu.se\/centrumforidrottsutveckling\/index.php?rest_route=\/wp\/v2\/types\/post"}],"author":[{"embeddable":true,"href":"https:\/\/blogg.lnu.se\/centrumforidrottsutveckling\/index.php?rest_route=\/wp\/v2\/users\/5969"}],"replies":[{"embeddable":true,"href":"https:\/\/blogg.lnu.se\/centrumforidrottsutveckling\/index.php?rest_route=%2Fwp%2Fv2%2Fcomments&post=718"}],"version-history":[{"count":1,"href":"https:\/\/blogg.lnu.se\/centrumforidrottsutveckling\/index.php?rest_route=\/wp\/v2\/posts\/718\/revisions"}],"predecessor-version":[{"id":720,"href":"https:\/\/blogg.lnu.se\/centrumforidrottsutveckling\/index.php?rest_route=\/wp\/v2\/posts\/718\/revisions\/720"}],"wp:attachment":[{"href":"https:\/\/blogg.lnu.se\/centrumforidrottsutveckling\/index.php?rest_route=%2Fwp%2Fv2%2Fmedia&parent=718"}],"wp:term":[{"taxonomy":"category","embeddable":true,"href":"https:\/\/blogg.lnu.se\/centrumforidrottsutveckling\/index.php?rest_route=%2Fwp%2Fv2%2Fcategories&post=718"},{"taxonomy":"post_tag","embeddable":true,"href":"https:\/\/blogg.lnu.se\/centrumforidrottsutveckling\/index.php?rest_route=%2Fwp%2Fv2%2Ftags&post=718"}],"curies":[{"name":"wp","href":"https:\/\/api.w.org\/{rel}","templated":true}]}}