{"id":810,"date":"2022-09-15T18:14:38","date_gmt":"2022-09-15T16:14:38","guid":{"rendered":"https:\/\/blogg.lnu.se\/centrumforidrottsutveckling\/?p=810"},"modified":"2022-09-15T18:14:59","modified_gmt":"2022-09-15T16:14:59","slug":"aterstart-rekrytera-och-behalla-ledare","status":"publish","type":"post","link":"https:\/\/blogg.lnu.se\/centrumforidrottsutveckling\/?p=810","title":{"rendered":"\u00c5TERSTART \u2013 rekrytera och beh\u00e5lla ledare"},"content":{"rendered":"<p><em><a href=\"https:\/\/blogg.lnu.se\/centrumforidrottsutveckling\/files\/2022\/09\/Bild4.png\"><img loading=\"lazy\" decoding=\"async\" class=\"alignnone size-full wp-image-814\" src=\"https:\/\/blogg.lnu.se\/centrumforidrottsutveckling\/files\/2022\/09\/Bild4.png\" alt=\"\" width=\"411\" height=\"231\" srcset=\"https:\/\/blogg.lnu.se\/centrumforidrottsutveckling\/wp-content\/blogs.dir\/213\/files\/sites\/213\/2022\/09\/Bild4.png 411w, https:\/\/blogg.lnu.se\/centrumforidrottsutveckling\/wp-content\/blogs.dir\/213\/files\/sites\/213\/2022\/09\/Bild4-300x169.png 300w\" sizes=\"auto, (max-width: 411px) 100vw, 411px\" \/><\/a><\/em><\/p>\n<p><em>I nyhetsbreven under augusti, september och oktober \u00e4gnar vi oss \u00e5t idrottens s.k. \u00e5terstart efter de konsekvenser som pandemin har inneburit. I augusti sammanfattade vi olika l\u00e4rdomar som gjorts nationellt, men ocks\u00e5 mera specifikt i Sm\u00e5landsregionen. I oktober m\u00e5nads nyhetsbrev fokuserar vi p\u00e5 \u00e5terstarten f\u00f6r barn och ungdomar, medan detta nummer riktas mot ledarsidan \u2013 hur har idrotterna p\u00e5verkats och vad kan vara bra att t\u00e4nka p\u00e5 n\u00e4r det g\u00e4ller s\u00e5v\u00e4l rekrytering som att beh\u00e5lla ledare.<\/em><\/p>\n<p>Som vi noterade i <a href=\"https:\/\/mailchi.mp\/46ceb514ae7b\/barns-syn-p-idrott-och-vad-kan-freningar-lra-15880657?e=0db9151e3c\">f\u00f6rra nyhetsbrevet<\/a> har coronapandemin haft stor negativ p\u00e5verkan p\u00e5 idrotten, men det \u00e4r samtidigt betydande skillnader mellan olika idrotter. Av naturliga sk\u00e4l har pandemin drabbat inomhusidrotter mer i allm\u00e4nhet och kampidrotter samt paraidrotter i synnerhet. F\u00f6rutom att det inverkat p\u00e5 de aktivas m\u00f6jligheter till aktiviteter har ledare, tr\u00e4nare, funktion\u00e4rer och domare slutat. Nedanst\u00e5ende bild visar p\u00e5 att det \u00e4r olika ledarfunktioner i idrottsf\u00f6reningen som man har haft sv\u00e5rt att beh\u00e5lla p\u00e5 grund av pandemin (Riksidrottsf\u00f6rbundet, <em>Tv\u00e5 \u00e5r med corona \u2013 mars 2022<\/em>).<\/p>\n<p><a href=\"https:\/\/blogg.lnu.se\/centrumforidrottsutveckling\/files\/2022\/09\/Bild3.png\"><img loading=\"lazy\" decoding=\"async\" class=\"alignnone  wp-image-812\" src=\"https:\/\/blogg.lnu.se\/centrumforidrottsutveckling\/files\/2022\/09\/Bild3.png\" alt=\"\" width=\"410\" height=\"228\" \/><\/a><\/p>\n<p>Att ledare slutar n\u00e4r det inte ges m\u00f6jlighet att genomf\u00f6ra tr\u00e4ningar, t\u00e4vlingar och matcher \u00e4r p\u00e5 n\u00e5got s\u00e4tt \u201dnaturligt\u201d, men fr\u00e5gan \u00e4r nu hur man f\u00e5r tillbaka ledare i olika roller n\u00e4r verksamheten tar fart igen? Kommer det att ske av sig sj\u00e4lv eller \u00e4r det av vikt att man fr\u00e5n f\u00f6reningsh\u00e5ll g\u00f6r olika insatser f\u00f6r att de ska komma tillbaka? Det kan f\u00f6rst\u00e5s vara betydelsefullt att f\u00e5 ekonomiskt st\u00f6d f\u00f6r att g\u00f6ra rekryteringssatsningar, genomf\u00f6ra ledarutbildningar med mera \u2013 men vad \u00e4r det som inspirerar ledare att engagera sig i olika funktioner? Som ett bidrag f\u00f6r att g\u00f6ra \u00e4ndam\u00e5lsenliga insatser presenterar vi h\u00e4r b\u00e5de n\u00e5gra teoretiska och erfarenhetsm\u00e4ssiga tankar.<\/p>\n<h2>Ett teoretiskt angreppss\u00e4tt<\/h2>\n<p>En teori som \u00e4r aktuell i sammanhanget, s\u00e5v\u00e4l n\u00e4r det g\u00e4ller att motivera ledare som aktiva, \u00e4r den s.k. <strong>sj\u00e4lvbest\u00e4mmandeteorin<\/strong> (Self Determination Theory, SDT). Det \u00e4r en motivationsteori som funnits l\u00e4nge och som utvecklats av psykologerna Edward Deci och Richard Ryan. Teorin pekar p\u00e5 att det inte \u00e4r m\u00e4ngden motivation som vi har som \u00e4r avg\u00f6rande utan vilken typ av motivation som vi styrks av. Man skiljer inre respektive yttre motivation d\u00e4r det \u00e4r de <em>inre motiven<\/em> som spelar en avg\u00f6rande roll. Med <em>inre motiv<\/em> avses n\u00e5got som man g\u00f6r f\u00f6r dess egen skull f\u00f6r att man upplever det som intressant och tillfredsst\u00e4llande i sig.<\/p>\n<p>F\u00f6r att uppleva en inre motivation pekar sj\u00e4lvbest\u00e4mmandeteorin p\u00e5 tre grundl\u00e4ggande psykologiska behov som \u00e4r v\u00e4sentliga. De \u00e4r:<\/p>\n<ul>\n<li><strong>Kompetens <\/strong>\u2013 k\u00e4nna att man \u00e4r kapabel, har koll och har f\u00f6rm\u00e5ga att bidra till att n\u00e5 verksamhetens m\u00e5l.<\/li>\n<li><strong>Sj\u00e4lvst\u00e4ndighet, styra\/p\u00e5verka<\/strong> \u2013 upplever att man f\u00e5r ta ansvar, kan styra och ta egna initiativ.<\/li>\n<li><strong>Tillh\u00f6righet<\/strong> \u2013 social meningsfullhet, goda och st\u00f6djande relationer i ledargruppen.<\/li>\n<\/ul>\n<p>Utifr\u00e5n detta teoretiska resonemang blir det intressant att fundera p\u00e5 vad det kan inneb\u00e4ra i verkligheten. Vad kan exempelvis en idrottsf\u00f6rening g\u00f6ra f\u00f6r att tillvarata dessa slutsatser i arbetet med att rekrytera och beh\u00e5lla ledare? I nedanst\u00e5ende bild har vi f\u00f6rs\u00f6kt att skissa p\u00e5 vad det skulle kunna handla om.<\/p>\n<p><a href=\"https:\/\/blogg.lnu.se\/centrumforidrottsutveckling\/files\/2022\/09\/Bild1.png\"><img loading=\"lazy\" decoding=\"async\" class=\"alignnone  wp-image-811\" src=\"https:\/\/blogg.lnu.se\/centrumforidrottsutveckling\/files\/2022\/09\/Bild1.png\" alt=\"\" width=\"482\" height=\"270\" srcset=\"https:\/\/blogg.lnu.se\/centrumforidrottsutveckling\/wp-content\/blogs.dir\/213\/files\/sites\/213\/2022\/09\/Bild1.png 549w, https:\/\/blogg.lnu.se\/centrumforidrottsutveckling\/wp-content\/blogs.dir\/213\/files\/sites\/213\/2022\/09\/Bild1-300x169.png 300w\" sizes=\"auto, (max-width: 482px) 100vw, 482px\" \/><\/a><\/p>\n<p>I de nedre fyrkanterna beskrivs vad behoven <em>kompetens, sj\u00e4lvst\u00e4ndighet <\/em>och<em> tillh\u00f6righet<\/em> kan inneb\u00e4ra. I n\u00e4sta steg blir fr\u00e5gan <strong>hur<\/strong> exempelvis ansvariga i en f\u00f6rening kan arbeta med dessa delar i rekrytering, ledarv\u00e5rd etc.? H\u00e4r kan f\u00f6reningen med f\u00f6rdel se \u00f6ver de delar som lyfts och bed\u00f6ma var man redan \u00e4r v\u00e4l framme och vad som skulle kunna vara utvecklingsbart \u2013 och i n\u00e4sta steg iscens\u00e4tta ett f\u00f6r\u00e4ndringsarbete.<\/p>\n<h2>Ett erfarenhetsbaserat angreppss\u00e4tt<\/h2>\n<p>Omr\u00e5det kring vad som motiverar m\u00e4nniskor att engagera sig ideellt och vad som g\u00f6r att vissa ledare stannar kvar medan andra hoppar av har ocks\u00e5 studerats relativt nyligen i Sverige, i synnerhet av Aron Schoug. Schoug \u00e4r doktor i pedagogik vid Stockholms universitet och har bland annat skrivit en bok i \u00e4mnet \u2013 \u201dMotivera ideella \u2013 om ledarskap, m\u00e4nniskors behov och drivkrafter\u201d.<\/p>\n<p>De drivkrafter som Schoug pekar p\u00e5 \u00f6verensst\u00e4mmer till stor del med teorin om sj\u00e4lvbest\u00e4mmande. Delarna som lyfts som v\u00e4sentliga f\u00f6r motivation och engagemang \u00e4r:<\/p>\n<ul>\n<li><strong>Sakfr\u00e5gor<\/strong> \u2013 gediget intresse f\u00f6r inneh\u00e5llet i verksamheten och f\u00e5r arbeta med de fr\u00e5gor som man \u00e4r engagerad i.<\/li>\n<li><strong>Livspussel<\/strong> \u2013 betydelsen av att f\u00e5 ihop den samlade vardagen d\u00e4r det ideella engagemanget \u00e4r en del.<\/li>\n<li><strong>Beslutsprocesser<\/strong> \u2013 ges delaktighet och inflytande i f\u00f6reningens verksamhet och de beslut som tas.<\/li>\n<li><strong>Gruppdynamik<\/strong> \u2013 att vara med i en gruppgemenskap med en tydlig roll och ett uttryckligt ansvar.<\/li>\n<\/ul>\n<p><a href=\"https:\/\/blogg.lnu.se\/centrumforidrottsutveckling\/files\/2022\/09\/Bild2.png\"><img loading=\"lazy\" decoding=\"async\" class=\"alignnone  wp-image-813\" src=\"https:\/\/blogg.lnu.se\/centrumforidrottsutveckling\/files\/2022\/09\/Bild2.png\" alt=\"\" width=\"498\" height=\"261\" \/><\/a><\/p>\n<p>\u00c4ven h\u00e4r \u00e4r fr\u00e5gan hur f\u00f6reningen kan arbeta med de fyra drivkrafterna som lyfts fram. Det g\u00e4ller att ansvariga, ledare eller f\u00f6rtroendevalda, skapar r\u00e4tt f\u00f6ruts\u00e4ttningar f\u00f6r dem som vill engagera sig. Schoug menar att det beh\u00f6vs olika former av ledarskap f\u00f6r att underst\u00f6dja de skilda delarna. N\u00e4r det g\u00e4ller sakfr\u00e5gor och beslutsprocesser \u00e4r det av vikt att ge handlingsutrymme och f\u00f6rdela m\u00f6jligheten att fatta beslut. Ser man till delarna kring livspussel och gruppdynamik kr\u00e4vs det s\u00e4kerligen ett mera aktivt ledarskap d\u00e4r ansvariga tar initiativ f\u00f6r att relevanta saker ska h\u00e4nda.<\/p>\n<p>&nbsp;<\/p>\n<p>V\u00e5r f\u00f6rhoppning \u00e4r att de teoretiska och erfarenhetsm\u00e4ssiga tankar som presenterats kan ge inspiration f\u00f6r ett angel\u00e4get arbete i f\u00f6reningarna f\u00f6r att b\u00e5de rekrytera och beh\u00e5lla ledare. Som n\u00e4mnts kommer vi att forts\u00e4tta att belysa fr\u00e5gor kring \u00e5terstarten i n\u00e4sta m\u00e5nads nyhetsbrev \u2013 d\u00e5 med inriktning gentemot de aktiva och med fokus p\u00e5 att rekrytera och beh\u00e5lla barn och ungdomar.<\/p>\n<h2>K\u00e4llor<\/h2>\n<ul>\n<li>Ryan, R. M. &amp; Deci, E. L. (2000). Self-determination theory and the facilitation of intrinsic motivation, social development, and well-being.\u00a0<em>American Psychologist<\/em>, 55<br \/>\n<a href=\"https:\/\/selfdeterminationtheory.org\/SDT\/documents\/2000_RyanDeci_SDT.pdf\">https:\/\/selfdeterminationtheory.org\/SDT\/documents\/2000_RyanDeci_SDT.pdf<\/a> (h\u00e4mtad 22-09-01)<\/li>\n<\/ul>\n<p>&nbsp;<\/p>\n<ul>\n<li>Schoug, Aron (2018). <em>Motivera ideella &#8211; om ledarskap, m\u00e4nniskors behov och drivkrafter<\/em>. Stockholm: Idealistas.<\/li>\n<\/ul>\n<p>&nbsp;<\/p>\n<ul>\n<li>Schoug, Aron (2021), <em>Motivera ideella<\/em> (f\u00f6rel\u00e4sning)<br \/>\nF\u00f6reningssymposium, V\u00e4sterg\u00f6tlands Fotbollsf\u00f6rbund, 2021-01-23<br \/>\n<a href=\"https:\/\/www.youtube.com\/watch?v=9ogbzYVaDKE\"><em>https:\/\/www.youtube.com\/watch?v=9ogbzYVaDKE<\/em><\/a><em>\u00a0 <\/em>(h\u00e4mtad 2022-08-31)<\/li>\n<\/ul>\n<p>&nbsp;<\/p>\n<ul>\n<li><em>Tv\u00e5 \u00e5r med corona \u2013 mars 2022. <\/em>Riksidrottsf\u00f6rbundet, rapport 2022<br \/>\n<a href=\"https:\/\/www.rf.se\/globalassets\/riksidrottsforbundet\/nya-dokument\/nya-dokumentbanken\/ovrigt\/tva-ar-med-corona.pdf\">https:\/\/www.rf.se\/globalassets\/riksidrottsforbundet\/nya-dokument\/nya-dokumentbanken\/ovrigt\/tva-ar-med-corona.pdf<\/a><\/li>\n<\/ul>\n","protected":false},"excerpt":{"rendered":"<p>I nyhetsbreven under augusti, september och oktober \u00e4gnar vi oss \u00e5t idrottens s.k. \u00e5terstart efter de konsekvenser som pandemin har inneburit. I augusti sammanfattade vi olika l\u00e4rdomar som gjorts nationellt, men ocks\u00e5 mera specifikt i Sm\u00e5landsregionen. I oktober m\u00e5nads nyhetsbrev fokuserar vi p\u00e5 \u00e5terstarten f\u00f6r barn och ungdomar, medan detta nummer riktas mot ledarsidan \u2013 [&hellip;]<\/p>\n","protected":false},"author":17879,"featured_media":0,"comment_status":"open","ping_status":"open","sticky":false,"template":"","format":"standard","meta":{"footnotes":""},"categories":[32441],"tags":[],"class_list":["post-810","post","type-post","status-publish","format-standard","hentry","category-motivation"],"acf":[],"yoast_head":"<!-- This site is optimized with the Yoast SEO plugin v21.7 - https:\/\/yoast.com\/wordpress\/plugins\/seo\/ -->\r\n<title>\u00c5TERSTART \u2013 rekrytera och beh\u00e5lla ledare - Centrum f\u00f6r idrottsutveckling<\/title>\r\n<meta name=\"robots\" content=\"index, follow, max-snippet:-1, max-image-preview:large, max-video-preview:-1\" \/>\r\n<link rel=\"canonical\" href=\"https:\/\/blogg.lnu.se\/centrumforidrottsutveckling\/?p=810\" \/>\r\n<meta property=\"og:locale\" content=\"sv_SE\" \/>\r\n<meta property=\"og:type\" content=\"article\" \/>\r\n<meta property=\"og:title\" content=\"\u00c5TERSTART \u2013 rekrytera och beh\u00e5lla ledare - Centrum f\u00f6r idrottsutveckling\" \/>\r\n<meta property=\"og:description\" content=\"I nyhetsbreven under augusti, september och oktober \u00e4gnar vi oss \u00e5t idrottens s.k. \u00e5terstart efter de konsekvenser som pandemin har inneburit. I augusti sammanfattade vi olika l\u00e4rdomar som gjorts nationellt, men ocks\u00e5 mera specifikt i Sm\u00e5landsregionen. I oktober m\u00e5nads nyhetsbrev fokuserar vi p\u00e5 \u00e5terstarten f\u00f6r barn och ungdomar, medan detta nummer riktas mot ledarsidan \u2013 [&hellip;]\" \/>\r\n<meta property=\"og:url\" content=\"https:\/\/blogg.lnu.se\/centrumforidrottsutveckling\/?p=810\" \/>\r\n<meta property=\"og:site_name\" content=\"Centrum f\u00f6r idrottsutveckling\" \/>\r\n<meta property=\"article:published_time\" content=\"2022-09-15T16:14:38+00:00\" \/>\r\n<meta property=\"article:modified_time\" content=\"2022-09-15T16:14:59+00:00\" \/>\r\n<meta property=\"og:image\" content=\"https:\/\/blogg.lnu.se\/centrumforidrottsutveckling\/files\/2022\/09\/Bild4.png\" \/>\r\n<meta name=\"author\" content=\"Mats Glemne\" \/>\r\n<meta name=\"twitter:card\" content=\"summary_large_image\" \/>\r\n<meta name=\"twitter:label1\" content=\"Skriven av\" \/>\n\t<meta name=\"twitter:data1\" content=\"Mats Glemne\" \/>\n\t<meta name=\"twitter:label2\" content=\"Ber\u00e4knad l\u00e4stid\" \/>\n\t<meta name=\"twitter:data2\" content=\"6 minuter\" \/>\r\n<script type=\"application\/ld+json\" class=\"yoast-schema-graph\">{\"@context\":\"https:\/\/schema.org\",\"@graph\":[{\"@type\":\"WebPage\",\"@id\":\"https:\/\/blogg.lnu.se\/centrumforidrottsutveckling\/?p=810\",\"url\":\"https:\/\/blogg.lnu.se\/centrumforidrottsutveckling\/?p=810\",\"name\":\"\u00c5TERSTART \u2013 rekrytera och beh\u00e5lla ledare - Centrum f\u00f6r idrottsutveckling\",\"isPartOf\":{\"@id\":\"https:\/\/blogg.lnu.se\/centrumforidrottsutveckling\/#website\"},\"datePublished\":\"2022-09-15T16:14:38+00:00\",\"dateModified\":\"2022-09-15T16:14:59+00:00\",\"author\":{\"@id\":\"https:\/\/blogg.lnu.se\/centrumforidrottsutveckling\/#\/schema\/person\/b86d714c2ae55a2858c32e65b660ea95\"},\"inLanguage\":\"sv-SE\",\"potentialAction\":[{\"@type\":\"ReadAction\",\"target\":[\"https:\/\/blogg.lnu.se\/centrumforidrottsutveckling\/?p=810\"]}]},{\"@type\":\"WebSite\",\"@id\":\"https:\/\/blogg.lnu.se\/centrumforidrottsutveckling\/#website\",\"url\":\"https:\/\/blogg.lnu.se\/centrumforidrottsutveckling\/\",\"name\":\"Centrum f\u00f6r idrottsutveckling\",\"description\":\"V\u00e4lkommen till v\u00e5r nyhetssida - en plats f\u00f6r intressanta reportage och spridning av aktuell kunskap\",\"potentialAction\":[{\"@type\":\"SearchAction\",\"target\":{\"@type\":\"EntryPoint\",\"urlTemplate\":\"https:\/\/blogg.lnu.se\/centrumforidrottsutveckling\/?s={search_term_string}\"},\"query-input\":\"required name=search_term_string\"}],\"inLanguage\":\"sv-SE\"},{\"@type\":\"Person\",\"@id\":\"https:\/\/blogg.lnu.se\/centrumforidrottsutveckling\/#\/schema\/person\/b86d714c2ae55a2858c32e65b660ea95\",\"name\":\"Mats Glemne\",\"description\":\"Min tj\u00e4nst \u00e4r delad mellan utbildning, forskning och ansvarsuppdrag vid s\u00e5v\u00e4l Inst. f\u00f6r idrottsvetenskap som andra institutioner vid Fakulteten f\u00f6r samh\u00e4llsvetenskap.\",\"sameAs\":[\"https:\/\/lnu.se\/personal\/mats.glemne\/\"],\"url\":\"https:\/\/blogg.lnu.se\/centrumforidrottsutveckling\/?author=17879\"}]}<\/script>\r\n<!-- \/ Yoast SEO plugin. -->","yoast_head_json":{"title":"\u00c5TERSTART \u2013 rekrytera och beh\u00e5lla ledare - Centrum f\u00f6r idrottsutveckling","robots":{"index":"index","follow":"follow","max-snippet":"max-snippet:-1","max-image-preview":"max-image-preview:large","max-video-preview":"max-video-preview:-1"},"canonical":"https:\/\/blogg.lnu.se\/centrumforidrottsutveckling\/?p=810","og_locale":"sv_SE","og_type":"article","og_title":"\u00c5TERSTART \u2013 rekrytera och beh\u00e5lla ledare - Centrum f\u00f6r idrottsutveckling","og_description":"I nyhetsbreven under augusti, september och oktober \u00e4gnar vi oss \u00e5t idrottens s.k. \u00e5terstart efter de konsekvenser som pandemin har inneburit. I augusti sammanfattade vi olika l\u00e4rdomar som gjorts nationellt, men ocks\u00e5 mera specifikt i Sm\u00e5landsregionen. I oktober m\u00e5nads nyhetsbrev fokuserar vi p\u00e5 \u00e5terstarten f\u00f6r barn och ungdomar, medan detta nummer riktas mot ledarsidan \u2013 [&hellip;]","og_url":"https:\/\/blogg.lnu.se\/centrumforidrottsutveckling\/?p=810","og_site_name":"Centrum f\u00f6r idrottsutveckling","article_published_time":"2022-09-15T16:14:38+00:00","article_modified_time":"2022-09-15T16:14:59+00:00","og_image":[{"url":"https:\/\/blogg.lnu.se\/centrumforidrottsutveckling\/files\/2022\/09\/Bild4.png"}],"author":"Mats Glemne","twitter_card":"summary_large_image","twitter_misc":{"Skriven av":"Mats Glemne","Ber\u00e4knad l\u00e4stid":"6 minuter"},"schema":{"@context":"https:\/\/schema.org","@graph":[{"@type":"WebPage","@id":"https:\/\/blogg.lnu.se\/centrumforidrottsutveckling\/?p=810","url":"https:\/\/blogg.lnu.se\/centrumforidrottsutveckling\/?p=810","name":"\u00c5TERSTART \u2013 rekrytera och beh\u00e5lla ledare - Centrum f\u00f6r idrottsutveckling","isPartOf":{"@id":"https:\/\/blogg.lnu.se\/centrumforidrottsutveckling\/#website"},"datePublished":"2022-09-15T16:14:38+00:00","dateModified":"2022-09-15T16:14:59+00:00","author":{"@id":"https:\/\/blogg.lnu.se\/centrumforidrottsutveckling\/#\/schema\/person\/b86d714c2ae55a2858c32e65b660ea95"},"inLanguage":"sv-SE","potentialAction":[{"@type":"ReadAction","target":["https:\/\/blogg.lnu.se\/centrumforidrottsutveckling\/?p=810"]}]},{"@type":"WebSite","@id":"https:\/\/blogg.lnu.se\/centrumforidrottsutveckling\/#website","url":"https:\/\/blogg.lnu.se\/centrumforidrottsutveckling\/","name":"Centrum f\u00f6r idrottsutveckling","description":"V\u00e4lkommen till v\u00e5r nyhetssida - en plats f\u00f6r intressanta reportage och spridning av aktuell kunskap","potentialAction":[{"@type":"SearchAction","target":{"@type":"EntryPoint","urlTemplate":"https:\/\/blogg.lnu.se\/centrumforidrottsutveckling\/?s={search_term_string}"},"query-input":"required name=search_term_string"}],"inLanguage":"sv-SE"},{"@type":"Person","@id":"https:\/\/blogg.lnu.se\/centrumforidrottsutveckling\/#\/schema\/person\/b86d714c2ae55a2858c32e65b660ea95","name":"Mats Glemne","description":"Min tj\u00e4nst \u00e4r delad mellan utbildning, forskning och ansvarsuppdrag vid s\u00e5v\u00e4l Inst. f\u00f6r idrottsvetenskap som andra institutioner vid Fakulteten f\u00f6r samh\u00e4llsvetenskap.","sameAs":["https:\/\/lnu.se\/personal\/mats.glemne\/"],"url":"https:\/\/blogg.lnu.se\/centrumforidrottsutveckling\/?author=17879"}]}},"_links":{"self":[{"href":"https:\/\/blogg.lnu.se\/centrumforidrottsutveckling\/index.php?rest_route=\/wp\/v2\/posts\/810","targetHints":{"allow":["GET"]}}],"collection":[{"href":"https:\/\/blogg.lnu.se\/centrumforidrottsutveckling\/index.php?rest_route=\/wp\/v2\/posts"}],"about":[{"href":"https:\/\/blogg.lnu.se\/centrumforidrottsutveckling\/index.php?rest_route=\/wp\/v2\/types\/post"}],"author":[{"embeddable":true,"href":"https:\/\/blogg.lnu.se\/centrumforidrottsutveckling\/index.php?rest_route=\/wp\/v2\/users\/17879"}],"replies":[{"embeddable":true,"href":"https:\/\/blogg.lnu.se\/centrumforidrottsutveckling\/index.php?rest_route=%2Fwp%2Fv2%2Fcomments&post=810"}],"version-history":[{"count":1,"href":"https:\/\/blogg.lnu.se\/centrumforidrottsutveckling\/index.php?rest_route=\/wp\/v2\/posts\/810\/revisions"}],"predecessor-version":[{"id":815,"href":"https:\/\/blogg.lnu.se\/centrumforidrottsutveckling\/index.php?rest_route=\/wp\/v2\/posts\/810\/revisions\/815"}],"wp:attachment":[{"href":"https:\/\/blogg.lnu.se\/centrumforidrottsutveckling\/index.php?rest_route=%2Fwp%2Fv2%2Fmedia&parent=810"}],"wp:term":[{"taxonomy":"category","embeddable":true,"href":"https:\/\/blogg.lnu.se\/centrumforidrottsutveckling\/index.php?rest_route=%2Fwp%2Fv2%2Fcategories&post=810"},{"taxonomy":"post_tag","embeddable":true,"href":"https:\/\/blogg.lnu.se\/centrumforidrottsutveckling\/index.php?rest_route=%2Fwp%2Fv2%2Ftags&post=810"}],"curies":[{"name":"wp","href":"https:\/\/api.w.org\/{rel}","templated":true}]}}