{"id":821,"date":"2022-10-14T13:33:28","date_gmt":"2022-10-14T11:33:28","guid":{"rendered":"https:\/\/blogg.lnu.se\/centrumforidrottsutveckling\/?p=821"},"modified":"2022-10-14T14:09:22","modified_gmt":"2022-10-14T12:09:22","slug":"konsulenterna-om-hur-foreningarna-kan-fa-hjalp","status":"publish","type":"post","link":"https:\/\/blogg.lnu.se\/centrumforidrottsutveckling\/?p=821","title":{"rendered":"Jonas och Jonas funderar &#8211; s\u00e5 kan f\u00f6reningarna f\u00e5 hj\u00e4lp"},"content":{"rendered":"<p>Jonas Knutsson och Jonas Blomqvist \u00e4r b\u00e4gge konsulenter p\u00e5 RF-SISU Sm\u00e5land. I detta samtal med Mats Glemne (CIU) s\u00e5 diskuteras det \u00e5terstart och hur f\u00f6reningarna kan f\u00e5 hj\u00e4lp i sitt arbeta att motivera de aktiva.<\/p>\n<p><iframe loading=\"lazy\" title=\"Jonas &amp; Jonas funderar - s\u00e5 kan f\u00f6reningarna f\u00e5 hj\u00e4lp!\" width=\"500\" height=\"281\" src=\"https:\/\/www.youtube.com\/embed\/BGrxBxP9hh4?feature=oembed\" frameborder=\"0\" allow=\"accelerometer; autoplay; clipboard-write; encrypted-media; gyroscope; picture-in-picture; web-share\" referrerpolicy=\"strict-origin-when-cross-origin\" allowfullscreen><\/iframe><\/p>\n","protected":false},"excerpt":{"rendered":"<p>Jonas Knutsson och Jonas Blomqvist \u00e4r b\u00e4gge konsulenter p\u00e5 RF-SISU Sm\u00e5land. I detta samtal med Mats Glemne (CIU) s\u00e5 diskuteras det \u00e5terstart och hur f\u00f6reningarna kan f\u00e5 hj\u00e4lp i sitt arbeta att motivera de aktiva.<\/p>\n","protected":false},"author":17879,"featured_media":0,"comment_status":"open","ping_status":"open","sticky":false,"template":"","format":"standard","meta":{"footnotes":""},"categories":[31447],"tags":[],"class_list":["post-821","post","type-post","status-publish","format-standard","hentry","category-foreningsutveckling"],"acf":[],"yoast_head":"<!-- This site is optimized with the Yoast SEO plugin v21.7 - https:\/\/yoast.com\/wordpress\/plugins\/seo\/ -->\r\n<title>Jonas och Jonas funderar - s\u00e5 kan f\u00f6reningarna f\u00e5 hj\u00e4lp - Centrum f\u00f6r idrottsutveckling<\/title>\r\n<meta name=\"robots\" content=\"index, follow, max-snippet:-1, max-image-preview:large, max-video-preview:-1\" \/>\r\n<link rel=\"canonical\" href=\"https:\/\/blogg.lnu.se\/centrumforidrottsutveckling\/?p=821\" \/>\r\n<meta property=\"og:locale\" content=\"sv_SE\" \/>\r\n<meta property=\"og:type\" content=\"article\" \/>\r\n<meta property=\"og:title\" content=\"Jonas och Jonas funderar - s\u00e5 kan f\u00f6reningarna f\u00e5 hj\u00e4lp - Centrum f\u00f6r idrottsutveckling\" \/>\r\n<meta property=\"og:description\" content=\"Jonas Knutsson och Jonas Blomqvist \u00e4r b\u00e4gge konsulenter p\u00e5 RF-SISU Sm\u00e5land. I detta samtal med Mats Glemne (CIU) s\u00e5 diskuteras det \u00e5terstart och hur f\u00f6reningarna kan f\u00e5 hj\u00e4lp i sitt arbeta att motivera de aktiva.\" \/>\r\n<meta property=\"og:url\" content=\"https:\/\/blogg.lnu.se\/centrumforidrottsutveckling\/?p=821\" \/>\r\n<meta property=\"og:site_name\" content=\"Centrum f\u00f6r idrottsutveckling\" \/>\r\n<meta property=\"article:published_time\" content=\"2022-10-14T11:33:28+00:00\" \/>\r\n<meta property=\"article:modified_time\" content=\"2022-10-14T12:09:22+00:00\" \/>\r\n<meta name=\"author\" content=\"Mats Glemne\" \/>\r\n<meta name=\"twitter:card\" content=\"summary_large_image\" \/>\r\n<meta name=\"twitter:label1\" content=\"Skriven av\" \/>\n\t<meta name=\"twitter:data1\" content=\"Mats Glemne\" \/>\r\n<script type=\"application\/ld+json\" class=\"yoast-schema-graph\">{\"@context\":\"https:\/\/schema.org\",\"@graph\":[{\"@type\":\"WebPage\",\"@id\":\"https:\/\/blogg.lnu.se\/centrumforidrottsutveckling\/?p=821\",\"url\":\"https:\/\/blogg.lnu.se\/centrumforidrottsutveckling\/?p=821\",\"name\":\"Jonas och Jonas funderar - s\u00e5 kan f\u00f6reningarna f\u00e5 hj\u00e4lp - Centrum f\u00f6r idrottsutveckling\",\"isPartOf\":{\"@id\":\"https:\/\/blogg.lnu.se\/centrumforidrottsutveckling\/#website\"},\"datePublished\":\"2022-10-14T11:33:28+00:00\",\"dateModified\":\"2022-10-14T12:09:22+00:00\",\"author\":{\"@id\":\"https:\/\/blogg.lnu.se\/centrumforidrottsutveckling\/#\/schema\/person\/b86d714c2ae55a2858c32e65b660ea95\"},\"inLanguage\":\"sv-SE\",\"potentialAction\":[{\"@type\":\"ReadAction\",\"target\":[\"https:\/\/blogg.lnu.se\/centrumforidrottsutveckling\/?p=821\"]}]},{\"@type\":\"WebSite\",\"@id\":\"https:\/\/blogg.lnu.se\/centrumforidrottsutveckling\/#website\",\"url\":\"https:\/\/blogg.lnu.se\/centrumforidrottsutveckling\/\",\"name\":\"Centrum f\u00f6r idrottsutveckling\",\"description\":\"V\u00e4lkommen till v\u00e5r nyhetssida - en plats f\u00f6r intressanta reportage och spridning av aktuell kunskap\",\"potentialAction\":[{\"@type\":\"SearchAction\",\"target\":{\"@type\":\"EntryPoint\",\"urlTemplate\":\"https:\/\/blogg.lnu.se\/centrumforidrottsutveckling\/?s={search_term_string}\"},\"query-input\":\"required name=search_term_string\"}],\"inLanguage\":\"sv-SE\"},{\"@type\":\"Person\",\"@id\":\"https:\/\/blogg.lnu.se\/centrumforidrottsutveckling\/#\/schema\/person\/b86d714c2ae55a2858c32e65b660ea95\",\"name\":\"Mats Glemne\",\"description\":\"Min tj\u00e4nst \u00e4r delad mellan utbildning, forskning och ansvarsuppdrag vid s\u00e5v\u00e4l Inst. f\u00f6r idrottsvetenskap som andra institutioner vid Fakulteten f\u00f6r samh\u00e4llsvetenskap.\",\"sameAs\":[\"https:\/\/lnu.se\/personal\/mats.glemne\/\"],\"url\":\"https:\/\/blogg.lnu.se\/centrumforidrottsutveckling\/?author=17879\"}]}<\/script>\r\n<!-- \/ Yoast SEO plugin. -->","yoast_head_json":{"title":"Jonas och Jonas funderar - s\u00e5 kan f\u00f6reningarna f\u00e5 hj\u00e4lp - Centrum f\u00f6r idrottsutveckling","robots":{"index":"index","follow":"follow","max-snippet":"max-snippet:-1","max-image-preview":"max-image-preview:large","max-video-preview":"max-video-preview:-1"},"canonical":"https:\/\/blogg.lnu.se\/centrumforidrottsutveckling\/?p=821","og_locale":"sv_SE","og_type":"article","og_title":"Jonas och Jonas funderar - s\u00e5 kan f\u00f6reningarna f\u00e5 hj\u00e4lp - Centrum f\u00f6r idrottsutveckling","og_description":"Jonas Knutsson och Jonas Blomqvist \u00e4r b\u00e4gge konsulenter p\u00e5 RF-SISU Sm\u00e5land. I detta samtal med Mats Glemne (CIU) s\u00e5 diskuteras det \u00e5terstart och hur f\u00f6reningarna kan f\u00e5 hj\u00e4lp i sitt arbeta att motivera de aktiva.","og_url":"https:\/\/blogg.lnu.se\/centrumforidrottsutveckling\/?p=821","og_site_name":"Centrum f\u00f6r idrottsutveckling","article_published_time":"2022-10-14T11:33:28+00:00","article_modified_time":"2022-10-14T12:09:22+00:00","author":"Mats Glemne","twitter_card":"summary_large_image","twitter_misc":{"Skriven av":"Mats Glemne"},"schema":{"@context":"https:\/\/schema.org","@graph":[{"@type":"WebPage","@id":"https:\/\/blogg.lnu.se\/centrumforidrottsutveckling\/?p=821","url":"https:\/\/blogg.lnu.se\/centrumforidrottsutveckling\/?p=821","name":"Jonas och Jonas funderar - s\u00e5 kan f\u00f6reningarna f\u00e5 hj\u00e4lp - Centrum f\u00f6r idrottsutveckling","isPartOf":{"@id":"https:\/\/blogg.lnu.se\/centrumforidrottsutveckling\/#website"},"datePublished":"2022-10-14T11:33:28+00:00","dateModified":"2022-10-14T12:09:22+00:00","author":{"@id":"https:\/\/blogg.lnu.se\/centrumforidrottsutveckling\/#\/schema\/person\/b86d714c2ae55a2858c32e65b660ea95"},"inLanguage":"sv-SE","potentialAction":[{"@type":"ReadAction","target":["https:\/\/blogg.lnu.se\/centrumforidrottsutveckling\/?p=821"]}]},{"@type":"WebSite","@id":"https:\/\/blogg.lnu.se\/centrumforidrottsutveckling\/#website","url":"https:\/\/blogg.lnu.se\/centrumforidrottsutveckling\/","name":"Centrum f\u00f6r idrottsutveckling","description":"V\u00e4lkommen till v\u00e5r nyhetssida - en plats f\u00f6r intressanta reportage och spridning av aktuell kunskap","potentialAction":[{"@type":"SearchAction","target":{"@type":"EntryPoint","urlTemplate":"https:\/\/blogg.lnu.se\/centrumforidrottsutveckling\/?s={search_term_string}"},"query-input":"required name=search_term_string"}],"inLanguage":"sv-SE"},{"@type":"Person","@id":"https:\/\/blogg.lnu.se\/centrumforidrottsutveckling\/#\/schema\/person\/b86d714c2ae55a2858c32e65b660ea95","name":"Mats Glemne","description":"Min tj\u00e4nst \u00e4r delad mellan utbildning, forskning och ansvarsuppdrag vid s\u00e5v\u00e4l Inst. f\u00f6r idrottsvetenskap som andra institutioner vid Fakulteten f\u00f6r samh\u00e4llsvetenskap.","sameAs":["https:\/\/lnu.se\/personal\/mats.glemne\/"],"url":"https:\/\/blogg.lnu.se\/centrumforidrottsutveckling\/?author=17879"}]}},"_links":{"self":[{"href":"https:\/\/blogg.lnu.se\/centrumforidrottsutveckling\/index.php?rest_route=\/wp\/v2\/posts\/821","targetHints":{"allow":["GET"]}}],"collection":[{"href":"https:\/\/blogg.lnu.se\/centrumforidrottsutveckling\/index.php?rest_route=\/wp\/v2\/posts"}],"about":[{"href":"https:\/\/blogg.lnu.se\/centrumforidrottsutveckling\/index.php?rest_route=\/wp\/v2\/types\/post"}],"author":[{"embeddable":true,"href":"https:\/\/blogg.lnu.se\/centrumforidrottsutveckling\/index.php?rest_route=\/wp\/v2\/users\/17879"}],"replies":[{"embeddable":true,"href":"https:\/\/blogg.lnu.se\/centrumforidrottsutveckling\/index.php?rest_route=%2Fwp%2Fv2%2Fcomments&post=821"}],"version-history":[{"count":3,"href":"https:\/\/blogg.lnu.se\/centrumforidrottsutveckling\/index.php?rest_route=\/wp\/v2\/posts\/821\/revisions"}],"predecessor-version":[{"id":824,"href":"https:\/\/blogg.lnu.se\/centrumforidrottsutveckling\/index.php?rest_route=\/wp\/v2\/posts\/821\/revisions\/824"}],"wp:attachment":[{"href":"https:\/\/blogg.lnu.se\/centrumforidrottsutveckling\/index.php?rest_route=%2Fwp%2Fv2%2Fmedia&parent=821"}],"wp:term":[{"taxonomy":"category","embeddable":true,"href":"https:\/\/blogg.lnu.se\/centrumforidrottsutveckling\/index.php?rest_route=%2Fwp%2Fv2%2Fcategories&post=821"},{"taxonomy":"post_tag","embeddable":true,"href":"https:\/\/blogg.lnu.se\/centrumforidrottsutveckling\/index.php?rest_route=%2Fwp%2Fv2%2Ftags&post=821"}],"curies":[{"name":"wp","href":"https:\/\/api.w.org\/{rel}","templated":true}]}}