{"id":900,"date":"2023-02-15T10:17:00","date_gmt":"2023-02-15T08:17:00","guid":{"rendered":"https:\/\/blogg.lnu.se\/centrumforidrottsutveckling\/?p=900"},"modified":"2023-02-15T14:26:26","modified_gmt":"2023-02-15T12:26:26","slug":"vad-ger-det-att-vara-idrottsledare","status":"publish","type":"post","link":"https:\/\/blogg.lnu.se\/centrumforidrottsutveckling\/?p=900","title":{"rendered":"Vad ger det att vara idrottsledare?"},"content":{"rendered":"<div id=\"attachment_902\" style=\"width: 471px\" class=\"wp-caption alignnone\"><a href=\"https:\/\/blogg.lnu.se\/centrumforidrottsutveckling\/wp-content\/blogs.dir\/213\/files\/sites\/213\/2023\/02\/BB221230PA124-scaled.jpg\"><img loading=\"lazy\" decoding=\"async\" aria-describedby=\"caption-attachment-902\" class=\" wp-image-902\" src=\"https:\/\/blogg.lnu.se\/centrumforidrottsutveckling\/wp-content\/blogs.dir\/213\/files\/sites\/213\/2023\/02\/BB221230PA124-scaled.jpg\" alt=\"\" width=\"461\" height=\"451\" \/><\/a><p id=\"caption-attachment-902\" class=\"wp-caption-text\">Foto: Petter Arvidsson\/Bildbyr\u00e5n<\/p><\/div>\n<p><em>Vi har i b\u00f6rjan av h\u00f6sten 2022 \u00e4gnat n\u00e5gra av nyhetsbreven \u00e5t idrottens s.k. \u00e5terstart efter de konsekvenser som pandemin har inneburit. Ett av dessa nyhetsbrev fokuserade p\u00e5 ledarsidan, och d\u00e5 bland annat vad som \u00e4r bra att t\u00e4nka p\u00e5 n\u00e4r det g\u00e4ller s\u00e5v\u00e4l rekrytering som att beh\u00e5lla ledare. Fr\u00e5gan \u00e4r fortfarande synnerligen aktuell och d\u00e4rf\u00f6r riktas februari m\u00e5nads nyhetsbrev mer \u00e5t v\u00e4rdet av att engagera sig som idrottsledare.<\/em><\/p>\n<p>Inledningsvis vill vi dock \u201dbacka bandet\u201d till h\u00f6stens inspel och tydligg\u00f6ra vad som b\u00e5de teoretiskt och erfarenhetsm\u00e4ssigt motiverar ledare att engagera sig som idrottsledare. En aktuell teori \u00e4r den s.k. sj\u00e4lvbest\u00e4mmandeteorin (SDT). Teorin pekar p\u00e5 att det \u00e4r avg\u00f6rande vilken typ av motivation som vi styrks av, och man skiljer p\u00e5 inre respektive yttre motivation d\u00e4r det \u00e4r de <em>inre motiven<\/em> som spelar en v\u00e4sentlig roll. Med <em>inre motiv<\/em> avses n\u00e5got som man g\u00f6r f\u00f6r dess egen skull f\u00f6r att man upplever det som intressant i sig.<\/p>\n<p>SDT-teorin har stor \u00f6verensst\u00e4mmelse med studier som gjorts relativt nyligen i Sverige kring vad som motiverar m\u00e4nniskor att engagera sig ideellt (Aron Schoug). De delar som lyfts som v\u00e4sentliga f\u00f6r motivation och engagemang \u00e4r:<\/p>\n<ul>\n<li><strong>Sakfr\u00e5gor<\/strong> \u2013 gediget intresse f\u00f6r inneh\u00e5llet i verksamheten och f\u00e5r arbeta med de fr\u00e5gor som man \u00e4r engagerad i.<\/li>\n<li><strong>Livspussel<\/strong> \u2013 betydelsen av att f\u00e5 ihop den samlade vardagen d\u00e4r det ideella engagemanget \u00e4r en del.<\/li>\n<li><strong>Beslutsprocesser<\/strong> \u2013 ges delaktighet och inflytande i f\u00f6reningens verksamhet och de beslut som tas.<\/li>\n<li><strong>Gruppdynamik<\/strong> \u2013 att vara med i en gruppgemenskap med en tydlig roll och ett uttryckligt ansvar.<\/li>\n<\/ul>\n<p><a href=\"https:\/\/blogg.lnu.se\/centrumforidrottsutveckling\/wp-content\/blogs.dir\/213\/files\/sites\/213\/2023\/02\/SDT-Schoug.png\"><img loading=\"lazy\" decoding=\"async\" class=\"alignnone size-full wp-image-901\" src=\"https:\/\/blogg.lnu.se\/centrumforidrottsutveckling\/wp-content\/blogs.dir\/213\/files\/sites\/213\/2023\/02\/SDT-Schoug.png\" alt=\"\" width=\"549\" height=\"311\" srcset=\"https:\/\/blogg.lnu.se\/centrumforidrottsutveckling\/wp-content\/blogs.dir\/213\/files\/sites\/213\/2023\/02\/SDT-Schoug.png 549w, https:\/\/blogg.lnu.se\/centrumforidrottsutveckling\/wp-content\/blogs.dir\/213\/files\/sites\/213\/2023\/02\/SDT-Schoug-300x170.png 300w\" sizes=\"auto, (max-width: 549px) 100vw, 549px\" \/><\/a><\/p>\n<p>Utmaningen \u00e4r hur en idrottsf\u00f6rening kan arbeta med de fyra drivkrafterna. Det g\u00e4ller att ansvariga, s\u00e5v\u00e4l ledare som f\u00f6rtroendevalda, skapar r\u00e4tt f\u00f6ruts\u00e4ttningar f\u00f6r dem som vill engagera sig.<\/p>\n<p>En \u00e4ldre unders\u00f6kning som gjorts vid Linn\u00e9universitetet (Per Gerrevall m.fl.) visar att de motiv som tr\u00e4nare och ledare har haft f\u00f6r att b\u00f6rja i allm\u00e4nhet inte \u00e4r desamma som de har f\u00f6r att forts\u00e4tta att engagera sig. De fr\u00e4msta anledningarna till att man engagerar sig som ledare \u00e4r inte minst kopplade till vara tillsammans med de egna barnen. Det \u00e4r en slutsats som ocks\u00e5 dras i nyare studier som visar att eget idrottande leder till en \u00f6kad vilja att engagera och i synnerhet om det kopplas till att de egna barnen deltar (Johan von Essen &amp; Susanne Wallman Lund\u00e5sen). Andra drivkrafter handlar om intresse f\u00f6r sj\u00e4lva idrotten och f\u00f6r att f\u00e5 m\u00f6jlighet att fungera i sj\u00e4lva ledarrollen.<\/p>\n<p>Intresset att forts\u00e4tta som ledare st\u00e4rks av det utg\u00f6r en stimulans i vardagen genom att det ger avkoppling fr\u00e5n \u201dvanligt\u201d arbete och en rikare social gemenskap. Det sistn\u00e4mnda s\u00e5v\u00e4l med de egna barnen och deras kamrater som andra ledare och f\u00f6r\u00e4ldrar. Utbytet av att vara tr\u00e4nare och ledare \u00e4r varierande. De som har intervjuats i unders\u00f6kningen n\u00e4mner flera positiva effekter som ger beh\u00e5llning av att vara ledare. Det v\u00e4rdes\u00e4tts \u00f6verlag h\u00f6gt och har bidragit till personlig utveckling. Man har l\u00e4rt sig mycket och l\u00e4rdomen \u00e4r inte enbart anv\u00e4ndbar i idrottsliga sammanhang utan \u00e4ven i exempelvis arbetslivet.<\/p>\n<p>Med tanke p\u00e5 vikten av ideella ledarinsatser i allm\u00e4nhet och att f\u00e5 tillbaka ledare till idrotten efter pandemin i synnerhet g\u00f6r nu Riksidrottsf\u00f6rbundet en nationell satsning. Det handlar om att st\u00f6tta b\u00e5de medlemsf\u00f6rbund och idrottsf\u00f6reningar att ta fram metoder f\u00f6r att rekrytera tr\u00e4nare och ledare. En del i sammanhanget \u00e4r intervjuer som gjorts med olika ledare om vad som g\u00f6r att de engagerar sig. Du f\u00e5r nu chansen att ta del av intervjuerna b\u00e5de korta filmklipp och i textform.<\/p>\n<blockquote class=\"wp-embedded-content\" data-secret=\"vQMhijOxJ8\"><p><a href=\"https:\/\/blogg.lnu.se\/centrumforidrottsutveckling\/?p=907\">&#8221;D\u00e4rf\u00f6r \u00e4r jag idrottsledare&#8221;<\/a><\/p><\/blockquote>\n<p><iframe loading=\"lazy\" class=\"wp-embedded-content\" sandbox=\"allow-scripts\" security=\"restricted\" style=\"position: absolute; clip: rect(1px, 1px, 1px, 1px);\" title=\"\u201d&#8221;D\u00e4rf\u00f6r \u00e4r jag idrottsledare&#8221;\u201d &ndash; Centrum f\u00f6r idrottsutveckling\" src=\"https:\/\/blogg.lnu.se\/centrumforidrottsutveckling\/?p=907&#038;embed=true#?secret=57Pm6rAWEI#?secret=vQMhijOxJ8\" data-secret=\"vQMhijOxJ8\" width=\"500\" height=\"282\" frameborder=\"0\" marginwidth=\"0\" marginheight=\"0\" scrolling=\"no\"><\/iframe><\/p>\n<blockquote class=\"wp-embedded-content\" data-secret=\"MAlFAhrcQj\"><p><a href=\"https:\/\/blogg.lnu.se\/centrumforidrottsutveckling\/?p=904\">&#8221;Kommande generation m\u00e5ste f\u00e5 uppleva f\u00f6reningslivet!&#8221;<\/a><\/p><\/blockquote>\n<p><iframe loading=\"lazy\" class=\"wp-embedded-content\" sandbox=\"allow-scripts\" security=\"restricted\" style=\"position: absolute; clip: rect(1px, 1px, 1px, 1px);\" title=\"\u201d&#8221;Kommande generation m\u00e5ste f\u00e5 uppleva f\u00f6reningslivet!&#8221;\u201d &ndash; Centrum f\u00f6r idrottsutveckling\" src=\"https:\/\/blogg.lnu.se\/centrumforidrottsutveckling\/?p=904&#038;embed=true#?secret=wCGbAYAsKI#?secret=MAlFAhrcQj\" data-secret=\"MAlFAhrcQj\" width=\"500\" height=\"282\" frameborder=\"0\" marginwidth=\"0\" marginheight=\"0\" scrolling=\"no\"><\/iframe><\/p>\n<p>\u00c4ven om du som l\u00e4ser detta och som \u00e4r idrottsledare \u00e4r med bland de intervjuade s\u00e5 kan det nog vara bra att stanna upp ibland och st\u00e4lla sig sj\u00e4lv fr\u00e5gan: &#8221;Varf\u00f6r \u00e4r jag idrottsledare?&#8221;. G\u00f6r det g\u00e4rna med kollegor fr\u00e5n f\u00f6reningen\/laget\/tr\u00e4ningsgruppen. Det kan vara ett enkelt s\u00e4tt att bryta vardagsm\u00f6nstret!<\/p>\n<h2>K\u00e4llor<\/h2>\n<p>von Essen, Johan &amp; Wallman Lund\u00e5sen, Susanne (2016). <em>Ideellt arbete inom idrotten<\/em>. Riksidrottsf\u00f6rbundet, Stockholm: FoU-rapport (2016:3)<\/p>\n<p>Gerrevall, Per, Carlsson, Samanthi och Nilsson Ylva (2006). <em>L\u00e4rande och erfarenheters v\u00e4rde \u2013 en studie av ledare inom barn- och ungdomsidrott<\/em>. Riksidrottsf\u00f6rbundet, Stockholm: FoU-rapport (2006:1)<\/p>\n<p>Schoug, Aron (2018). <em>Motivera ideella &#8211; om ledarskap, m\u00e4nniskors behov och drivkrafter<\/em>. Stockholm: Idealistas.<\/p>\n","protected":false},"excerpt":{"rendered":"<p>Vi har i b\u00f6rjan av h\u00f6sten 2022 \u00e4gnat n\u00e5gra av nyhetsbreven \u00e5t idrottens s.k. \u00e5terstart efter de konsekvenser som pandemin har inneburit. Ett av dessa nyhetsbrev fokuserade p\u00e5 ledarsidan, och d\u00e5 bland annat vad som \u00e4r bra att t\u00e4nka p\u00e5 n\u00e4r det g\u00e4ller s\u00e5v\u00e4l rekrytering som att beh\u00e5lla ledare. Fr\u00e5gan \u00e4r fortfarande synnerligen aktuell och [&hellip;]<\/p>\n","protected":false},"author":5969,"featured_media":0,"comment_status":"open","ping_status":"open","sticky":false,"template":"","format":"standard","meta":{"footnotes":""},"categories":[16338],"tags":[],"class_list":["post-900","post","type-post","status-publish","format-standard","hentry","category-ledarskap"],"acf":[],"yoast_head":"<!-- This site is optimized with the Yoast SEO plugin v21.7 - https:\/\/yoast.com\/wordpress\/plugins\/seo\/ -->\r\n<title>Vad ger det att vara idrottsledare? - Centrum f\u00f6r idrottsutveckling<\/title>\r\n<meta name=\"robots\" content=\"index, follow, max-snippet:-1, max-image-preview:large, max-video-preview:-1\" \/>\r\n<link rel=\"canonical\" href=\"https:\/\/blogg.lnu.se\/centrumforidrottsutveckling\/?p=900\" \/>\r\n<meta property=\"og:locale\" content=\"sv_SE\" \/>\r\n<meta property=\"og:type\" content=\"article\" \/>\r\n<meta property=\"og:title\" content=\"Vad ger det att vara idrottsledare? - Centrum f\u00f6r idrottsutveckling\" \/>\r\n<meta property=\"og:description\" content=\"Vi har i b\u00f6rjan av h\u00f6sten 2022 \u00e4gnat n\u00e5gra av nyhetsbreven \u00e5t idrottens s.k. \u00e5terstart efter de konsekvenser som pandemin har inneburit. Ett av dessa nyhetsbrev fokuserade p\u00e5 ledarsidan, och d\u00e5 bland annat vad som \u00e4r bra att t\u00e4nka p\u00e5 n\u00e4r det g\u00e4ller s\u00e5v\u00e4l rekrytering som att beh\u00e5lla ledare. Fr\u00e5gan \u00e4r fortfarande synnerligen aktuell och [&hellip;]\" \/>\r\n<meta property=\"og:url\" content=\"https:\/\/blogg.lnu.se\/centrumforidrottsutveckling\/?p=900\" \/>\r\n<meta property=\"og:site_name\" content=\"Centrum f\u00f6r idrottsutveckling\" \/>\r\n<meta property=\"article:published_time\" content=\"2023-02-15T08:17:00+00:00\" \/>\r\n<meta property=\"article:modified_time\" content=\"2023-02-15T12:26:26+00:00\" \/>\r\n<meta property=\"og:image\" content=\"https:\/\/blogg.lnu.se\/centrumforidrottsutveckling\/wp-content\/blogs.dir\/213\/files\/sites\/213\/2023\/02\/BB221230PA124-scaled.jpg\" \/>\r\n<meta name=\"author\" content=\"David Fax\u00e5\" \/>\r\n<meta name=\"twitter:card\" content=\"summary_large_image\" \/>\r\n<meta name=\"twitter:label1\" content=\"Skriven av\" \/>\n\t<meta name=\"twitter:data1\" content=\"David Fax\u00e5\" \/>\n\t<meta name=\"twitter:label2\" content=\"Ber\u00e4knad l\u00e4stid\" \/>\n\t<meta name=\"twitter:data2\" content=\"4 minuter\" \/>\r\n<script type=\"application\/ld+json\" class=\"yoast-schema-graph\">{\"@context\":\"https:\/\/schema.org\",\"@graph\":[{\"@type\":\"WebPage\",\"@id\":\"https:\/\/blogg.lnu.se\/centrumforidrottsutveckling\/?p=900\",\"url\":\"https:\/\/blogg.lnu.se\/centrumforidrottsutveckling\/?p=900\",\"name\":\"Vad ger det att vara idrottsledare? - Centrum f\u00f6r idrottsutveckling\",\"isPartOf\":{\"@id\":\"https:\/\/blogg.lnu.se\/centrumforidrottsutveckling\/#website\"},\"datePublished\":\"2023-02-15T08:17:00+00:00\",\"dateModified\":\"2023-02-15T12:26:26+00:00\",\"author\":{\"@id\":\"https:\/\/blogg.lnu.se\/centrumforidrottsutveckling\/#\/schema\/person\/05a569a5607fe4d7b94213f8276bf222\"},\"inLanguage\":\"sv-SE\",\"potentialAction\":[{\"@type\":\"ReadAction\",\"target\":[\"https:\/\/blogg.lnu.se\/centrumforidrottsutveckling\/?p=900\"]}]},{\"@type\":\"WebSite\",\"@id\":\"https:\/\/blogg.lnu.se\/centrumforidrottsutveckling\/#website\",\"url\":\"https:\/\/blogg.lnu.se\/centrumforidrottsutveckling\/\",\"name\":\"Centrum f\u00f6r idrottsutveckling\",\"description\":\"V\u00e4lkommen till v\u00e5r nyhetssida - en plats f\u00f6r intressanta reportage och spridning av aktuell kunskap\",\"potentialAction\":[{\"@type\":\"SearchAction\",\"target\":{\"@type\":\"EntryPoint\",\"urlTemplate\":\"https:\/\/blogg.lnu.se\/centrumforidrottsutveckling\/?s={search_term_string}\"},\"query-input\":\"required name=search_term_string\"}],\"inLanguage\":\"sv-SE\"},{\"@type\":\"Person\",\"@id\":\"https:\/\/blogg.lnu.se\/centrumforidrottsutveckling\/#\/schema\/person\/05a569a5607fe4d7b94213f8276bf222\",\"name\":\"David Fax\u00e5\",\"description\":\"David Fax\u00e5 arbetar som idrottskonsulent p\u00e5 RF-SISU Sm\u00e5land och i n\u00e4ra samverkan med Linn\u00e9universitetet i Centrum f\u00f6r Idrottsutveckling\",\"url\":\"https:\/\/blogg.lnu.se\/centrumforidrottsutveckling\/?author=5969\"}]}<\/script>\r\n<!-- \/ Yoast SEO plugin. -->","yoast_head_json":{"title":"Vad ger det att vara idrottsledare? - Centrum f\u00f6r idrottsutveckling","robots":{"index":"index","follow":"follow","max-snippet":"max-snippet:-1","max-image-preview":"max-image-preview:large","max-video-preview":"max-video-preview:-1"},"canonical":"https:\/\/blogg.lnu.se\/centrumforidrottsutveckling\/?p=900","og_locale":"sv_SE","og_type":"article","og_title":"Vad ger det att vara idrottsledare? - Centrum f\u00f6r idrottsutveckling","og_description":"Vi har i b\u00f6rjan av h\u00f6sten 2022 \u00e4gnat n\u00e5gra av nyhetsbreven \u00e5t idrottens s.k. \u00e5terstart efter de konsekvenser som pandemin har inneburit. Ett av dessa nyhetsbrev fokuserade p\u00e5 ledarsidan, och d\u00e5 bland annat vad som \u00e4r bra att t\u00e4nka p\u00e5 n\u00e4r det g\u00e4ller s\u00e5v\u00e4l rekrytering som att beh\u00e5lla ledare. Fr\u00e5gan \u00e4r fortfarande synnerligen aktuell och [&hellip;]","og_url":"https:\/\/blogg.lnu.se\/centrumforidrottsutveckling\/?p=900","og_site_name":"Centrum f\u00f6r idrottsutveckling","article_published_time":"2023-02-15T08:17:00+00:00","article_modified_time":"2023-02-15T12:26:26+00:00","og_image":[{"url":"https:\/\/blogg.lnu.se\/centrumforidrottsutveckling\/wp-content\/blogs.dir\/213\/files\/sites\/213\/2023\/02\/BB221230PA124-scaled.jpg"}],"author":"David Fax\u00e5","twitter_card":"summary_large_image","twitter_misc":{"Skriven av":"David Fax\u00e5","Ber\u00e4knad l\u00e4stid":"4 minuter"},"schema":{"@context":"https:\/\/schema.org","@graph":[{"@type":"WebPage","@id":"https:\/\/blogg.lnu.se\/centrumforidrottsutveckling\/?p=900","url":"https:\/\/blogg.lnu.se\/centrumforidrottsutveckling\/?p=900","name":"Vad ger det att vara idrottsledare? - Centrum f\u00f6r idrottsutveckling","isPartOf":{"@id":"https:\/\/blogg.lnu.se\/centrumforidrottsutveckling\/#website"},"datePublished":"2023-02-15T08:17:00+00:00","dateModified":"2023-02-15T12:26:26+00:00","author":{"@id":"https:\/\/blogg.lnu.se\/centrumforidrottsutveckling\/#\/schema\/person\/05a569a5607fe4d7b94213f8276bf222"},"inLanguage":"sv-SE","potentialAction":[{"@type":"ReadAction","target":["https:\/\/blogg.lnu.se\/centrumforidrottsutveckling\/?p=900"]}]},{"@type":"WebSite","@id":"https:\/\/blogg.lnu.se\/centrumforidrottsutveckling\/#website","url":"https:\/\/blogg.lnu.se\/centrumforidrottsutveckling\/","name":"Centrum f\u00f6r idrottsutveckling","description":"V\u00e4lkommen till v\u00e5r nyhetssida - en plats f\u00f6r intressanta reportage och spridning av aktuell kunskap","potentialAction":[{"@type":"SearchAction","target":{"@type":"EntryPoint","urlTemplate":"https:\/\/blogg.lnu.se\/centrumforidrottsutveckling\/?s={search_term_string}"},"query-input":"required name=search_term_string"}],"inLanguage":"sv-SE"},{"@type":"Person","@id":"https:\/\/blogg.lnu.se\/centrumforidrottsutveckling\/#\/schema\/person\/05a569a5607fe4d7b94213f8276bf222","name":"David Fax\u00e5","description":"David Fax\u00e5 arbetar som idrottskonsulent p\u00e5 RF-SISU Sm\u00e5land och i n\u00e4ra samverkan med Linn\u00e9universitetet i Centrum f\u00f6r Idrottsutveckling","url":"https:\/\/blogg.lnu.se\/centrumforidrottsutveckling\/?author=5969"}]}},"_links":{"self":[{"href":"https:\/\/blogg.lnu.se\/centrumforidrottsutveckling\/index.php?rest_route=\/wp\/v2\/posts\/900","targetHints":{"allow":["GET"]}}],"collection":[{"href":"https:\/\/blogg.lnu.se\/centrumforidrottsutveckling\/index.php?rest_route=\/wp\/v2\/posts"}],"about":[{"href":"https:\/\/blogg.lnu.se\/centrumforidrottsutveckling\/index.php?rest_route=\/wp\/v2\/types\/post"}],"author":[{"embeddable":true,"href":"https:\/\/blogg.lnu.se\/centrumforidrottsutveckling\/index.php?rest_route=\/wp\/v2\/users\/5969"}],"replies":[{"embeddable":true,"href":"https:\/\/blogg.lnu.se\/centrumforidrottsutveckling\/index.php?rest_route=%2Fwp%2Fv2%2Fcomments&post=900"}],"version-history":[{"count":4,"href":"https:\/\/blogg.lnu.se\/centrumforidrottsutveckling\/index.php?rest_route=\/wp\/v2\/posts\/900\/revisions"}],"predecessor-version":[{"id":917,"href":"https:\/\/blogg.lnu.se\/centrumforidrottsutveckling\/index.php?rest_route=\/wp\/v2\/posts\/900\/revisions\/917"}],"wp:attachment":[{"href":"https:\/\/blogg.lnu.se\/centrumforidrottsutveckling\/index.php?rest_route=%2Fwp%2Fv2%2Fmedia&parent=900"}],"wp:term":[{"taxonomy":"category","embeddable":true,"href":"https:\/\/blogg.lnu.se\/centrumforidrottsutveckling\/index.php?rest_route=%2Fwp%2Fv2%2Fcategories&post=900"},{"taxonomy":"post_tag","embeddable":true,"href":"https:\/\/blogg.lnu.se\/centrumforidrottsutveckling\/index.php?rest_route=%2Fwp%2Fv2%2Ftags&post=900"}],"curies":[{"name":"wp","href":"https:\/\/api.w.org\/{rel}","templated":true}]}}