{"id":155,"date":"2024-03-08T09:22:53","date_gmt":"2024-03-08T08:22:53","guid":{"rendered":"https:\/\/blogg.lnu.se\/etnografisktforum\/?p=155"},"modified":"2024-03-08T09:22:53","modified_gmt":"2024-03-08T08:22:53","slug":"etnografiskt-skrivande-och-plats","status":"publish","type":"post","link":"https:\/\/blogg.lnu.se\/etnografisktforum\/blog\/blogg\/etnografiskt-skrivande-och-plats\/","title":{"rendered":"Etnografiskt skrivande och plats"},"content":{"rendered":"Fredagen den 8 mars kl. 13.15-15.00, Zoom <br \/><br \/>Seminarium med etnografiskt forum: Till denna g\u00e5ng skriver vi korta texter inspirerade av begrepp och teorier om plats och platsens betydelse i etnografisk forskning. Varje text omfattar max en sida. Vi l\u00e4ser texterna p\u00e5 plats under tr\u00e4ffen och diskuterar sedan vilka m\u00f6jligheter och utmaningar som platsteori tillf\u00f6r v\u00e5r egen forskning och det etnografiska skrivandet.<br \/><br \/>V\u00e4lkomna <br \/>","protected":false},"excerpt":{"rendered":"<p>Fredagen den 8 mars kl. 13.15-15.00, Zoom Seminarium med etnografiskt forum: Till denna g\u00e5ng skriver vi korta texter inspirerade av begrepp och teorier om plats och platsens betydelse i etnografisk forskning. Varje text omfattar max en sida. Vi l\u00e4ser texterna p\u00e5 plats under tr\u00e4ffen och diskuterar sedan vilka m\u00f6jligheter och utmaningar som platsteori tillf\u00f6r v\u00e5r [&hellip;]<\/p>\n","protected":false},"author":16813,"featured_media":0,"comment_status":"open","ping_status":"open","sticky":false,"template":"","format":"standard","meta":{"footnotes":""},"categories":[1],"tags":[],"class_list":["post-155","post","type-post","status-publish","format-standard","hentry","category-blogg"],"acf":[],"yoast_head":"<!-- This site is optimized with the Yoast SEO plugin v21.7 - https:\/\/yoast.com\/wordpress\/plugins\/seo\/ -->\r\n<title>Etnografiskt skrivande och plats - Etnografiskt forum<\/title>\r\n<meta name=\"robots\" content=\"noindex, follow, max-snippet:-1, max-image-preview:large, max-video-preview:-1\" \/>\r\n<meta property=\"og:locale\" content=\"sv_SE\" \/>\r\n<meta property=\"og:type\" content=\"article\" \/>\r\n<meta property=\"og:title\" content=\"Etnografiskt skrivande och plats - Etnografiskt forum\" \/>\r\n<meta property=\"og:description\" content=\"Fredagen den 8 mars kl. 13.15-15.00, Zoom Seminarium med etnografiskt forum: Till denna g\u00e5ng skriver vi korta texter inspirerade av begrepp och teorier om plats och platsens betydelse i etnografisk forskning. Varje text omfattar max en sida. Vi l\u00e4ser texterna p\u00e5 plats under tr\u00e4ffen och diskuterar sedan vilka m\u00f6jligheter och utmaningar som platsteori tillf\u00f6r v\u00e5r [&hellip;]\" \/>\r\n<meta property=\"og:url\" content=\"https:\/\/blogg.lnu.se\/etnografisktforum\/blog\/blogg\/etnografiskt-skrivande-och-plats\/\" \/>\r\n<meta property=\"og:site_name\" content=\"Etnografiskt forum\" \/>\r\n<meta property=\"article:published_time\" content=\"2024-03-08T08:22:53+00:00\" \/>\r\n<meta name=\"author\" content=\"Jesper\" \/>\r\n<meta name=\"twitter:card\" content=\"summary_large_image\" \/>\r\n<meta name=\"twitter:label1\" content=\"Skriven av\" \/>\n\t<meta name=\"twitter:data1\" content=\"Jesper\" \/>\n\t<meta name=\"twitter:label2\" content=\"Ber\u00e4knad l\u00e4stid\" \/>\n\t<meta name=\"twitter:data2\" content=\"1 minut\" \/>\r\n<script type=\"application\/ld+json\" class=\"yoast-schema-graph\">{\"@context\":\"https:\/\/schema.org\",\"@graph\":[{\"@type\":\"WebPage\",\"@id\":\"https:\/\/blogg.lnu.se\/etnografisktforum\/blog\/blogg\/etnografiskt-skrivande-och-plats\/\",\"url\":\"https:\/\/blogg.lnu.se\/etnografisktforum\/blog\/blogg\/etnografiskt-skrivande-och-plats\/\",\"name\":\"Etnografiskt skrivande och plats - Etnografiskt forum\",\"isPartOf\":{\"@id\":\"https:\/\/blogg.lnu.se\/etnografisktforum\/#website\"},\"datePublished\":\"2024-03-08T08:22:53+00:00\",\"dateModified\":\"2024-03-08T08:22:53+00:00\",\"author\":{\"@id\":\"https:\/\/blogg.lnu.se\/etnografisktforum\/#\/schema\/person\/ba58331cff144beffc5e9ec083010bb7\"},\"inLanguage\":\"sv-SE\",\"potentialAction\":[{\"@type\":\"ReadAction\",\"target\":[\"https:\/\/blogg.lnu.se\/etnografisktforum\/blog\/blogg\/etnografiskt-skrivande-och-plats\/\"]}]},{\"@type\":\"WebSite\",\"@id\":\"https:\/\/blogg.lnu.se\/etnografisktforum\/#website\",\"url\":\"https:\/\/blogg.lnu.se\/etnografisktforum\/\",\"name\":\"Etnografiskt forum\",\"description\":\"\",\"potentialAction\":[{\"@type\":\"SearchAction\",\"target\":{\"@type\":\"EntryPoint\",\"urlTemplate\":\"https:\/\/blogg.lnu.se\/etnografisktforum\/?s={search_term_string}\"},\"query-input\":\"required name=search_term_string\"}],\"inLanguage\":\"sv-SE\"},{\"@type\":\"Person\",\"@id\":\"https:\/\/blogg.lnu.se\/etnografisktforum\/#\/schema\/person\/ba58331cff144beffc5e9ec083010bb7\",\"name\":\"Jesper\",\"url\":\"https:\/\/blogg.lnu.se\/etnografisktforum\/blog\/author\/vadje\/\"}]}<\/script>\r\n<!-- \/ Yoast SEO plugin. -->","yoast_head_json":{"title":"Etnografiskt skrivande och plats - Etnografiskt forum","robots":{"index":"noindex","follow":"follow","max-snippet":"max-snippet:-1","max-image-preview":"max-image-preview:large","max-video-preview":"max-video-preview:-1"},"og_locale":"sv_SE","og_type":"article","og_title":"Etnografiskt skrivande och plats - Etnografiskt forum","og_description":"Fredagen den 8 mars kl. 13.15-15.00, Zoom Seminarium med etnografiskt forum: Till denna g\u00e5ng skriver vi korta texter inspirerade av begrepp och teorier om plats och platsens betydelse i etnografisk forskning. Varje text omfattar max en sida. Vi l\u00e4ser texterna p\u00e5 plats under tr\u00e4ffen och diskuterar sedan vilka m\u00f6jligheter och utmaningar som platsteori tillf\u00f6r v\u00e5r [&hellip;]","og_url":"https:\/\/blogg.lnu.se\/etnografisktforum\/blog\/blogg\/etnografiskt-skrivande-och-plats\/","og_site_name":"Etnografiskt forum","article_published_time":"2024-03-08T08:22:53+00:00","author":"Jesper","twitter_card":"summary_large_image","twitter_misc":{"Skriven av":"Jesper","Ber\u00e4knad l\u00e4stid":"1 minut"},"schema":{"@context":"https:\/\/schema.org","@graph":[{"@type":"WebPage","@id":"https:\/\/blogg.lnu.se\/etnografisktforum\/blog\/blogg\/etnografiskt-skrivande-och-plats\/","url":"https:\/\/blogg.lnu.se\/etnografisktforum\/blog\/blogg\/etnografiskt-skrivande-och-plats\/","name":"Etnografiskt skrivande och plats - Etnografiskt forum","isPartOf":{"@id":"https:\/\/blogg.lnu.se\/etnografisktforum\/#website"},"datePublished":"2024-03-08T08:22:53+00:00","dateModified":"2024-03-08T08:22:53+00:00","author":{"@id":"https:\/\/blogg.lnu.se\/etnografisktforum\/#\/schema\/person\/ba58331cff144beffc5e9ec083010bb7"},"inLanguage":"sv-SE","potentialAction":[{"@type":"ReadAction","target":["https:\/\/blogg.lnu.se\/etnografisktforum\/blog\/blogg\/etnografiskt-skrivande-och-plats\/"]}]},{"@type":"WebSite","@id":"https:\/\/blogg.lnu.se\/etnografisktforum\/#website","url":"https:\/\/blogg.lnu.se\/etnografisktforum\/","name":"Etnografiskt forum","description":"","potentialAction":[{"@type":"SearchAction","target":{"@type":"EntryPoint","urlTemplate":"https:\/\/blogg.lnu.se\/etnografisktforum\/?s={search_term_string}"},"query-input":"required name=search_term_string"}],"inLanguage":"sv-SE"},{"@type":"Person","@id":"https:\/\/blogg.lnu.se\/etnografisktforum\/#\/schema\/person\/ba58331cff144beffc5e9ec083010bb7","name":"Jesper","url":"https:\/\/blogg.lnu.se\/etnografisktforum\/blog\/author\/vadje\/"}]}},"_links":{"self":[{"href":"https:\/\/blogg.lnu.se\/etnografisktforum\/wp-json\/wp\/v2\/posts\/155","targetHints":{"allow":["GET"]}}],"collection":[{"href":"https:\/\/blogg.lnu.se\/etnografisktforum\/wp-json\/wp\/v2\/posts"}],"about":[{"href":"https:\/\/blogg.lnu.se\/etnografisktforum\/wp-json\/wp\/v2\/types\/post"}],"author":[{"embeddable":true,"href":"https:\/\/blogg.lnu.se\/etnografisktforum\/wp-json\/wp\/v2\/users\/16813"}],"replies":[{"embeddable":true,"href":"https:\/\/blogg.lnu.se\/etnografisktforum\/wp-json\/wp\/v2\/comments?post=155"}],"version-history":[{"count":1,"href":"https:\/\/blogg.lnu.se\/etnografisktforum\/wp-json\/wp\/v2\/posts\/155\/revisions"}],"predecessor-version":[{"id":156,"href":"https:\/\/blogg.lnu.se\/etnografisktforum\/wp-json\/wp\/v2\/posts\/155\/revisions\/156"}],"wp:attachment":[{"href":"https:\/\/blogg.lnu.se\/etnografisktforum\/wp-json\/wp\/v2\/media?parent=155"}],"wp:term":[{"taxonomy":"category","embeddable":true,"href":"https:\/\/blogg.lnu.se\/etnografisktforum\/wp-json\/wp\/v2\/categories?post=155"},{"taxonomy":"post_tag","embeddable":true,"href":"https:\/\/blogg.lnu.se\/etnografisktforum\/wp-json\/wp\/v2\/tags?post=155"}],"curies":[{"name":"wp","href":"https:\/\/api.w.org\/{rel}","templated":true}]}}