{"id":125,"date":"2022-03-01T08:00:50","date_gmt":"2022-03-01T07:00:50","guid":{"rendered":"https:\/\/blogg.lnu.se\/iot-lab\/?p=125"},"modified":"2022-02-26T13:50:08","modified_gmt":"2022-02-26T12:50:08","slug":"stens-chark-i-aseda","status":"publish","type":"post","link":"https:\/\/blogg.lnu.se\/iot-lab\/stens-chark-i-aseda\/","title":{"rendered":"Nytt Pilotcase &#8211; Stens Chark i \u00c5seda"},"content":{"rendered":"<p>I veckan har vi initierat ytterligare ett pilotcase med Stens Chark i \u00c5seda.<\/p>\n<p><strong>Stens Chark<\/strong> i \u00c5seda \u00e4r ett bra exempel p\u00e5 hur ett mindre f\u00f6retag kan anv\u00e4nda IoT f\u00f6r att skapa tydlig aff\u00e4rsnytta. I ett f\u00f6rsta skede kommer vi att st\u00f6tta genom att koppla upp sensorer f\u00f6r b\u00e5de temperatur och luftfuktighet i anl\u00e4ggningen. Idag sk\u00f6ts allt detta genom manuell avl\u00e4sning och protokoll. Att b\u00f6rja m\u00e4ta automatiskt och skapa l\u00e4ngre tidsserier sparar inte bara tid f\u00f6r personalen utan ocks\u00e5 en b\u00e4ttre insikt i produktens kylkedja och m\u00f6jlighet att larma direkt det g\u00e5r utanf\u00f6r gr\u00e4nsv\u00e4rden. Att i ett tidigt skede f\u00e5 reda p\u00e5 om n\u00e5got inte \u00e4r r\u00e4tt i kylkedjan inneb\u00e4r ett stort v\u00e4rde, b\u00e5de f\u00f6r att kunna garantera h\u00e5llbarhet f\u00f6r produkten och att kunna avhj\u00e4lpa eventuella st\u00f6rningar innan de f\u00e5r st\u00f6rre konsekvenser.<\/p>\n<p>V\u00e5r plan \u00e4r att b\u00f6rja installera LoRaWAN-sensorer f\u00f6r m\u00e4tning och loggning av b\u00e5de temperatur och luftfuktighet inne i kylutrymmen.<\/p>\n<p><img loading=\"lazy\" decoding=\"async\" class=\"alignnone wp-image-128\" src=\"https:\/\/blogg.lnu.se\/iot-lab\/files\/2022\/02\/chark-1.png\" alt=\"\" width=\"572\" height=\"310\" srcset=\"https:\/\/blogg.lnu.se\/iot-lab\/wp-content\/blogs.dir\/232\/files\/sites\/232\/2022\/02\/chark-1.png 1200w, https:\/\/blogg.lnu.se\/iot-lab\/wp-content\/blogs.dir\/232\/files\/sites\/232\/2022\/02\/chark-1-300x162.png 300w, https:\/\/blogg.lnu.se\/iot-lab\/wp-content\/blogs.dir\/232\/files\/sites\/232\/2022\/02\/chark-1-1024x554.png 1024w, https:\/\/blogg.lnu.se\/iot-lab\/wp-content\/blogs.dir\/232\/files\/sites\/232\/2022\/02\/chark-1-768x415.png 768w\" sizes=\"auto, (max-width: 572px) 100vw, 572px\" \/><\/p>\n<p>Det g\u00e5r ocks\u00e5 att l\u00e4sa om detta i Sm\u00e5landsposten:<\/p>\n<p><a href=\"https:\/\/www.smp.se\/uppvidinge\/stens-chark-blir-testpilot-for-uppkopplade-prylar-detta-ar-helt-nytt-for-oss-3429241e\/\">https:\/\/www.smp.se\/uppvidinge\/stens-chark-blir-testpilot-for-uppkopplade-prylar-detta-ar-helt-nytt-for-oss-3429241e\/<\/a><\/p>\n","protected":false},"excerpt":{"rendered":"<p>I veckan har vi initierat ytterligare ett pilotcase med Stens Chark i \u00c5seda. Stens Chark i \u00c5seda \u00e4r ett bra exempel p\u00e5 hur ett mindre f\u00f6retag kan anv\u00e4nda IoT f\u00f6r att skapa tydlig aff\u00e4rsnytta. I ett f\u00f6rsta skede kommer vi att st\u00f6tta genom att koppla upp sensorer f\u00f6r b\u00e5de temperatur och luftfuktighet i anl\u00e4ggningen. Idag [&hellip;]<\/p>\n","protected":false},"author":19903,"featured_media":0,"comment_status":"open","ping_status":"open","sticky":false,"template":"","format":"standard","meta":{"footnotes":""},"categories":[1],"tags":[],"class_list":["post-125","post","type-post","status-publish","format-standard","hentry","category-blogg"],"acf":[],"yoast_head":"<!-- This site is optimized with the Yoast SEO plugin v21.7 - https:\/\/yoast.com\/wordpress\/plugins\/seo\/ -->\r\n<title>Nytt Pilotcase - Stens Chark i \u00c5seda - IoT-lab<\/title>\r\n<meta name=\"robots\" content=\"noindex, follow, max-snippet:-1, max-image-preview:large, max-video-preview:-1\" \/>\r\n<meta property=\"og:locale\" content=\"en_US\" \/>\r\n<meta property=\"og:type\" content=\"article\" \/>\r\n<meta property=\"og:title\" content=\"Nytt Pilotcase - Stens Chark i \u00c5seda - IoT-lab\" \/>\r\n<meta property=\"og:description\" content=\"I veckan har vi initierat ytterligare ett pilotcase med Stens Chark i \u00c5seda. Stens Chark i \u00c5seda \u00e4r ett bra exempel p\u00e5 hur ett mindre f\u00f6retag kan anv\u00e4nda IoT f\u00f6r att skapa tydlig aff\u00e4rsnytta. I ett f\u00f6rsta skede kommer vi att st\u00f6tta genom att koppla upp sensorer f\u00f6r b\u00e5de temperatur och luftfuktighet i anl\u00e4ggningen. Idag [&hellip;]\" \/>\r\n<meta property=\"og:url\" content=\"https:\/\/blogg.lnu.se\/iot-lab\/stens-chark-i-aseda\/\" \/>\r\n<meta property=\"og:site_name\" content=\"IoT-lab\" \/>\r\n<meta property=\"article:published_time\" content=\"2022-03-01T07:00:50+00:00\" \/>\r\n<meta property=\"article:modified_time\" content=\"2022-02-26T12:50:08+00:00\" \/>\r\n<meta property=\"og:image\" content=\"https:\/\/blogg.lnu.se\/iot-lab\/files\/2022\/02\/chark-1.png\" \/>\r\n<meta name=\"author\" content=\"Fredrik Ahlgren\" \/>\r\n<meta name=\"twitter:card\" content=\"summary_large_image\" \/>\r\n<meta name=\"twitter:label1\" content=\"Written by\" \/>\n\t<meta name=\"twitter:data1\" content=\"Fredrik Ahlgren\" \/>\n\t<meta name=\"twitter:label2\" content=\"Est. reading time\" \/>\n\t<meta name=\"twitter:data2\" content=\"1 minute\" \/>\r\n<script type=\"application\/ld+json\" class=\"yoast-schema-graph\">{\"@context\":\"https:\/\/schema.org\",\"@graph\":[{\"@type\":\"WebPage\",\"@id\":\"https:\/\/blogg.lnu.se\/iot-lab\/stens-chark-i-aseda\/\",\"url\":\"https:\/\/blogg.lnu.se\/iot-lab\/stens-chark-i-aseda\/\",\"name\":\"Nytt Pilotcase - Stens Chark i \u00c5seda - IoT-lab\",\"isPartOf\":{\"@id\":\"https:\/\/blogg.lnu.se\/iot-lab\/#website\"},\"datePublished\":\"2022-03-01T07:00:50+00:00\",\"dateModified\":\"2022-02-26T12:50:08+00:00\",\"author\":{\"@id\":\"https:\/\/blogg.lnu.se\/iot-lab\/#\/schema\/person\/4c30c471907023c8f5531ad5dc08ebe2\"},\"inLanguage\":\"en-US\",\"potentialAction\":[{\"@type\":\"ReadAction\",\"target\":[\"https:\/\/blogg.lnu.se\/iot-lab\/stens-chark-i-aseda\/\"]}]},{\"@type\":\"WebSite\",\"@id\":\"https:\/\/blogg.lnu.se\/iot-lab\/#website\",\"url\":\"https:\/\/blogg.lnu.se\/iot-lab\/\",\"name\":\"IoT-lab\",\"description\":\"Projekt: IoT-lab f\u00f6r SMF\",\"potentialAction\":[{\"@type\":\"SearchAction\",\"target\":{\"@type\":\"EntryPoint\",\"urlTemplate\":\"https:\/\/blogg.lnu.se\/iot-lab\/?s={search_term_string}\"},\"query-input\":\"required name=search_term_string\"}],\"inLanguage\":\"en-US\"},{\"@type\":\"Person\",\"@id\":\"https:\/\/blogg.lnu.se\/iot-lab\/#\/schema\/person\/4c30c471907023c8f5531ad5dc08ebe2\",\"name\":\"Fredrik Ahlgren\",\"url\":\"https:\/\/blogg.lnu.se\/iot-lab\/author\/frahaa\/\"}]}<\/script>\r\n<!-- \/ Yoast SEO plugin. -->","yoast_head_json":{"title":"Nytt Pilotcase - Stens Chark i \u00c5seda - IoT-lab","robots":{"index":"noindex","follow":"follow","max-snippet":"max-snippet:-1","max-image-preview":"max-image-preview:large","max-video-preview":"max-video-preview:-1"},"og_locale":"en_US","og_type":"article","og_title":"Nytt Pilotcase - Stens Chark i \u00c5seda - IoT-lab","og_description":"I veckan har vi initierat ytterligare ett pilotcase med Stens Chark i \u00c5seda. Stens Chark i \u00c5seda \u00e4r ett bra exempel p\u00e5 hur ett mindre f\u00f6retag kan anv\u00e4nda IoT f\u00f6r att skapa tydlig aff\u00e4rsnytta. I ett f\u00f6rsta skede kommer vi att st\u00f6tta genom att koppla upp sensorer f\u00f6r b\u00e5de temperatur och luftfuktighet i anl\u00e4ggningen. Idag [&hellip;]","og_url":"https:\/\/blogg.lnu.se\/iot-lab\/stens-chark-i-aseda\/","og_site_name":"IoT-lab","article_published_time":"2022-03-01T07:00:50+00:00","article_modified_time":"2022-02-26T12:50:08+00:00","og_image":[{"url":"https:\/\/blogg.lnu.se\/iot-lab\/files\/2022\/02\/chark-1.png"}],"author":"Fredrik Ahlgren","twitter_card":"summary_large_image","twitter_misc":{"Written by":"Fredrik Ahlgren","Est. reading time":"1 minute"},"schema":{"@context":"https:\/\/schema.org","@graph":[{"@type":"WebPage","@id":"https:\/\/blogg.lnu.se\/iot-lab\/stens-chark-i-aseda\/","url":"https:\/\/blogg.lnu.se\/iot-lab\/stens-chark-i-aseda\/","name":"Nytt Pilotcase - Stens Chark i \u00c5seda - IoT-lab","isPartOf":{"@id":"https:\/\/blogg.lnu.se\/iot-lab\/#website"},"datePublished":"2022-03-01T07:00:50+00:00","dateModified":"2022-02-26T12:50:08+00:00","author":{"@id":"https:\/\/blogg.lnu.se\/iot-lab\/#\/schema\/person\/4c30c471907023c8f5531ad5dc08ebe2"},"inLanguage":"en-US","potentialAction":[{"@type":"ReadAction","target":["https:\/\/blogg.lnu.se\/iot-lab\/stens-chark-i-aseda\/"]}]},{"@type":"WebSite","@id":"https:\/\/blogg.lnu.se\/iot-lab\/#website","url":"https:\/\/blogg.lnu.se\/iot-lab\/","name":"IoT-lab","description":"Projekt: IoT-lab f\u00f6r SMF","potentialAction":[{"@type":"SearchAction","target":{"@type":"EntryPoint","urlTemplate":"https:\/\/blogg.lnu.se\/iot-lab\/?s={search_term_string}"},"query-input":"required name=search_term_string"}],"inLanguage":"en-US"},{"@type":"Person","@id":"https:\/\/blogg.lnu.se\/iot-lab\/#\/schema\/person\/4c30c471907023c8f5531ad5dc08ebe2","name":"Fredrik Ahlgren","url":"https:\/\/blogg.lnu.se\/iot-lab\/author\/frahaa\/"}]}},"_links":{"self":[{"href":"https:\/\/blogg.lnu.se\/iot-lab\/wp-json\/wp\/v2\/posts\/125","targetHints":{"allow":["GET"]}}],"collection":[{"href":"https:\/\/blogg.lnu.se\/iot-lab\/wp-json\/wp\/v2\/posts"}],"about":[{"href":"https:\/\/blogg.lnu.se\/iot-lab\/wp-json\/wp\/v2\/types\/post"}],"author":[{"embeddable":true,"href":"https:\/\/blogg.lnu.se\/iot-lab\/wp-json\/wp\/v2\/users\/19903"}],"replies":[{"embeddable":true,"href":"https:\/\/blogg.lnu.se\/iot-lab\/wp-json\/wp\/v2\/comments?post=125"}],"version-history":[{"count":2,"href":"https:\/\/blogg.lnu.se\/iot-lab\/wp-json\/wp\/v2\/posts\/125\/revisions"}],"predecessor-version":[{"id":130,"href":"https:\/\/blogg.lnu.se\/iot-lab\/wp-json\/wp\/v2\/posts\/125\/revisions\/130"}],"wp:attachment":[{"href":"https:\/\/blogg.lnu.se\/iot-lab\/wp-json\/wp\/v2\/media?parent=125"}],"wp:term":[{"taxonomy":"category","embeddable":true,"href":"https:\/\/blogg.lnu.se\/iot-lab\/wp-json\/wp\/v2\/categories?post=125"},{"taxonomy":"post_tag","embeddable":true,"href":"https:\/\/blogg.lnu.se\/iot-lab\/wp-json\/wp\/v2\/tags?post=125"}],"curies":[{"name":"wp","href":"https:\/\/api.w.org\/{rel}","templated":true}]}}