{"id":19,"date":"2021-09-17T13:14:24","date_gmt":"2021-09-17T12:14:24","guid":{"rendered":"https:\/\/blogg.lnu.se\/iot-lab\/?p=19"},"modified":"2021-09-17T13:14:24","modified_gmt":"2021-09-17T12:14:24","slug":"full-fart-tidigt-i-projektet","status":"publish","type":"post","link":"https:\/\/blogg.lnu.se\/iot-lab\/full-fart-tidigt-i-projektet\/","title":{"rendered":"Full fart tidigt i projektet"},"content":{"rendered":"<p>Projektet b\u00f6rjar nu ta fart, och vi g\u00e5r fr\u00e5n klarhet till klarhet. Eftersom projektet \u00e4r riktat mot SMF s\u00e5 har vi redan nu b\u00f6rjat fokusera fullt p\u00e5 att n\u00e5 ut till f\u00f6retag i regionerna. V\u00e5r initiala planering \u00e4r att vi inriktar oss p\u00e5 att genomf\u00f6ra s\u00e5 m\u00e5nga inspirationsf\u00f6rel\u00e4sningar som m\u00f6jligt s\u00e5 tidigt som m\u00f6jligt, det blir s\u00e5 att s\u00e4ga v\u00e4gen in mot mer spetsade projekt. M\u00e5let \u00e4r att vi under projektets tid ska h\u00e5lla minst 20st inspirationsf\u00f6rel\u00e4sningar, och detta \u00e4r n\u00e5got vi redan har hunnit g\u00f6ra i en rasande fart.<\/p>\n<p>Tidigare i veckan f\u00f6rel\u00e4ste vi p\u00e5 eHealth area, i en seminarieserie som de kallar Livsviktiga samtal. F\u00f6rel\u00e4sningen riktade sig mot f\u00f6retag och organisationer inom v\u00e5rdsektorn och vi hade n\u00e4rmare 50 anm\u00e4lda deltagare. Det uppkom m\u00e5nga intressanta diskussioner om patients\u00e4kerhet och hur vi idag redan m\u00e4ter otroligt mycket \u2013 men kanske inte alltid tar hand om data p\u00e5 ett s\u00e5 optimalt s\u00e4tt som m\u00f6jligt. Likas\u00e5 finns det exempel d\u00e4r det kanske anv\u00e4nds teknik, till exempel s\u00e5 kallade trygghetskameror, som ur ett rent tekniskt perspektiv kunde g\u00f6ras p\u00e5 ett mer \u00e4ndam\u00e5lsenligt s\u00e4tt \u00e4n vad som g\u00f6rs idag. F\u00f6rra veckan medverkade vi \u00e4ven p\u00e5 Kalmarsundsveckan och pratade om den smarta staden.<\/p>\n<p>Kort sagt \u2013 tv\u00e5 veckor in i projektet har vi redan hunnit med en hel del, och v\u00e5rt nuvarande fokus \u00e4r att skapa ett tydligt material f\u00f6r kommande workshops och f\u00f6rdjupande f\u00f6rel\u00e4sningar. Snart \u00e4r vi ocks\u00e5 framme vid v\u00e5r f\u00f6rsta OpenLab days som sker redan den 29:e september \u2013 mer information om detta kommer men se till att skriva upp det i er kalender redan nu.<\/p>\n<p>Vi vill ocks\u00e5 h\u00e4lsa Mustafa Omareen varmt v\u00e4lkommen, som \u00e4r en av v\u00e5ra nya forskningsingenj\u00f6rer.<\/p>\n","protected":false},"excerpt":{"rendered":"<p>Projektet b\u00f6rjar nu ta fart, och vi g\u00e5r fr\u00e5n klarhet till klarhet. Eftersom projektet \u00e4r riktat mot SMF s\u00e5 har vi redan nu b\u00f6rjat fokusera fullt p\u00e5 att n\u00e5 ut till f\u00f6retag i regionerna. V\u00e5r initiala planering \u00e4r att vi inriktar oss p\u00e5 att genomf\u00f6ra s\u00e5 m\u00e5nga inspirationsf\u00f6rel\u00e4sningar som m\u00f6jligt s\u00e5 tidigt som m\u00f6jligt, det [&hellip;]<\/p>\n","protected":false},"author":19903,"featured_media":0,"comment_status":"open","ping_status":"open","sticky":false,"template":"","format":"standard","meta":{"footnotes":""},"categories":[1],"tags":[],"class_list":["post-19","post","type-post","status-publish","format-standard","hentry","category-blogg"],"acf":[],"yoast_head":"<!-- This site is optimized with the Yoast SEO plugin v21.7 - https:\/\/yoast.com\/wordpress\/plugins\/seo\/ -->\r\n<title>Full fart tidigt i projektet - IoT-lab<\/title>\r\n<meta name=\"robots\" content=\"noindex, follow, max-snippet:-1, max-image-preview:large, max-video-preview:-1\" \/>\r\n<meta property=\"og:locale\" content=\"en_US\" \/>\r\n<meta property=\"og:type\" content=\"article\" \/>\r\n<meta property=\"og:title\" content=\"Full fart tidigt i projektet - IoT-lab\" \/>\r\n<meta property=\"og:description\" content=\"Projektet b\u00f6rjar nu ta fart, och vi g\u00e5r fr\u00e5n klarhet till klarhet. Eftersom projektet \u00e4r riktat mot SMF s\u00e5 har vi redan nu b\u00f6rjat fokusera fullt p\u00e5 att n\u00e5 ut till f\u00f6retag i regionerna. V\u00e5r initiala planering \u00e4r att vi inriktar oss p\u00e5 att genomf\u00f6ra s\u00e5 m\u00e5nga inspirationsf\u00f6rel\u00e4sningar som m\u00f6jligt s\u00e5 tidigt som m\u00f6jligt, det [&hellip;]\" \/>\r\n<meta property=\"og:url\" content=\"https:\/\/blogg.lnu.se\/iot-lab\/full-fart-tidigt-i-projektet\/\" \/>\r\n<meta property=\"og:site_name\" content=\"IoT-lab\" \/>\r\n<meta property=\"article:published_time\" content=\"2021-09-17T12:14:24+00:00\" \/>\r\n<meta name=\"author\" content=\"Fredrik Ahlgren\" \/>\r\n<meta name=\"twitter:card\" content=\"summary_large_image\" \/>\r\n<meta name=\"twitter:label1\" content=\"Written by\" \/>\n\t<meta name=\"twitter:data1\" content=\"Fredrik Ahlgren\" \/>\n\t<meta name=\"twitter:label2\" content=\"Est. reading time\" \/>\n\t<meta name=\"twitter:data2\" content=\"2 minutes\" \/>\r\n<script type=\"application\/ld+json\" class=\"yoast-schema-graph\">{\"@context\":\"https:\/\/schema.org\",\"@graph\":[{\"@type\":\"WebPage\",\"@id\":\"https:\/\/blogg.lnu.se\/iot-lab\/full-fart-tidigt-i-projektet\/\",\"url\":\"https:\/\/blogg.lnu.se\/iot-lab\/full-fart-tidigt-i-projektet\/\",\"name\":\"Full fart tidigt i projektet - IoT-lab\",\"isPartOf\":{\"@id\":\"https:\/\/blogg.lnu.se\/iot-lab\/#website\"},\"datePublished\":\"2021-09-17T12:14:24+00:00\",\"dateModified\":\"2021-09-17T12:14:24+00:00\",\"author\":{\"@id\":\"https:\/\/blogg.lnu.se\/iot-lab\/#\/schema\/person\/4c30c471907023c8f5531ad5dc08ebe2\"},\"inLanguage\":\"en-US\",\"potentialAction\":[{\"@type\":\"ReadAction\",\"target\":[\"https:\/\/blogg.lnu.se\/iot-lab\/full-fart-tidigt-i-projektet\/\"]}]},{\"@type\":\"WebSite\",\"@id\":\"https:\/\/blogg.lnu.se\/iot-lab\/#website\",\"url\":\"https:\/\/blogg.lnu.se\/iot-lab\/\",\"name\":\"IoT-lab\",\"description\":\"Projekt: IoT-lab f\u00f6r SMF\",\"potentialAction\":[{\"@type\":\"SearchAction\",\"target\":{\"@type\":\"EntryPoint\",\"urlTemplate\":\"https:\/\/blogg.lnu.se\/iot-lab\/?s={search_term_string}\"},\"query-input\":\"required name=search_term_string\"}],\"inLanguage\":\"en-US\"},{\"@type\":\"Person\",\"@id\":\"https:\/\/blogg.lnu.se\/iot-lab\/#\/schema\/person\/4c30c471907023c8f5531ad5dc08ebe2\",\"name\":\"Fredrik Ahlgren\",\"url\":\"https:\/\/blogg.lnu.se\/iot-lab\/author\/frahaa\/\"}]}<\/script>\r\n<!-- \/ Yoast SEO plugin. -->","yoast_head_json":{"title":"Full fart tidigt i projektet - IoT-lab","robots":{"index":"noindex","follow":"follow","max-snippet":"max-snippet:-1","max-image-preview":"max-image-preview:large","max-video-preview":"max-video-preview:-1"},"og_locale":"en_US","og_type":"article","og_title":"Full fart tidigt i projektet - IoT-lab","og_description":"Projektet b\u00f6rjar nu ta fart, och vi g\u00e5r fr\u00e5n klarhet till klarhet. Eftersom projektet \u00e4r riktat mot SMF s\u00e5 har vi redan nu b\u00f6rjat fokusera fullt p\u00e5 att n\u00e5 ut till f\u00f6retag i regionerna. V\u00e5r initiala planering \u00e4r att vi inriktar oss p\u00e5 att genomf\u00f6ra s\u00e5 m\u00e5nga inspirationsf\u00f6rel\u00e4sningar som m\u00f6jligt s\u00e5 tidigt som m\u00f6jligt, det [&hellip;]","og_url":"https:\/\/blogg.lnu.se\/iot-lab\/full-fart-tidigt-i-projektet\/","og_site_name":"IoT-lab","article_published_time":"2021-09-17T12:14:24+00:00","author":"Fredrik Ahlgren","twitter_card":"summary_large_image","twitter_misc":{"Written by":"Fredrik Ahlgren","Est. reading time":"2 minutes"},"schema":{"@context":"https:\/\/schema.org","@graph":[{"@type":"WebPage","@id":"https:\/\/blogg.lnu.se\/iot-lab\/full-fart-tidigt-i-projektet\/","url":"https:\/\/blogg.lnu.se\/iot-lab\/full-fart-tidigt-i-projektet\/","name":"Full fart tidigt i projektet - IoT-lab","isPartOf":{"@id":"https:\/\/blogg.lnu.se\/iot-lab\/#website"},"datePublished":"2021-09-17T12:14:24+00:00","dateModified":"2021-09-17T12:14:24+00:00","author":{"@id":"https:\/\/blogg.lnu.se\/iot-lab\/#\/schema\/person\/4c30c471907023c8f5531ad5dc08ebe2"},"inLanguage":"en-US","potentialAction":[{"@type":"ReadAction","target":["https:\/\/blogg.lnu.se\/iot-lab\/full-fart-tidigt-i-projektet\/"]}]},{"@type":"WebSite","@id":"https:\/\/blogg.lnu.se\/iot-lab\/#website","url":"https:\/\/blogg.lnu.se\/iot-lab\/","name":"IoT-lab","description":"Projekt: IoT-lab f\u00f6r SMF","potentialAction":[{"@type":"SearchAction","target":{"@type":"EntryPoint","urlTemplate":"https:\/\/blogg.lnu.se\/iot-lab\/?s={search_term_string}"},"query-input":"required name=search_term_string"}],"inLanguage":"en-US"},{"@type":"Person","@id":"https:\/\/blogg.lnu.se\/iot-lab\/#\/schema\/person\/4c30c471907023c8f5531ad5dc08ebe2","name":"Fredrik Ahlgren","url":"https:\/\/blogg.lnu.se\/iot-lab\/author\/frahaa\/"}]}},"_links":{"self":[{"href":"https:\/\/blogg.lnu.se\/iot-lab\/wp-json\/wp\/v2\/posts\/19","targetHints":{"allow":["GET"]}}],"collection":[{"href":"https:\/\/blogg.lnu.se\/iot-lab\/wp-json\/wp\/v2\/posts"}],"about":[{"href":"https:\/\/blogg.lnu.se\/iot-lab\/wp-json\/wp\/v2\/types\/post"}],"author":[{"embeddable":true,"href":"https:\/\/blogg.lnu.se\/iot-lab\/wp-json\/wp\/v2\/users\/19903"}],"replies":[{"embeddable":true,"href":"https:\/\/blogg.lnu.se\/iot-lab\/wp-json\/wp\/v2\/comments?post=19"}],"version-history":[{"count":1,"href":"https:\/\/blogg.lnu.se\/iot-lab\/wp-json\/wp\/v2\/posts\/19\/revisions"}],"predecessor-version":[{"id":20,"href":"https:\/\/blogg.lnu.se\/iot-lab\/wp-json\/wp\/v2\/posts\/19\/revisions\/20"}],"wp:attachment":[{"href":"https:\/\/blogg.lnu.se\/iot-lab\/wp-json\/wp\/v2\/media?parent=19"}],"wp:term":[{"taxonomy":"category","embeddable":true,"href":"https:\/\/blogg.lnu.se\/iot-lab\/wp-json\/wp\/v2\/categories?post=19"},{"taxonomy":"post_tag","embeddable":true,"href":"https:\/\/blogg.lnu.se\/iot-lab\/wp-json\/wp\/v2\/tags?post=19"}],"curies":[{"name":"wp","href":"https:\/\/api.w.org\/{rel}","templated":true}]}}