{"id":117,"date":"2024-08-27T13:43:30","date_gmt":"2024-08-27T12:43:30","guid":{"rendered":"https:\/\/blogg.lnu.se\/kunskapsmiljo-vatten\/?p=117"},"modified":"2024-08-28T08:38:40","modified_gmt":"2024-08-28T07:38:40","slug":"the-flow-kicking-off-autumn-2024","status":"publish","type":"post","link":"https:\/\/blogg.lnu.se\/kunskapsmiljo-vatten\/blog\/blogg\/the-flow-kicking-off-autumn-2024\/","title":{"rendered":"The Flow: Kicking off Autumn 2024"},"content":{"rendered":"<div class=\"wp-block-image\">\n<figure class=\"alignleft size-large is-resized\"><img loading=\"lazy\" decoding=\"async\" width=\"1024\" height=\"680\" src=\"https:\/\/blogg.lnu.se\/kunskapsmiljo-vatten\/wp-content\/blogs.dir\/236\/files\/sites\/236\/2022\/03\/GettyImages-171368590-1024x680.jpeg\" alt=\"\" class=\"wp-image-49\" style=\"width:463px;height:auto\" srcset=\"https:\/\/blogg.lnu.se\/kunskapsmiljo-vatten\/wp-content\/blogs.dir\/236\/files\/sites\/236\/2022\/03\/GettyImages-171368590-1024x680.jpeg 1024w, https:\/\/blogg.lnu.se\/kunskapsmiljo-vatten\/wp-content\/blogs.dir\/236\/files\/sites\/236\/2022\/03\/GettyImages-171368590-300x199.jpeg 300w, https:\/\/blogg.lnu.se\/kunskapsmiljo-vatten\/wp-content\/blogs.dir\/236\/files\/sites\/236\/2022\/03\/GettyImages-171368590-768x510.jpeg 768w, https:\/\/blogg.lnu.se\/kunskapsmiljo-vatten\/wp-content\/blogs.dir\/236\/files\/sites\/236\/2022\/03\/GettyImages-171368590.jpeg 1200w\" sizes=\"auto, (max-width: 1024px) 100vw, 1024px\" \/><\/figure><\/div>\n\n\n<p>As summer draws to a close, KM Vatten looks forward to sharing upcoming activities, outreach events and research collaborations focused on water and sustainability in the upcoming term. <\/p>\n\n\n\n<h2 class=\"wp-block-heading\"><\/h2>\n\n\n\n<p><\/p>\n\n\n\n<p><\/p>\n\n\n\n<h3 class=\"wp-block-heading\">H\u00f6stb\u00e5l f\u00f6r \u00d6stersj\u00f6n &#8211; an event sponsored by Vattenr\u00e5det and Hembygsf\u00f6reningen, with lectures from KM Vatten researchers<\/h3>\n\n\n\n<p><strong>Saturday, 31st August kl 17:30 at Eken\u00e4s B\u00e5tklubben hus<\/strong><\/p>\n\n\n\n<p>17:30-18:45: B\u00e5tklubbens hus<\/p>\n\n\n\n<p><strong>\u201d Varf\u00f6r f\u00f6rsvinner fisken? Vad kan vi g\u00f6ra?\u201d<\/strong>LNU-forskare ber\u00e4ttar om aktuell forskning i \u00d6stersj\u00f6n och Kalmarsund<\/p>\n\n\n\n<p>Filmvisning och samtal<\/p>\n\n\n\n<p>19:00-20:00: Utanf\u00f6r klubbhuset<\/p>\n\n\n\n<p>Fika, tipspromenad, uppvisning av vattenmodell och h\u00e5va vattendjur<\/p>\n\n\n\n<p>Cirka 20:15: Hamnplanen<\/p>\n\n\n\n<p>T\u00e4ndning av H\u00f6stb\u00e5l f\u00f6r \u00d6stersj\u00f6n<\/p>\n\n\n\n<div class=\"wp-block-columns is-layout-flex wp-container-core-columns-is-layout-9d6595d7 wp-block-columns-is-layout-flex\">\n<div class=\"wp-block-column is-layout-flow wp-block-column-is-layout-flow\">\n<h3 class=\"wp-block-heading\">LNU to host &#8220;Marine Research Days,&#8221; Svenska Havsforskningen conference &#8211; November 2024<\/h3>\n\n\n\n<p>This year&#8217;s Marine Research Days conference will be held here in Kalmar at LNU, November 26-28, save the date! The conference organizing committee includes KM Vatten\/EEMiS researchers <a href=\"https:\/\/lnu.se\/personal\/hanna.farnelid\/\">Hanna Farnelid<\/a>, <a href=\"https:\/\/lnu.se\/personal\/elin.lindehoff\/\">Elin Lindehoff <\/a>and <a href=\"https:\/\/lnu.se\/personal\/catherine.legrand\/\">Catherine Legrand,<\/a> in cooperation with Gothenburg University&#8217;s <a href=\"https:\/\/www.gu.se\/om-universitetet\/hitta-person\/carinabunse\">Carina Bunse<\/a>. <\/p>\n\n\n<div class=\"wp-block-image\">\n<figure class=\"alignleft size-full is-resized\"><img loading=\"lazy\" decoding=\"async\" width=\"888\" height=\"516\" src=\"https:\/\/blogg.lnu.se\/kunskapsmiljo-vatten\/wp-content\/blogs.dir\/236\/files\/sites\/236\/2024\/08\/Screenshot-2024-08-20-at-12.05.20.png\" alt=\"\" class=\"wp-image-124\" style=\"width:306px;height:auto\" srcset=\"https:\/\/blogg.lnu.se\/kunskapsmiljo-vatten\/wp-content\/blogs.dir\/236\/files\/sites\/236\/2024\/08\/Screenshot-2024-08-20-at-12.05.20.png 888w, https:\/\/blogg.lnu.se\/kunskapsmiljo-vatten\/wp-content\/blogs.dir\/236\/files\/sites\/236\/2024\/08\/Screenshot-2024-08-20-at-12.05.20-300x174.png 300w, https:\/\/blogg.lnu.se\/kunskapsmiljo-vatten\/wp-content\/blogs.dir\/236\/files\/sites\/236\/2024\/08\/Screenshot-2024-08-20-at-12.05.20-768x446.png 768w\" sizes=\"auto, (max-width: 888px) 100vw, 888px\" \/><\/figure><\/div>\n\n\n<p><em>The Swedish Society for Marine Sciences welcomes everyone who is engaged and interested in marine sciences, management and environmental monitoring to this conference on the SEA ! The meeting focuses on current aspects of research, management, and environmental monitoring in marine systems. In addition to oral presentations and a poster session, there will be room for networking.<\/em><\/p>\n\n\n\n<div class=\"wp-block-columns is-layout-flex wp-container-core-columns-is-layout-9d6595d7 wp-block-columns-is-layout-flex\">\n<div class=\"wp-block-column is-layout-flow wp-block-column-is-layout-flow\" style=\"flex-basis:100%\">\n<h3 class=\"wp-block-heading\">SHF Dryssen Award &#8211; nominating extended to 22 September<\/h3>\n\n\n\n<div class=\"wp-block-group is-nowrap is-layout-flex wp-container-core-group-is-layout-ad2f72ca wp-block-group-is-layout-flex\">\n<p>The Swedish Society for Marine Science has extended the deadline for the Dryssen Award, for Master&#8217;s degree projects in marine sciences, in the amount of 5.000 kronor. <a href=\"https:\/\/shf.se\/en\/dyrssenpriset-2024\/\">Read more here!<\/a><\/p>\n<\/div>\n\n\n\n<h3 class=\"wp-block-heading\"><\/h3>\n<\/div>\n<\/div>\n<\/div>\n<\/div>\n\n\n\n<p><em>Got something for the Flow? email caliac@lnu.se <\/em><\/p>\n","protected":false},"excerpt":{"rendered":"<p>As summer draws to a close, KM Vatten looks forward to sharing upcoming activities, outreach events and research collaborations focused on water and sustainability in the upcoming term. H\u00f6stb\u00e5l f\u00f6r \u00d6stersj\u00f6n &#8211; an event sponsored by Vattenr\u00e5det and Hembygsf\u00f6reningen, with lectures from KM Vatten researchers Saturday, 31st August kl 17:30 at Eken\u00e4s B\u00e5tklubben hus 17:30-18:45: [&hellip;]<\/p>\n","protected":false},"author":19887,"featured_media":0,"comment_status":"open","ping_status":"open","sticky":false,"template":"","format":"standard","meta":{"footnotes":""},"categories":[93],"tags":[],"class_list":["post-117","post","type-post","status-publish","format-standard","hentry","category-blogg"],"acf":[],"yoast_head":"<!-- This site is optimized with the Yoast SEO plugin v21.7 - https:\/\/yoast.com\/wordpress\/plugins\/seo\/ -->\r\n<title>The Flow: Kicking off Autumn 2024 - Kunskapsmilj\u00f6: Vatten<\/title>\r\n<meta name=\"robots\" content=\"index, follow, max-snippet:-1, max-image-preview:large, max-video-preview:-1\" \/>\r\n<link rel=\"canonical\" href=\"https:\/\/blogg.lnu.se\/kunskapsmiljo-vatten\/blog\/blogg\/the-flow-kicking-off-autumn-2024\/\" \/>\r\n<meta property=\"og:locale\" content=\"en_US\" \/>\r\n<meta property=\"og:type\" content=\"article\" \/>\r\n<meta property=\"og:title\" content=\"The Flow: Kicking off Autumn 2024 - Kunskapsmilj\u00f6: Vatten\" \/>\r\n<meta property=\"og:description\" content=\"As summer draws to a close, KM Vatten looks forward to sharing upcoming activities, outreach events and research collaborations focused on water and sustainability in the upcoming term. H\u00f6stb\u00e5l f\u00f6r \u00d6stersj\u00f6n &#8211; an event sponsored by Vattenr\u00e5det and Hembygsf\u00f6reningen, with lectures from KM Vatten researchers Saturday, 31st August kl 17:30 at Eken\u00e4s B\u00e5tklubben hus 17:30-18:45: [&hellip;]\" \/>\r\n<meta property=\"og:url\" content=\"https:\/\/blogg.lnu.se\/kunskapsmiljo-vatten\/blog\/blogg\/the-flow-kicking-off-autumn-2024\/\" \/>\r\n<meta property=\"og:site_name\" content=\"Kunskapsmilj\u00f6: Vatten\" \/>\r\n<meta property=\"article:published_time\" content=\"2024-08-27T12:43:30+00:00\" \/>\r\n<meta property=\"article:modified_time\" content=\"2024-08-28T07:38:40+00:00\" \/>\r\n<meta property=\"og:image\" content=\"https:\/\/blogg.lnu.se\/kunskapsmiljo-vatten\/wp-content\/blogs.dir\/236\/files\/sites\/236\/2022\/03\/GettyImages-171368590-1024x680.jpeg\" \/>\r\n<meta name=\"author\" content=\"caliac\" \/>\r\n<meta name=\"twitter:card\" content=\"summary_large_image\" \/>\r\n<meta name=\"twitter:label1\" content=\"Written by\" \/>\n\t<meta name=\"twitter:data1\" content=\"caliac\" \/>\n\t<meta name=\"twitter:label2\" content=\"Est. reading time\" \/>\n\t<meta name=\"twitter:data2\" content=\"2 minutes\" \/>\r\n<script type=\"application\/ld+json\" class=\"yoast-schema-graph\">{\"@context\":\"https:\/\/schema.org\",\"@graph\":[{\"@type\":\"WebPage\",\"@id\":\"https:\/\/blogg.lnu.se\/kunskapsmiljo-vatten\/blog\/blogg\/the-flow-kicking-off-autumn-2024\/\",\"url\":\"https:\/\/blogg.lnu.se\/kunskapsmiljo-vatten\/blog\/blogg\/the-flow-kicking-off-autumn-2024\/\",\"name\":\"The Flow: Kicking off Autumn 2024 - Kunskapsmilj\u00f6: Vatten\",\"isPartOf\":{\"@id\":\"https:\/\/blogg.lnu.se\/kunskapsmiljo-vatten\/#website\"},\"datePublished\":\"2024-08-27T12:43:30+00:00\",\"dateModified\":\"2024-08-28T07:38:40+00:00\",\"author\":{\"@id\":\"https:\/\/blogg.lnu.se\/kunskapsmiljo-vatten\/#\/schema\/person\/453cb956ddc21ce2bcf2467555ef0f0f\"},\"inLanguage\":\"en-US\",\"potentialAction\":[{\"@type\":\"ReadAction\",\"target\":[\"https:\/\/blogg.lnu.se\/kunskapsmiljo-vatten\/blog\/blogg\/the-flow-kicking-off-autumn-2024\/\"]}]},{\"@type\":\"WebSite\",\"@id\":\"https:\/\/blogg.lnu.se\/kunskapsmiljo-vatten\/#website\",\"url\":\"https:\/\/blogg.lnu.se\/kunskapsmiljo-vatten\/\",\"name\":\"Kunskapsmilj\u00f6: Vatten\",\"description\":\"Allt inom vatten \",\"potentialAction\":[{\"@type\":\"SearchAction\",\"target\":{\"@type\":\"EntryPoint\",\"urlTemplate\":\"https:\/\/blogg.lnu.se\/kunskapsmiljo-vatten\/?s={search_term_string}\"},\"query-input\":\"required name=search_term_string\"}],\"inLanguage\":\"en-US\"},{\"@type\":\"Person\",\"@id\":\"https:\/\/blogg.lnu.se\/kunskapsmiljo-vatten\/#\/schema\/person\/453cb956ddc21ce2bcf2467555ef0f0f\",\"name\":\"caliac\",\"url\":\"https:\/\/blogg.lnu.se\/kunskapsmiljo-vatten\/blog\/author\/caliac\/\"}]}<\/script>\r\n<!-- \/ Yoast SEO plugin. -->","yoast_head_json":{"title":"The Flow: Kicking off Autumn 2024 - Kunskapsmilj\u00f6: Vatten","robots":{"index":"index","follow":"follow","max-snippet":"max-snippet:-1","max-image-preview":"max-image-preview:large","max-video-preview":"max-video-preview:-1"},"canonical":"https:\/\/blogg.lnu.se\/kunskapsmiljo-vatten\/blog\/blogg\/the-flow-kicking-off-autumn-2024\/","og_locale":"en_US","og_type":"article","og_title":"The Flow: Kicking off Autumn 2024 - Kunskapsmilj\u00f6: Vatten","og_description":"As summer draws to a close, KM Vatten looks forward to sharing upcoming activities, outreach events and research collaborations focused on water and sustainability in the upcoming term. H\u00f6stb\u00e5l f\u00f6r \u00d6stersj\u00f6n &#8211; an event sponsored by Vattenr\u00e5det and Hembygsf\u00f6reningen, with lectures from KM Vatten researchers Saturday, 31st August kl 17:30 at Eken\u00e4s B\u00e5tklubben hus 17:30-18:45: [&hellip;]","og_url":"https:\/\/blogg.lnu.se\/kunskapsmiljo-vatten\/blog\/blogg\/the-flow-kicking-off-autumn-2024\/","og_site_name":"Kunskapsmilj\u00f6: Vatten","article_published_time":"2024-08-27T12:43:30+00:00","article_modified_time":"2024-08-28T07:38:40+00:00","og_image":[{"url":"https:\/\/blogg.lnu.se\/kunskapsmiljo-vatten\/wp-content\/blogs.dir\/236\/files\/sites\/236\/2022\/03\/GettyImages-171368590-1024x680.jpeg"}],"author":"caliac","twitter_card":"summary_large_image","twitter_misc":{"Written by":"caliac","Est. reading time":"2 minutes"},"schema":{"@context":"https:\/\/schema.org","@graph":[{"@type":"WebPage","@id":"https:\/\/blogg.lnu.se\/kunskapsmiljo-vatten\/blog\/blogg\/the-flow-kicking-off-autumn-2024\/","url":"https:\/\/blogg.lnu.se\/kunskapsmiljo-vatten\/blog\/blogg\/the-flow-kicking-off-autumn-2024\/","name":"The Flow: Kicking off Autumn 2024 - Kunskapsmilj\u00f6: Vatten","isPartOf":{"@id":"https:\/\/blogg.lnu.se\/kunskapsmiljo-vatten\/#website"},"datePublished":"2024-08-27T12:43:30+00:00","dateModified":"2024-08-28T07:38:40+00:00","author":{"@id":"https:\/\/blogg.lnu.se\/kunskapsmiljo-vatten\/#\/schema\/person\/453cb956ddc21ce2bcf2467555ef0f0f"},"inLanguage":"en-US","potentialAction":[{"@type":"ReadAction","target":["https:\/\/blogg.lnu.se\/kunskapsmiljo-vatten\/blog\/blogg\/the-flow-kicking-off-autumn-2024\/"]}]},{"@type":"WebSite","@id":"https:\/\/blogg.lnu.se\/kunskapsmiljo-vatten\/#website","url":"https:\/\/blogg.lnu.se\/kunskapsmiljo-vatten\/","name":"Kunskapsmilj\u00f6: Vatten","description":"Allt inom vatten ","potentialAction":[{"@type":"SearchAction","target":{"@type":"EntryPoint","urlTemplate":"https:\/\/blogg.lnu.se\/kunskapsmiljo-vatten\/?s={search_term_string}"},"query-input":"required name=search_term_string"}],"inLanguage":"en-US"},{"@type":"Person","@id":"https:\/\/blogg.lnu.se\/kunskapsmiljo-vatten\/#\/schema\/person\/453cb956ddc21ce2bcf2467555ef0f0f","name":"caliac","url":"https:\/\/blogg.lnu.se\/kunskapsmiljo-vatten\/blog\/author\/caliac\/"}]}},"_links":{"self":[{"href":"https:\/\/blogg.lnu.se\/kunskapsmiljo-vatten\/wp-json\/wp\/v2\/posts\/117","targetHints":{"allow":["GET"]}}],"collection":[{"href":"https:\/\/blogg.lnu.se\/kunskapsmiljo-vatten\/wp-json\/wp\/v2\/posts"}],"about":[{"href":"https:\/\/blogg.lnu.se\/kunskapsmiljo-vatten\/wp-json\/wp\/v2\/types\/post"}],"author":[{"embeddable":true,"href":"https:\/\/blogg.lnu.se\/kunskapsmiljo-vatten\/wp-json\/wp\/v2\/users\/19887"}],"replies":[{"embeddable":true,"href":"https:\/\/blogg.lnu.se\/kunskapsmiljo-vatten\/wp-json\/wp\/v2\/comments?post=117"}],"version-history":[{"count":15,"href":"https:\/\/blogg.lnu.se\/kunskapsmiljo-vatten\/wp-json\/wp\/v2\/posts\/117\/revisions"}],"predecessor-version":[{"id":146,"href":"https:\/\/blogg.lnu.se\/kunskapsmiljo-vatten\/wp-json\/wp\/v2\/posts\/117\/revisions\/146"}],"wp:attachment":[{"href":"https:\/\/blogg.lnu.se\/kunskapsmiljo-vatten\/wp-json\/wp\/v2\/media?parent=117"}],"wp:term":[{"taxonomy":"category","embeddable":true,"href":"https:\/\/blogg.lnu.se\/kunskapsmiljo-vatten\/wp-json\/wp\/v2\/categories?post=117"},{"taxonomy":"post_tag","embeddable":true,"href":"https:\/\/blogg.lnu.se\/kunskapsmiljo-vatten\/wp-json\/wp\/v2\/tags?post=117"}],"curies":[{"name":"wp","href":"https:\/\/api.w.org\/{rel}","templated":true}]}}