{"id":36,"date":"2024-09-20T16:10:37","date_gmt":"2024-09-20T14:10:37","guid":{"rendered":"https:\/\/blogg.lnu.se\/linnes-hallbara-resa\/?p=36"},"modified":"2024-11-11T14:00:30","modified_gmt":"2024-11-11T13:00:30","slug":"tagresa-till-lausanne","status":"publish","type":"post","link":"https:\/\/blogg.lnu.se\/linnes-hallbara-resa\/2024\/09\/20\/tagresa-till-lausanne\/","title":{"rendered":"En t\u00e5gresa till Lausanne"},"content":{"rendered":"\n<p>J\u00f6rgen Forss, FTK<\/p>\n\n\n\n<p>F\u00f6rsta veckan i september var det dags f\u00f6r SEFI (European Society for Engineering Education) konferens i Lausanne, d\u00e4r vi hade en presentation av v\u00e5rt Euniwell-samarbete kring ingenj\u00f6rsf\u00e4rdigheter med Florens och Birmingham. Sj\u00e4lvklart fick det bli t\u00e5g som transport, vilket jag best\u00e4llde i god tid fr\u00e5n <a href=\"https:\/\/resebutik.se\/\">centralens resebyr\u00e5<\/a>.<\/p>\n\n\n\n<h2 class=\"wp-block-heading\">F\u00f6rberedelse<\/h2>\n\n\n\n<p>Ca en vecka innan resa kollade jag att allt fungerar, registrerade interrailkortet med fyra resdagar i appen <a href=\"https:\/\/www.interrail.eu\/en\/plan-your-trip\/tips-and-tricks\/rail-planner-app\">railplanner<\/a>. Railplanner \u00e4r en v\u00e4l fungerande app, d\u00e4r du kan s\u00f6ka ut resor och l\u00e4gga upp din resplan, som du sedan aktiverar str\u00e4cka f\u00f6r str\u00e4cka. V\u00e4rt att notera om du har passnumret p\u00e5 interrailkortet, s\u00e5 m\u00e5ste passet f\u00f6lja med p\u00e5 resan. Det \u00e4r lite sv\u00e5rare med platsbiljetter p\u00e5 str\u00e4ckorna, de har jag inte f\u00e5tt in i sj\u00e4lva appen. Centralens Resebutik i Kalmar tipsade mig om att boka f\u00f6rsta klass denna resa, s\u00e5 det testade jag denna g\u00e5ng.<\/p>\n\n\n\n<h2 class=\"wp-block-heading\">Dags f\u00f6r avresa<\/h2>\n\n\n\n<p>Jag \u00e4ntrade t\u00e5get i Alvesta 21.31 en l\u00f6rdagskv\u00e4ll och installerade mig i min lilla kup\u00e9 som jag disponerade helt sj\u00e4lv. I kup\u00e9n fanns s\u00e4ng, skrivbordsplats och ett litet badrum med dusch, handdukar och lakan ing\u00e5r. Eluttag fanns i kup\u00e9n, men f\u00f6rv\u00e5nande nog s\u00e5 har SJ inget wifi p\u00e5 dessa t\u00e5g. Det fanns inget s\u00e4tt att l\u00e5sa kup\u00e9n, men tog mig \u00e4nd\u00e5 till bistron och handlade lite kv\u00e4llsvickning och tittade sedan p\u00e5 en film. Tyv\u00e4rr hade jag lite sv\u00e5rt att komma till ro och la mig lite sent. F\u00e4rden p\u00e5 dessa t\u00e5g skakar och knakar en hel del, men jag sov gott i min s\u00e4ng och v\u00e4cktes av t\u00e5gv\u00e4rden som serverade frukost 6.45. Frukosten bestod av yoghurt, juice och en (n\u00e5got torr) fralla samt kaffe med p\u00e5t\u00e5r. Utanf\u00f6r f\u00f6nstret bredde det tyska landskapet ut sig med sina f\u00e4lt med h\u00e4ckar, sm\u00e5 samh\u00e4llen och l\u00f6vskogar p\u00e5 v\u00e5r v\u00e4g ned mot Hamburg.<\/p>\n\n\n\n<p>N\u00e4r det b\u00f6rjar n\u00e4rma sig byte s\u00e5 kan det vara sk\u00f6nt att ha lite extra koll, p\u00e5 bahnhof.de kan du s\u00f6ka upp de enskilda stationerna i Tyskland och under departures listas avg\u00e5ende t\u00e5g med respektive tid\/\u00e4ndringar och framf\u00f6r allt plattformsnummer. \u00c4ven mycket hj\u00e4lpsamt om det blir f\u00f6rseningar och sp\u00e5r\u00e4ndringar som kan vara sv\u00e5rt att h\u00f6ra i h\u00f6gtalarutrop. Det g\u00e5r oftast \u00e4ven att s\u00f6ka upp kartor \u00f6ver stationerna om man vill se var plattformarna \u00e4r i f\u00f6rv\u00e4g, bra vid tighta byten.<\/p>\n\n\n\n<h2 class=\"wp-block-heading\">Byte i Hamburg<\/h2>\n\n\n\n<p>Bytet i Hamburg gick smidigt, dock har de v\u00e4ldigt l\u00e5nga t\u00e5g, s\u00e5 det g\u00e4ller att st\u00e5 i r\u00e4tt \u00e4nde av perrongen. Det finns gott om m\u00f6jligheter att k\u00f6pa med mellanm\u00e5l p\u00e5 stationerna, men mest i form av sm\u00f6rg\u00e5sar och baguetter. Fr\u00e5n Hamburg till Bern \u00e5ker jag f\u00f6rsta klass snabbt\u00e5g, det tar 8,5h och wifit \u00e4r utm\u00e4rkt hela tiden. Det l\u00e4tt att arbeta och jag hinner f\u00f6rbereda allt mitt material till konferensen och beta av flertalet mejl\u00e4renden. Restaurangvagnen hade servering (med personal) b\u00e5de i vagnen och vid sittplatsen och det var gott om plats att r\u00f6ra sig i t\u00e5get.<\/p>\n\n\n\n<p>&nbsp;I Bern bytte jag till mer lokalt t\u00e5g, som jag bara bokade i min interrailapp, det som passade b\u00e4st i tid och hade minst byten. Schweiz \u00e4r ett av Europas dyraste mobiltelefonl\u00e4nder, s\u00e5 ha g\u00e4rna koll p\u00e5 avtalen och k\u00f6p paket f\u00f6r mobildata om du beh\u00f6ver. F\u00e4rden gick vidare mot Freibourg och strax innan nio klev jag av t\u00e5get i Lausanne vid Genevesj\u00f6ns norra strand f\u00f6r att 20 min senare checka in p\u00e5 mitt hotell.<\/p>\n\n\n\n<p>Kostnaderna f\u00f6r resan var 4057 kr f\u00f6r interrailkortet, 577 kr f\u00f6r natt\u00e5get och 96 kr f\u00f6r \u00f6vriga 3 platsbiljetter. F\u00f6rstaklass k\u00e4ndes inte dyr och gjorde det lite trevligare att resa och enklare att arbeta.<\/p>\n\n\n\n<h2 class=\"wp-block-heading\">Reflektion<\/h2>\n\n\n\n<p>F\u00f6rdelar: Ingen incheckning eller begr\u00e4nsningar i bagage, fast du f\u00e5r sl\u00e4pa sj\u00e4lv. Enkelt att g\u00e5 p\u00e5 t\u00e5get, mindre v\u00e4ntetider, bekv\u00e4mt att arbeta och anl\u00e4nder direkt i centrum.<\/p>\n\n\n\n<p>Nackdelar: F\u00f6rseningar och anslutningar naturligtvis om det uppst\u00e5r, inget wifi p\u00e5 SJ-t\u00e5get (!) och skakande s\u00e4ng, vilket jag inte har problem med. Med interrailkortets app har du dock b\u00e5de koll p\u00e5 n\u00e4sta t\u00e5g och en giltig biljett (platsbiljett kan dock beh\u00f6vas). Sen f\u00e5r det erk\u00e4nnas att sitta en hel dag blir i alla fall jag lite m\u00f6r av, f\u00f6rs\u00f6k att r\u00f6r dig s\u00e5 mycket det g\u00e5r vid t\u00e5gbytena.<\/p>\n\n\n\n<p>Tidsm\u00e4ssigt upplever jag inte s\u00e5 stor skillnad, t\u00e5get inneb\u00e4r att \u00e5ka p\u00e5 kv\u00e4llen alternativ med flyg hade blivit morgonen efter. Men jag sover \u00e4nd\u00e5 p\u00e5 natten s\u00e5 jag upplever inte restiden s\u00e5 l\u00e5ng, men visst i detta fall missar jag en l\u00f6rdagskv\u00e4ll med familjen. Men det \u00e4r mer nerv\u00f6st att t\u00e5get ska vara i tid till flyget, missar jag n\u00e4sta t\u00e5ganslutning s\u00e5 finns det med interrailkortet alltid ett till senare.<\/p>\n\n\n\n<p><\/p>\n","protected":false},"excerpt":{"rendered":"<p>J\u00f6rgen Forss, FTK F\u00f6rsta veckan i september var det dags f\u00f6r SEFI (European Society for Engineering Education) konferens i Lausanne, d\u00e4r vi hade en presentation av v\u00e5rt Euniwell-samarbete kring ingenj\u00f6rsf\u00e4rdigheter med Florens och Birmingham. Sj\u00e4lvklart fick det bli t\u00e5g som transport, vilket jag best\u00e4llde i god tid fr\u00e5n centralens resebyr\u00e5. F\u00f6rberedelse Ca en vecka innan [&hellip;]<\/p>\n","protected":false},"author":19944,"featured_media":0,"comment_status":"open","ping_status":"open","sticky":false,"template":"","format":"standard","meta":{"footnotes":""},"categories":[10],"tags":[8,6,5,9,7],"class_list":["post-36","post","type-post","status-publish","format-standard","hentry","category-tjansteresande","tag-fossilfritt","tag-gron-utveckling","tag-hallbarhet","tag-koldioxid","tag-tag"],"acf":[],"yoast_head":"<!-- This site is optimized with the Yoast SEO plugin v21.7 - https:\/\/yoast.com\/wordpress\/plugins\/seo\/ -->\r\n<title>En t\u00e5gresa till Lausanne - Linn\u00e9s H\u00e5llbara Resa<\/title>\r\n<meta name=\"description\" content=\"T\u00e5gresa, h\u00e5llbara resor, koldioxidavtryck, decarbonizing\" \/>\r\n<meta name=\"robots\" content=\"index, follow, max-snippet:-1, max-image-preview:large, max-video-preview:-1\" \/>\r\n<link rel=\"canonical\" href=\"https:\/\/blogg.lnu.se\/linnes-hallbara-resa\/2024\/09\/20\/tagresa-till-lausanne\/\" \/>\r\n<meta property=\"og:locale\" content=\"sv_SE\" \/>\r\n<meta property=\"og:type\" content=\"article\" \/>\r\n<meta property=\"og:title\" content=\"En t\u00e5gresa till Lausanne - Linn\u00e9s H\u00e5llbara Resa\" \/>\r\n<meta property=\"og:description\" content=\"T\u00e5gresa, h\u00e5llbara resor, koldioxidavtryck, decarbonizing\" \/>\r\n<meta property=\"og:url\" content=\"https:\/\/blogg.lnu.se\/linnes-hallbara-resa\/2024\/09\/20\/tagresa-till-lausanne\/\" \/>\r\n<meta property=\"og:site_name\" content=\"Linn\u00e9s H\u00e5llbara Resa\" \/>\r\n<meta property=\"article:published_time\" content=\"2024-09-20T14:10:37+00:00\" \/>\r\n<meta property=\"article:modified_time\" content=\"2024-11-11T13:00:30+00:00\" \/>\r\n<meta name=\"author\" content=\"jorgenforss\" \/>\r\n<meta name=\"twitter:card\" content=\"summary_large_image\" \/>\r\n<meta name=\"twitter:label1\" content=\"Skriven av\" \/>\n\t<meta name=\"twitter:data1\" content=\"jorgenforss\" \/>\n\t<meta name=\"twitter:label2\" content=\"Ber\u00e4knad l\u00e4stid\" \/>\n\t<meta name=\"twitter:data2\" content=\"4 minuter\" \/>\r\n<script type=\"application\/ld+json\" class=\"yoast-schema-graph\">{\"@context\":\"https:\/\/schema.org\",\"@graph\":[{\"@type\":\"WebPage\",\"@id\":\"https:\/\/blogg.lnu.se\/linnes-hallbara-resa\/2024\/09\/20\/tagresa-till-lausanne\/\",\"url\":\"https:\/\/blogg.lnu.se\/linnes-hallbara-resa\/2024\/09\/20\/tagresa-till-lausanne\/\",\"name\":\"En t\u00e5gresa till Lausanne - Linn\u00e9s H\u00e5llbara Resa\",\"isPartOf\":{\"@id\":\"https:\/\/blogg.lnu.se\/linnes-hallbara-resa\/#website\"},\"datePublished\":\"2024-09-20T14:10:37+00:00\",\"dateModified\":\"2024-11-11T13:00:30+00:00\",\"author\":{\"@id\":\"https:\/\/blogg.lnu.se\/linnes-hallbara-resa\/#\/schema\/person\/5f13b7e0fb28fb72f7ed38c86b465ed0\"},\"description\":\"T\u00e5gresa, h\u00e5llbara resor, koldioxidavtryck, decarbonizing\",\"breadcrumb\":{\"@id\":\"https:\/\/blogg.lnu.se\/linnes-hallbara-resa\/2024\/09\/20\/tagresa-till-lausanne\/#breadcrumb\"},\"inLanguage\":\"sv-SE\",\"potentialAction\":[{\"@type\":\"ReadAction\",\"target\":[\"https:\/\/blogg.lnu.se\/linnes-hallbara-resa\/2024\/09\/20\/tagresa-till-lausanne\/\"]}]},{\"@type\":\"BreadcrumbList\",\"@id\":\"https:\/\/blogg.lnu.se\/linnes-hallbara-resa\/2024\/09\/20\/tagresa-till-lausanne\/#breadcrumb\",\"itemListElement\":[{\"@type\":\"ListItem\",\"position\":1,\"name\":\"Hem\",\"item\":\"https:\/\/blogg.lnu.se\/linnes-hallbara-resa\/\"},{\"@type\":\"ListItem\",\"position\":2,\"name\":\"En t\u00e5gresa till Lausanne\"}]},{\"@type\":\"WebSite\",\"@id\":\"https:\/\/blogg.lnu.se\/linnes-hallbara-resa\/#website\",\"url\":\"https:\/\/blogg.lnu.se\/linnes-hallbara-resa\/\",\"name\":\"Linn\u00e9s H\u00e5llbara Resa\",\"description\":\"F\u00f6lj v\u00e5r resa mot ett h\u00e5llbarare universitet.\",\"potentialAction\":[{\"@type\":\"SearchAction\",\"target\":{\"@type\":\"EntryPoint\",\"urlTemplate\":\"https:\/\/blogg.lnu.se\/linnes-hallbara-resa\/?s={search_term_string}\"},\"query-input\":\"required name=search_term_string\"}],\"inLanguage\":\"sv-SE\"},{\"@type\":\"Person\",\"@id\":\"https:\/\/blogg.lnu.se\/linnes-hallbara-resa\/#\/schema\/person\/5f13b7e0fb28fb72f7ed38c86b465ed0\",\"name\":\"jorgenforss\",\"image\":{\"@type\":\"ImageObject\",\"inLanguage\":\"sv-SE\",\"@id\":\"https:\/\/blogg.lnu.se\/linnes-hallbara-resa\/#\/schema\/person\/image\/\",\"url\":\"https:\/\/secure.gravatar.com\/avatar\/69b44c4e1192a47cb3cf938c018e63ddd9956cbe9196776ca633f88063ae8ca4?s=96&d=mm&r=g\",\"contentUrl\":\"https:\/\/secure.gravatar.com\/avatar\/69b44c4e1192a47cb3cf938c018e63ddd9956cbe9196776ca633f88063ae8ca4?s=96&d=mm&r=g\",\"caption\":\"jorgenforss\"},\"url\":\"https:\/\/blogg.lnu.se\/linnes-hallbara-resa\/author\/jorgenforss\/\"}]}<\/script>\r\n<!-- \/ Yoast SEO plugin. -->","yoast_head_json":{"title":"En t\u00e5gresa till Lausanne - Linn\u00e9s H\u00e5llbara Resa","description":"T\u00e5gresa, h\u00e5llbara resor, koldioxidavtryck, decarbonizing","robots":{"index":"index","follow":"follow","max-snippet":"max-snippet:-1","max-image-preview":"max-image-preview:large","max-video-preview":"max-video-preview:-1"},"canonical":"https:\/\/blogg.lnu.se\/linnes-hallbara-resa\/2024\/09\/20\/tagresa-till-lausanne\/","og_locale":"sv_SE","og_type":"article","og_title":"En t\u00e5gresa till Lausanne - Linn\u00e9s H\u00e5llbara Resa","og_description":"T\u00e5gresa, h\u00e5llbara resor, koldioxidavtryck, decarbonizing","og_url":"https:\/\/blogg.lnu.se\/linnes-hallbara-resa\/2024\/09\/20\/tagresa-till-lausanne\/","og_site_name":"Linn\u00e9s H\u00e5llbara Resa","article_published_time":"2024-09-20T14:10:37+00:00","article_modified_time":"2024-11-11T13:00:30+00:00","author":"jorgenforss","twitter_card":"summary_large_image","twitter_misc":{"Skriven av":"jorgenforss","Ber\u00e4knad l\u00e4stid":"4 minuter"},"schema":{"@context":"https:\/\/schema.org","@graph":[{"@type":"WebPage","@id":"https:\/\/blogg.lnu.se\/linnes-hallbara-resa\/2024\/09\/20\/tagresa-till-lausanne\/","url":"https:\/\/blogg.lnu.se\/linnes-hallbara-resa\/2024\/09\/20\/tagresa-till-lausanne\/","name":"En t\u00e5gresa till Lausanne - Linn\u00e9s H\u00e5llbara Resa","isPartOf":{"@id":"https:\/\/blogg.lnu.se\/linnes-hallbara-resa\/#website"},"datePublished":"2024-09-20T14:10:37+00:00","dateModified":"2024-11-11T13:00:30+00:00","author":{"@id":"https:\/\/blogg.lnu.se\/linnes-hallbara-resa\/#\/schema\/person\/5f13b7e0fb28fb72f7ed38c86b465ed0"},"description":"T\u00e5gresa, h\u00e5llbara resor, koldioxidavtryck, decarbonizing","breadcrumb":{"@id":"https:\/\/blogg.lnu.se\/linnes-hallbara-resa\/2024\/09\/20\/tagresa-till-lausanne\/#breadcrumb"},"inLanguage":"sv-SE","potentialAction":[{"@type":"ReadAction","target":["https:\/\/blogg.lnu.se\/linnes-hallbara-resa\/2024\/09\/20\/tagresa-till-lausanne\/"]}]},{"@type":"BreadcrumbList","@id":"https:\/\/blogg.lnu.se\/linnes-hallbara-resa\/2024\/09\/20\/tagresa-till-lausanne\/#breadcrumb","itemListElement":[{"@type":"ListItem","position":1,"name":"Hem","item":"https:\/\/blogg.lnu.se\/linnes-hallbara-resa\/"},{"@type":"ListItem","position":2,"name":"En t\u00e5gresa till Lausanne"}]},{"@type":"WebSite","@id":"https:\/\/blogg.lnu.se\/linnes-hallbara-resa\/#website","url":"https:\/\/blogg.lnu.se\/linnes-hallbara-resa\/","name":"Linn\u00e9s H\u00e5llbara Resa","description":"F\u00f6lj v\u00e5r resa mot ett h\u00e5llbarare universitet.","potentialAction":[{"@type":"SearchAction","target":{"@type":"EntryPoint","urlTemplate":"https:\/\/blogg.lnu.se\/linnes-hallbara-resa\/?s={search_term_string}"},"query-input":"required name=search_term_string"}],"inLanguage":"sv-SE"},{"@type":"Person","@id":"https:\/\/blogg.lnu.se\/linnes-hallbara-resa\/#\/schema\/person\/5f13b7e0fb28fb72f7ed38c86b465ed0","name":"jorgenforss","image":{"@type":"ImageObject","inLanguage":"sv-SE","@id":"https:\/\/blogg.lnu.se\/linnes-hallbara-resa\/#\/schema\/person\/image\/","url":"https:\/\/secure.gravatar.com\/avatar\/69b44c4e1192a47cb3cf938c018e63ddd9956cbe9196776ca633f88063ae8ca4?s=96&d=mm&r=g","contentUrl":"https:\/\/secure.gravatar.com\/avatar\/69b44c4e1192a47cb3cf938c018e63ddd9956cbe9196776ca633f88063ae8ca4?s=96&d=mm&r=g","caption":"jorgenforss"},"url":"https:\/\/blogg.lnu.se\/linnes-hallbara-resa\/author\/jorgenforss\/"}]}},"_links":{"self":[{"href":"https:\/\/blogg.lnu.se\/linnes-hallbara-resa\/wp-json\/wp\/v2\/posts\/36","targetHints":{"allow":["GET"]}}],"collection":[{"href":"https:\/\/blogg.lnu.se\/linnes-hallbara-resa\/wp-json\/wp\/v2\/posts"}],"about":[{"href":"https:\/\/blogg.lnu.se\/linnes-hallbara-resa\/wp-json\/wp\/v2\/types\/post"}],"author":[{"embeddable":true,"href":"https:\/\/blogg.lnu.se\/linnes-hallbara-resa\/wp-json\/wp\/v2\/users\/19944"}],"replies":[{"embeddable":true,"href":"https:\/\/blogg.lnu.se\/linnes-hallbara-resa\/wp-json\/wp\/v2\/comments?post=36"}],"version-history":[{"count":4,"href":"https:\/\/blogg.lnu.se\/linnes-hallbara-resa\/wp-json\/wp\/v2\/posts\/36\/revisions"}],"predecessor-version":[{"id":45,"href":"https:\/\/blogg.lnu.se\/linnes-hallbara-resa\/wp-json\/wp\/v2\/posts\/36\/revisions\/45"}],"wp:attachment":[{"href":"https:\/\/blogg.lnu.se\/linnes-hallbara-resa\/wp-json\/wp\/v2\/media?parent=36"}],"wp:term":[{"taxonomy":"category","embeddable":true,"href":"https:\/\/blogg.lnu.se\/linnes-hallbara-resa\/wp-json\/wp\/v2\/categories?post=36"},{"taxonomy":"post_tag","embeddable":true,"href":"https:\/\/blogg.lnu.se\/linnes-hallbara-resa\/wp-json\/wp\/v2\/tags?post=36"}],"curies":[{"name":"wp","href":"https:\/\/api.w.org\/{rel}","templated":true}]}}