{"id":166,"date":"2021-06-18T18:35:34","date_gmt":"2021-06-18T16:35:34","guid":{"rendered":"https:\/\/blogg.lnu.se\/mapping-saints\/?p=166"},"modified":"2022-09-15T15:05:13","modified_gmt":"2022-09-15T13:05:13","slug":"saints-feasts-calendars-mapping-saints-database","status":"publish","type":"post","link":"https:\/\/blogg.lnu.se\/mapping-saints\/blog\/saints-feasts\/saints-feasts-calendars-mapping-saints-database\/","title":{"rendered":"Inputting Saints\u2019 Feasts found in Calendar Fragments into the &#8216;Mapping Saints&#8217; Database"},"content":{"rendered":"<h4><em>Sara Ellis-Nilsson, Linnaeus University<br \/>\n<\/em><\/h4>\n<p>In this blog post, I discuss how we classify information from the calendars for input into the database. An important part of this work involves figuring out how to deal with different systems of dating and how to visualize change over time. Lastly, I conclude with a reflection on my planned analyses of the development of saints\u2019 feasts in medieval Sweden and Finland.<\/p>\n<p>&nbsp;<\/p>\n<h3><strong>Classification and Input into the <em>Mapping Saints<\/em> Database<\/strong><\/h3>\n<p>In the <a href=\"https:\/\/lnu.se\/en\/research\/searchresearch\/forskningsprojekt\/mapping-lived-religion-medieval-cults-of-saints-in-sweden-and-finland\/\"><em>Mapping Lived Religion<\/em><\/a> project, we are building a database of both objects and texts that provide evidence of the cults of saints; the research resource, including a mapping component, has been named <em>Mapping Saints<\/em>. In order to identify, trace, and analyze, the main analytical component in the project is the concept of <em>Cult Manifestation<\/em>, which indicates when evidence \u2013 for example, artefactual, archaeological, or textual \u2013 for a saint\u2019s cult is \u201cmanifest\u201d in a particular location and at a specific point in time (or over a period of time). The evidence for a <em>Cult Manifestation<\/em> can be an object, a painting, a narrative text, a feature in the landscape, or a feast day. In the <a href=\"https:\/\/saints.dh.gu.se\/\"><em>Mapping Saints <\/em>database<\/a>, the basis for a <em>Cult Manifestation <\/em>is organized into <em>Type of Evidence<\/em> &gt; <em>Type of Evidence, subcategory<\/em>.<\/p>\n<p>The calendars contain <em>Cult Manifestation<\/em>s for feast days (<em>Type of Evidence<\/em>), while the more specific (sub)category depends on whether the feast was celebrated or observed only by the clergy (called <em>festum chori<\/em>) or also by laypeople (called a <em>festum fori\/terrae<\/em> in the database; see my <a href=\"https:\/\/blogg.lnu.se\/mapping-saints\/blog\/saints\/fragments-of-a-year-saints-feasts-in-swedish-and-finnish-medieval-calendars-part-ii\">previous blog-post<\/a> for definitions of these Latin terms). The basis for a saint\u2019s <em>Cult Manifestation<\/em> in the case of the calendars is thus either:<\/p>\n<p>Type of Evidence = Feast Day<br \/>\nType of Evidence, subcategory = <em>Festum fori\/terrae<\/em><\/p>\n<p>OR<\/p>\n<p>Type of Evidence = Feast Day<br \/>\nType of Evidence, subcategory = <em>Festum chori<\/em><\/p>\n<p>As an example, I have chosen a 13<sup>th<\/sup>-century century calendar fragment from the Skara Diocese (Figure 1). The feast days in red ink have been input into the database as a <em>Cult Manifestation<\/em> for a Feast Day &gt; <em>Festum fori\/terrae<\/em> for the month of March (given numerically as \u201c03\u201d). The feast days in black ink have been input as a separate <em>Cult Manifestation<\/em> for a Feast Day &gt; <em>Festum chori<\/em>. As <em>Cult Manifestations<\/em> are also connected to time in the <em>Mapping Saints<\/em> research resource, I will discuss further details as to how these feast days are inputted below.<\/p>\n<p>&nbsp;<\/p>\n<div id=\"attachment_168\" style=\"width: 582px\" class=\"wp-caption alignnone\"><img loading=\"lazy\" decoding=\"async\" aria-describedby=\"caption-attachment-168\" class=\"wp-image-168\" src=\"https:\/\/blogg.lnu.se\/mapping-saints\/files\/2021\/06\/DSC09853_FR-25594_1r_EllisNilsson-e1622729105553-768x1024.jpg\" alt=\"The image is a visual aid to the text.\" width=\"572\" height=\"762\" srcset=\"https:\/\/blogg.lnu.se\/mapping-saints\/wp-content\/blogs.dir\/216\/files\/sites\/216\/2021\/06\/DSC09853_FR-25594_1r_EllisNilsson-e1622729105553-768x1024.jpg 768w, https:\/\/blogg.lnu.se\/mapping-saints\/wp-content\/blogs.dir\/216\/files\/sites\/216\/2021\/06\/DSC09853_FR-25594_1r_EllisNilsson-e1622729105553-225x300.jpg 225w, https:\/\/blogg.lnu.se\/mapping-saints\/wp-content\/blogs.dir\/216\/files\/sites\/216\/2021\/06\/DSC09853_FR-25594_1r_EllisNilsson-e1622729105553.jpg 900w\" sizes=\"auto, (max-width: 572px) 100vw, 572px\" \/><p id=\"caption-attachment-168\" class=\"wp-caption-text\"><em>Figure 1. Calendar fragment <a href=\"https:\/\/sok.riksarkivet.se\/MPO?FragmentID=25594&amp;postid=Mpo_25594\">Fr 25594<\/a> (Kal 2, 1r) contains the month of March. It indicates the liturgical rank in the right column. The feast days in black are interpreted as <\/em>festum chori<em>, while the feast days in red as <\/em>festum fori<em>. Photo by Sara Ellis Nilsson.<\/em><\/p><\/div>\n<p>&nbsp;<\/p>\n<h3><strong>Challenges with Time<\/strong><\/h3>\n<p>In order to get to grips with what we have termed our \u201ctime-scape\u201d, as well as landscape, including dates is an important component in the project. Currently, we are discussing and working on ways to implement the myriad dates and ways of dealing with time associated with our rich and varied source material. One of the ways that we have approached the issue of visualizing when \u2013 in terms of which centuries \u2013 a feast day was probably celebrated is by providing a date or interval for when an object was produced (called <em>Production date<\/em>). However, in the case of the calendars, this date may obscure when in fact certain saints were venerated in the landscape in question. This is because many of the early calendars (now fragments) were produced in other locations \u2013 France, England or elsewhere \u2013 although they were later used in dioceses in the Ecclesiastical Province of Uppsala. Some of these saints were venerated liturgically and their feasts observed, while others were known by name only (due to their inclusion in calendars). In the project, all saints\u2019 feast days in the calendar fragments are included in the database, as even knowledge about the saints could have had an influence on lived religion.<\/p>\n<p>Currently, the solution that we have implemented to show when a <em>Cult <\/em><em>Manifestation <\/em>was active \u2013 and which can later be visualized using a timeline connected to the map tool \u2013 is by providing a <em>Function time-period<\/em> for each manifestation. In the case of the calendars, this interval begins either when the calendar was produced or when a feast day was added to the calendar later. The estimated end date in the interval for <em>Cult Manifestations<\/em> for feast days based on those found in calendar fragments is 1571 (unless other evidence or information is available), which is the year that the Swedish government and church officials decided on formal new regulations for the church (<em>Kyrkoordningen<\/em>). These regulations were a precursor to the Church Law (<em>Kyrkolagen<\/em>) that was ratified over a century later (Malmstedt 1994: 59, 67; Zachrisson 2017: 42). It is important to note, however, that many feasts continued to be celebrated after 1571, and red ink was also used for major feasts after the Reformation. In these cases, another end date will be input. In the above example, the <em>Function time-period<\/em> for the feasts in the original calendar starts in the 13<sup>th<\/sup> century, based on when the calendar was made (the <em>Production date<\/em>), and ends in 1571. Any additions to the calendar, such as Saint Thomas Aquinas on March 7, are input as separate <em>Cult Manifestations<\/em> with a new start date in the <em>Function time-period <\/em>interval. This will allow us to analyze and visualize changes in <em>Cult Manifestations <\/em>over time. In Thomas\u2019 case, the start of this <em>Cult Manifestation <\/em>is based on the addition in the early 1300s, and the interval is given as 1301\u20141571.<\/p>\n<p>It is important to note that, as the project is ongoing, this system is under development and might be modified.<\/p>\n<p>&nbsp;<\/p>\n<h3><strong>Future Analyses<\/strong><\/h3>\n<p>After the feast days and their observance have been input into the calendars, I will use digital methods to analyze <em>Cult Manifestations<\/em> based on calendar entries, i.e. Feast Day &gt; <em>festum chori <\/em>OR <em>festum fori\/terrae<\/em>. These results will be mapped over time, from the evidence in the liturgical calendar fragments to the final version of the liturgical year that was established in the Calendars printed before the Reformation. The results will give a glimpse into the way medieval people lived religion through feast days. Combined with <em>Cult Manifestations<\/em> based on other forms of evidence, such as sculptures, I will then be able to determine which saints were celebrated where and which cults had the most impact on the way religion was lived in Swedish and Finnish dioceses during the medieval period.<\/p>\n<p>&nbsp;<\/p>\n<h3><strong>References<\/strong><\/h3>\n<p>G\u00f6ran Malmstedt 1994. <em>Helgdagsreduktionen. \u00d6verg\u00e5ngen fr\u00e5n ett medeltida till ett modernt \u00e5r i Sverige, 1500\u20131800. <\/em>G\u00f6teborg: Avhandlingar fr\u00e5n Historiska institutionen i G\u00f6teborg.<\/p>\n<p>Terese Zachrisson 2017, <em>Mellan fromhet och vidskepelse: Materialitet och religiositet i det efterreformatoriska Sverige<\/em>. G\u00f6teborg: Avhandling fr\u00e5n Institutionen f\u00f6r historiska studier.<\/p>\n","protected":false},"excerpt":{"rendered":"<p>Sara Ellis-Nilsson, Linnaeus University In this blog post, I discuss how we classify information from the calendars for input into the database. An important part of this work involves figuring out how to deal with different systems of dating and how to visualize change over time. Lastly, I conclude with a reflection on my planned [&hellip;]<\/p>\n","protected":false},"author":6031,"featured_media":0,"comment_status":"open","ping_status":"open","sticky":false,"template":"","format":"standard","meta":{"footnotes":""},"categories":[32123,32125,32124,32744,32122],"tags":[],"class_list":["post-166","post","type-post","status-publish","format-standard","hentry","category-calendars","category-feast-days","category-liturgy","category-project-work","category-saints-feasts"],"acf":[],"yoast_head":"<!-- This site is optimized with the Yoast SEO plugin v21.7 - https:\/\/yoast.com\/wordpress\/plugins\/seo\/ -->\r\n<title>Inputting Saints\u2019 Feasts found in Calendar Fragments into the &#039;Mapping Saints&#039; Database - Mapping Saints<\/title>\r\n<meta name=\"robots\" content=\"noindex, follow, max-snippet:-1, max-image-preview:large, max-video-preview:-1\" \/>\r\n<meta property=\"og:locale\" content=\"en_US\" \/>\r\n<meta property=\"og:type\" content=\"article\" \/>\r\n<meta property=\"og:title\" content=\"Inputting Saints\u2019 Feasts found in Calendar Fragments into the &#039;Mapping Saints&#039; Database - Mapping Saints\" \/>\r\n<meta property=\"og:description\" content=\"Sara Ellis-Nilsson, Linnaeus University In this blog post, I discuss how we classify information from the calendars for input into the database. An important part of this work involves figuring out how to deal with different systems of dating and how to visualize change over time. Lastly, I conclude with a reflection on my planned [&hellip;]\" \/>\r\n<meta property=\"og:url\" content=\"https:\/\/blogg.lnu.se\/mapping-saints\/blog\/saints-feasts\/saints-feasts-calendars-mapping-saints-database\/\" \/>\r\n<meta property=\"og:site_name\" content=\"Mapping Saints\" \/>\r\n<meta property=\"article:published_time\" content=\"2021-06-18T16:35:34+00:00\" \/>\r\n<meta property=\"article:modified_time\" content=\"2022-09-15T13:05:13+00:00\" \/>\r\n<meta property=\"og:image\" content=\"https:\/\/blogg.lnu.se\/mapping-saints\/files\/2021\/06\/DSC09853_FR-25594_1r_EllisNilsson-e1622729105553-768x1024.jpg\" \/>\r\n<meta name=\"author\" content=\"Sara Ellis Nilsson\" \/>\r\n<meta name=\"twitter:card\" content=\"summary_large_image\" \/>\r\n<meta name=\"twitter:label1\" content=\"Written by\" \/>\n\t<meta name=\"twitter:data1\" content=\"Sara Ellis Nilsson\" \/>\n\t<meta name=\"twitter:label2\" content=\"Est. reading time\" \/>\n\t<meta name=\"twitter:data2\" content=\"6 minutes\" \/>\r\n<script type=\"application\/ld+json\" class=\"yoast-schema-graph\">{\"@context\":\"https:\/\/schema.org\",\"@graph\":[{\"@type\":\"WebPage\",\"@id\":\"https:\/\/blogg.lnu.se\/mapping-saints\/blog\/saints-feasts\/saints-feasts-calendars-mapping-saints-database\/\",\"url\":\"https:\/\/blogg.lnu.se\/mapping-saints\/blog\/saints-feasts\/saints-feasts-calendars-mapping-saints-database\/\",\"name\":\"Inputting Saints\u2019 Feasts found in Calendar Fragments into the 'Mapping Saints' Database - Mapping Saints\",\"isPartOf\":{\"@id\":\"https:\/\/blogg.lnu.se\/mapping-saints\/#website\"},\"datePublished\":\"2021-06-18T16:35:34+00:00\",\"dateModified\":\"2022-09-15T13:05:13+00:00\",\"author\":{\"@id\":\"https:\/\/blogg.lnu.se\/mapping-saints\/#\/schema\/person\/b01231cc2abb43a29538d81230146007\"},\"inLanguage\":\"en-US\",\"potentialAction\":[{\"@type\":\"ReadAction\",\"target\":[\"https:\/\/blogg.lnu.se\/mapping-saints\/blog\/saints-feasts\/saints-feasts-calendars-mapping-saints-database\/\"]}]},{\"@type\":\"WebSite\",\"@id\":\"https:\/\/blogg.lnu.se\/mapping-saints\/#website\",\"url\":\"https:\/\/blogg.lnu.se\/mapping-saints\/\",\"name\":\"Mapping Saints\",\"description\":\"\",\"potentialAction\":[{\"@type\":\"SearchAction\",\"target\":{\"@type\":\"EntryPoint\",\"urlTemplate\":\"https:\/\/blogg.lnu.se\/mapping-saints\/?s={search_term_string}\"},\"query-input\":\"required name=search_term_string\"}],\"inLanguage\":\"en-US\"},{\"@type\":\"Person\",\"@id\":\"https:\/\/blogg.lnu.se\/mapping-saints\/#\/schema\/person\/b01231cc2abb43a29538d81230146007\",\"name\":\"Sara Ellis Nilsson\",\"description\":\"Sara Ellis Nilsson has a Ph.D. in (medieval) history from the University of Gothenburg and is the project leader of the Swedish Research Council funded, digital humanities project 'Mapping Lived Religion: Medieval Cults of Saints in Sweden and Finland' at Linnaeus University. Currently, as one part of the project on lived religion, she will be examining special feast days and their connection to lay piety. In addition, Ellis Nilsson is also involved in research on the use and communication of history together with colleagues at Malm\u00f6 University. In particular she is studying how Viking ships and their reconstructions are used in the formation of narratives and the transmission of knowledge in museum contexts.\",\"sameAs\":[\"https:\/\/lnu.se\/en\/staff\/sara.ellisnilsson\/\"],\"url\":\"https:\/\/blogg.lnu.se\/mapping-saints\/blog\/author\/saelab\/\"}]}<\/script>\r\n<!-- \/ Yoast SEO plugin. -->","yoast_head_json":{"title":"Inputting Saints\u2019 Feasts found in Calendar Fragments into the 'Mapping Saints' Database - Mapping Saints","robots":{"index":"noindex","follow":"follow","max-snippet":"max-snippet:-1","max-image-preview":"max-image-preview:large","max-video-preview":"max-video-preview:-1"},"og_locale":"en_US","og_type":"article","og_title":"Inputting Saints\u2019 Feasts found in Calendar Fragments into the 'Mapping Saints' Database - Mapping Saints","og_description":"Sara Ellis-Nilsson, Linnaeus University In this blog post, I discuss how we classify information from the calendars for input into the database. An important part of this work involves figuring out how to deal with different systems of dating and how to visualize change over time. Lastly, I conclude with a reflection on my planned [&hellip;]","og_url":"https:\/\/blogg.lnu.se\/mapping-saints\/blog\/saints-feasts\/saints-feasts-calendars-mapping-saints-database\/","og_site_name":"Mapping Saints","article_published_time":"2021-06-18T16:35:34+00:00","article_modified_time":"2022-09-15T13:05:13+00:00","og_image":[{"url":"https:\/\/blogg.lnu.se\/mapping-saints\/files\/2021\/06\/DSC09853_FR-25594_1r_EllisNilsson-e1622729105553-768x1024.jpg"}],"author":"Sara Ellis Nilsson","twitter_card":"summary_large_image","twitter_misc":{"Written by":"Sara Ellis Nilsson","Est. reading time":"6 minutes"},"schema":{"@context":"https:\/\/schema.org","@graph":[{"@type":"WebPage","@id":"https:\/\/blogg.lnu.se\/mapping-saints\/blog\/saints-feasts\/saints-feasts-calendars-mapping-saints-database\/","url":"https:\/\/blogg.lnu.se\/mapping-saints\/blog\/saints-feasts\/saints-feasts-calendars-mapping-saints-database\/","name":"Inputting Saints\u2019 Feasts found in Calendar Fragments into the 'Mapping Saints' Database - Mapping Saints","isPartOf":{"@id":"https:\/\/blogg.lnu.se\/mapping-saints\/#website"},"datePublished":"2021-06-18T16:35:34+00:00","dateModified":"2022-09-15T13:05:13+00:00","author":{"@id":"https:\/\/blogg.lnu.se\/mapping-saints\/#\/schema\/person\/b01231cc2abb43a29538d81230146007"},"inLanguage":"en-US","potentialAction":[{"@type":"ReadAction","target":["https:\/\/blogg.lnu.se\/mapping-saints\/blog\/saints-feasts\/saints-feasts-calendars-mapping-saints-database\/"]}]},{"@type":"WebSite","@id":"https:\/\/blogg.lnu.se\/mapping-saints\/#website","url":"https:\/\/blogg.lnu.se\/mapping-saints\/","name":"Mapping Saints","description":"","potentialAction":[{"@type":"SearchAction","target":{"@type":"EntryPoint","urlTemplate":"https:\/\/blogg.lnu.se\/mapping-saints\/?s={search_term_string}"},"query-input":"required name=search_term_string"}],"inLanguage":"en-US"},{"@type":"Person","@id":"https:\/\/blogg.lnu.se\/mapping-saints\/#\/schema\/person\/b01231cc2abb43a29538d81230146007","name":"Sara Ellis Nilsson","description":"Sara Ellis Nilsson has a Ph.D. in (medieval) history from the University of Gothenburg and is the project leader of the Swedish Research Council funded, digital humanities project 'Mapping Lived Religion: Medieval Cults of Saints in Sweden and Finland' at Linnaeus University. Currently, as one part of the project on lived religion, she will be examining special feast days and their connection to lay piety. In addition, Ellis Nilsson is also involved in research on the use and communication of history together with colleagues at Malm\u00f6 University. In particular she is studying how Viking ships and their reconstructions are used in the formation of narratives and the transmission of knowledge in museum contexts.","sameAs":["https:\/\/lnu.se\/en\/staff\/sara.ellisnilsson\/"],"url":"https:\/\/blogg.lnu.se\/mapping-saints\/blog\/author\/saelab\/"}]}},"_links":{"self":[{"href":"https:\/\/blogg.lnu.se\/mapping-saints\/wp-json\/wp\/v2\/posts\/166","targetHints":{"allow":["GET"]}}],"collection":[{"href":"https:\/\/blogg.lnu.se\/mapping-saints\/wp-json\/wp\/v2\/posts"}],"about":[{"href":"https:\/\/blogg.lnu.se\/mapping-saints\/wp-json\/wp\/v2\/types\/post"}],"author":[{"embeddable":true,"href":"https:\/\/blogg.lnu.se\/mapping-saints\/wp-json\/wp\/v2\/users\/6031"}],"replies":[{"embeddable":true,"href":"https:\/\/blogg.lnu.se\/mapping-saints\/wp-json\/wp\/v2\/comments?post=166"}],"version-history":[{"count":11,"href":"https:\/\/blogg.lnu.se\/mapping-saints\/wp-json\/wp\/v2\/posts\/166\/revisions"}],"predecessor-version":[{"id":286,"href":"https:\/\/blogg.lnu.se\/mapping-saints\/wp-json\/wp\/v2\/posts\/166\/revisions\/286"}],"wp:attachment":[{"href":"https:\/\/blogg.lnu.se\/mapping-saints\/wp-json\/wp\/v2\/media?parent=166"}],"wp:term":[{"taxonomy":"category","embeddable":true,"href":"https:\/\/blogg.lnu.se\/mapping-saints\/wp-json\/wp\/v2\/categories?post=166"},{"taxonomy":"post_tag","embeddable":true,"href":"https:\/\/blogg.lnu.se\/mapping-saints\/wp-json\/wp\/v2\/tags?post=166"}],"curies":[{"name":"wp","href":"https:\/\/api.w.org\/{rel}","templated":true}]}}