{"id":57,"date":"2020-09-24T12:00:18","date_gmt":"2020-09-24T11:00:18","guid":{"rendered":"https:\/\/blogg.lnu.se\/nlu\/?p=57"},"modified":"2020-09-24T12:00:18","modified_gmt":"2020-09-24T11:00:18","slug":"back-in-business-men-med-restriktioner","status":"publish","type":"post","link":"https:\/\/blogg.lnu.se\/nlu\/blog\/blogg\/back-in-business-men-med-restriktioner\/","title":{"rendered":"Back in business &#8211; men med restriktioner"},"content":{"rendered":"<p>Tid \u00e4r fascinerande. Yngsta dottern konstaterade n\u00f6jt att det \u00e4r tre m\u00e5nader kvar till julafton idag. F\u00f6rvisso har vi l\u00e5ng tid fram till dess, men tiden g\u00e5r onekligen fort. Det m\u00e4rks att vi p\u00e5 l\u00e4rarutbildningen (trots pandemisituationen) b\u00f6rjat g\u00e5 in i n\u00e5got slags vardagslunk, fast kanske \u00e4nd\u00e5 inte riktigt. Vi beh\u00f6ver hela tiden vara uppm\u00e4rksamma p\u00e5 l\u00e4get och smittorisken samtidigt som l\u00e4rare och studenter beh\u00f6ver tr\u00e4ffas fysiskt. Fr\u00e5n olika h\u00e5ll kommer rapporter om att studenter och \u00e4ven l\u00e4rare inte m\u00e5r bra av den isolering och ensamhet som kan uppst\u00e5. Det \u00e4r viktigt att uppm\u00e4rksamma och under h\u00f6sten beh\u00f6ver via diskutera hur vi smart och s\u00e4kert kan f\u00e5 \u00f6kade m\u00f6ten mellan l\u00e4rare och studenter i v\u00e5ra lokaler.<\/p>\n<p>I f\u00f6rra bloggen skrev jag om programstarterna och v\u00e5ra studentf\u00f6reningars stora betydelse s\u00e5v\u00e4l f\u00f6r utbildningarna som studiesociala aktiviteter. \u00a0S\u00e5 h\u00e4r i september brukar vi summera b\u00e5de antagningsl\u00e4get och s\u00e5 sm\u00e5ningom antalet registrerade studenter, dvs. hur m\u00e5nga av de nya studenter har valt att g\u00e5 kvar p\u00e5 utbildningen och hur m\u00e5nga av de tidigare studenterna g\u00e5r kvar? N\u00e4r det g\u00e4ller den senare fr\u00e5gan finns \u00e4nnu inget aktuellt underlag utan det h\u00e5ller p\u00e5 att sammanst\u00e4llas, men vad g\u00e4ller antagningen ser vi en \u00f6kning p\u00e5 ca 10 % totalt sett. Det finns vissa fluktuationer mellan hur antagna f\u00f6rdelar sig p\u00e5 programmen men generellt kunde vi se en ganska tydlig tillstr\u00f6mning av studenter n\u00e4ra terminsstart. Vi ser ocks\u00e5 att vi fyller platser p\u00e5 flera av utbildningarna. Om n\u00e5gra gl\u00e4djande iakttagelser ska lyftas fram s\u00e5 har f\u00f6rskoll\u00e4rarprogrammen detta \u00e5r sett en viss \u00e5terh\u00e4mtning. Inr\u00e4ttandet av samverkansnoder (som jag tidigare skrivit om) i Karlskrona och Oskarshamn p\u00e5 grundl\u00e4rarprogrammet samt inledningen av verksamhetsintegrerad grundl\u00e4rarutbildning i V\u00e4xj\u00f6, Tingsryd och Alvesta har f\u00e5tt en flygande start. Vi fyller platserna och kan till och med ta in lite extra studenter. Ocks\u00e5 p\u00e5 \u00e4mnesl\u00e4rarprogrammet syns tecken p\u00e5 att ett antal \u00e4mnen f\u00e5tt \u00f6kad tillstr\u00f6mning.<\/p>\n<p>F\u00f6r den som f\u00f6ljer l\u00e4rarutbildningen s\u00e5 har det knappast undg\u00e5tt att vi under de senaste \u00e5ren genomg\u00e5tt utv\u00e4rderingar av Universitetskanslers\u00e4mbetet (UK\u00c4). F\u00f6r Linn\u00e9universitetets vidkommande har vi h\u00f6g kvalitet i specialpedagog- och speciall\u00e4rarprogrammen, f\u00f6rskoll\u00e4rarprogrammet, grundl\u00e4rarprogrammet med dess tre inriktningar och \u00e4mnesl\u00e4rarprogrammet. Nu \u00e4r det yrkesl\u00e4rarprogrammets tur att utv\u00e4rderas och idag (!) sker intervjuer av UK\u00c4 med l\u00e4rare, studenter, chefer och undertecknad. Forts\u00e4ttning f\u00f6ljer p\u00e5 den punkten.<\/p>\n<p>&nbsp;<\/p>\n","protected":false},"excerpt":{"rendered":"<p>Tid \u00e4r fascinerande. Yngsta dottern konstaterade n\u00f6jt att det \u00e4r tre m\u00e5nader kvar till julafton idag. F\u00f6rvisso har vi l\u00e5ng tid fram till dess, men tiden g\u00e5r onekligen fort. Det m\u00e4rks att vi p\u00e5 l\u00e4rarutbildningen (trots pandemisituationen) b\u00f6rjat g\u00e5 in i n\u00e5got slags vardagslunk, fast kanske \u00e4nd\u00e5 inte riktigt. Vi beh\u00f6ver hela tiden vara uppm\u00e4rksamma [&hellip;]<\/p>\n","protected":false},"author":261,"featured_media":0,"comment_status":"open","ping_status":"open","sticky":false,"template":"","format":"standard","meta":{"footnotes":""},"categories":[1],"tags":[],"class_list":["post-57","post","type-post","status-publish","format-standard","hentry","category-blogg"],"acf":[],"yoast_head":"<!-- This site is optimized with the Yoast SEO plugin v21.7 - https:\/\/yoast.com\/wordpress\/plugins\/seo\/ -->\r\n<title>Back in business - men med restriktioner - N\u00e4mnden f\u00f6r l\u00e4rarutbildning<\/title>\r\n<meta name=\"robots\" content=\"index, follow, max-snippet:-1, max-image-preview:large, max-video-preview:-1\" \/>\r\n<link rel=\"canonical\" href=\"https:\/\/blogg.lnu.se\/nlu\/blog\/blogg\/back-in-business-men-med-restriktioner\/\" \/>\r\n<meta property=\"og:locale\" content=\"sv_SE\" \/>\r\n<meta property=\"og:type\" content=\"article\" \/>\r\n<meta property=\"og:title\" content=\"Back in business - men med restriktioner - N\u00e4mnden f\u00f6r l\u00e4rarutbildning\" \/>\r\n<meta property=\"og:description\" content=\"Tid \u00e4r fascinerande. Yngsta dottern konstaterade n\u00f6jt att det \u00e4r tre m\u00e5nader kvar till julafton idag. F\u00f6rvisso har vi l\u00e5ng tid fram till dess, men tiden g\u00e5r onekligen fort. Det m\u00e4rks att vi p\u00e5 l\u00e4rarutbildningen (trots pandemisituationen) b\u00f6rjat g\u00e5 in i n\u00e5got slags vardagslunk, fast kanske \u00e4nd\u00e5 inte riktigt. Vi beh\u00f6ver hela tiden vara uppm\u00e4rksamma [&hellip;]\" \/>\r\n<meta property=\"og:url\" content=\"https:\/\/blogg.lnu.se\/nlu\/blog\/blogg\/back-in-business-men-med-restriktioner\/\" \/>\r\n<meta property=\"og:site_name\" content=\"N\u00e4mnden f\u00f6r l\u00e4rarutbildning\" \/>\r\n<meta property=\"article:published_time\" content=\"2020-09-24T11:00:18+00:00\" \/>\r\n<meta name=\"twitter:card\" content=\"summary_large_image\" \/>\r\n<meta name=\"twitter:label1\" content=\"Skriven av\" \/>\n\t<meta name=\"twitter:data1\" content=\"\" \/>\n\t<meta name=\"twitter:label2\" content=\"Ber\u00e4knad l\u00e4stid\" \/>\n\t<meta name=\"twitter:data2\" content=\"2 minuter\" \/>\r\n<script type=\"application\/ld+json\" class=\"yoast-schema-graph\">{\"@context\":\"https:\/\/schema.org\",\"@graph\":[{\"@type\":\"WebPage\",\"@id\":\"https:\/\/blogg.lnu.se\/nlu\/blog\/blogg\/back-in-business-men-med-restriktioner\/\",\"url\":\"https:\/\/blogg.lnu.se\/nlu\/blog\/blogg\/back-in-business-men-med-restriktioner\/\",\"name\":\"Back in business - men med restriktioner - N\u00e4mnden f\u00f6r l\u00e4rarutbildning\",\"isPartOf\":{\"@id\":\"https:\/\/blogg.lnu.se\/nlu\/#website\"},\"datePublished\":\"2020-09-24T11:00:18+00:00\",\"dateModified\":\"2020-09-24T11:00:18+00:00\",\"author\":{\"@id\":\"\"},\"inLanguage\":\"sv-SE\",\"potentialAction\":[{\"@type\":\"ReadAction\",\"target\":[\"https:\/\/blogg.lnu.se\/nlu\/blog\/blogg\/back-in-business-men-med-restriktioner\/\"]}]},{\"@type\":\"WebSite\",\"@id\":\"https:\/\/blogg.lnu.se\/nlu\/#website\",\"url\":\"https:\/\/blogg.lnu.se\/nlu\/\",\"name\":\"N\u00e4mnden f\u00f6r l\u00e4rarutbildning\",\"description\":\"Nyheter fr\u00e5n l\u00e4rarutbildningen\",\"potentialAction\":[{\"@type\":\"SearchAction\",\"target\":{\"@type\":\"EntryPoint\",\"urlTemplate\":\"https:\/\/blogg.lnu.se\/nlu\/?s={search_term_string}\"},\"query-input\":\"required name=search_term_string\"}],\"inLanguage\":\"sv-SE\"},{\"@type\":\"Person\",\"@id\":\"\",\"url\":\"https:\/\/blogg.lnu.se\/nlu\/blog\/author\/\"}]}<\/script>\r\n<!-- \/ Yoast SEO plugin. -->","yoast_head_json":{"title":"Back in business - men med restriktioner - N\u00e4mnden f\u00f6r l\u00e4rarutbildning","robots":{"index":"index","follow":"follow","max-snippet":"max-snippet:-1","max-image-preview":"max-image-preview:large","max-video-preview":"max-video-preview:-1"},"canonical":"https:\/\/blogg.lnu.se\/nlu\/blog\/blogg\/back-in-business-men-med-restriktioner\/","og_locale":"sv_SE","og_type":"article","og_title":"Back in business - men med restriktioner - N\u00e4mnden f\u00f6r l\u00e4rarutbildning","og_description":"Tid \u00e4r fascinerande. Yngsta dottern konstaterade n\u00f6jt att det \u00e4r tre m\u00e5nader kvar till julafton idag. F\u00f6rvisso har vi l\u00e5ng tid fram till dess, men tiden g\u00e5r onekligen fort. Det m\u00e4rks att vi p\u00e5 l\u00e4rarutbildningen (trots pandemisituationen) b\u00f6rjat g\u00e5 in i n\u00e5got slags vardagslunk, fast kanske \u00e4nd\u00e5 inte riktigt. Vi beh\u00f6ver hela tiden vara uppm\u00e4rksamma [&hellip;]","og_url":"https:\/\/blogg.lnu.se\/nlu\/blog\/blogg\/back-in-business-men-med-restriktioner\/","og_site_name":"N\u00e4mnden f\u00f6r l\u00e4rarutbildning","article_published_time":"2020-09-24T11:00:18+00:00","twitter_card":"summary_large_image","twitter_misc":{"Skriven av":"","Ber\u00e4knad l\u00e4stid":"2 minuter"},"schema":{"@context":"https:\/\/schema.org","@graph":[{"@type":"WebPage","@id":"https:\/\/blogg.lnu.se\/nlu\/blog\/blogg\/back-in-business-men-med-restriktioner\/","url":"https:\/\/blogg.lnu.se\/nlu\/blog\/blogg\/back-in-business-men-med-restriktioner\/","name":"Back in business - men med restriktioner - N\u00e4mnden f\u00f6r l\u00e4rarutbildning","isPartOf":{"@id":"https:\/\/blogg.lnu.se\/nlu\/#website"},"datePublished":"2020-09-24T11:00:18+00:00","dateModified":"2020-09-24T11:00:18+00:00","author":{"@id":""},"inLanguage":"sv-SE","potentialAction":[{"@type":"ReadAction","target":["https:\/\/blogg.lnu.se\/nlu\/blog\/blogg\/back-in-business-men-med-restriktioner\/"]}]},{"@type":"WebSite","@id":"https:\/\/blogg.lnu.se\/nlu\/#website","url":"https:\/\/blogg.lnu.se\/nlu\/","name":"N\u00e4mnden f\u00f6r l\u00e4rarutbildning","description":"Nyheter fr\u00e5n l\u00e4rarutbildningen","potentialAction":[{"@type":"SearchAction","target":{"@type":"EntryPoint","urlTemplate":"https:\/\/blogg.lnu.se\/nlu\/?s={search_term_string}"},"query-input":"required name=search_term_string"}],"inLanguage":"sv-SE"},{"@type":"Person","@id":"","url":"https:\/\/blogg.lnu.se\/nlu\/blog\/author\/"}]}},"_links":{"self":[{"href":"https:\/\/blogg.lnu.se\/nlu\/wp-json\/wp\/v2\/posts\/57","targetHints":{"allow":["GET"]}}],"collection":[{"href":"https:\/\/blogg.lnu.se\/nlu\/wp-json\/wp\/v2\/posts"}],"about":[{"href":"https:\/\/blogg.lnu.se\/nlu\/wp-json\/wp\/v2\/types\/post"}],"author":[{"embeddable":true,"href":"https:\/\/blogg.lnu.se\/nlu\/wp-json\/wp\/v2\/users\/261"}],"replies":[{"embeddable":true,"href":"https:\/\/blogg.lnu.se\/nlu\/wp-json\/wp\/v2\/comments?post=57"}],"version-history":[{"count":1,"href":"https:\/\/blogg.lnu.se\/nlu\/wp-json\/wp\/v2\/posts\/57\/revisions"}],"predecessor-version":[{"id":58,"href":"https:\/\/blogg.lnu.se\/nlu\/wp-json\/wp\/v2\/posts\/57\/revisions\/58"}],"wp:attachment":[{"href":"https:\/\/blogg.lnu.se\/nlu\/wp-json\/wp\/v2\/media?parent=57"}],"wp:term":[{"taxonomy":"category","embeddable":true,"href":"https:\/\/blogg.lnu.se\/nlu\/wp-json\/wp\/v2\/categories?post=57"},{"taxonomy":"post_tag","embeddable":true,"href":"https:\/\/blogg.lnu.se\/nlu\/wp-json\/wp\/v2\/tags?post=57"}],"curies":[{"name":"wp","href":"https:\/\/api.w.org\/{rel}","templated":true}]}}