{"id":115,"date":"2019-09-03T12:10:02","date_gmt":"2019-09-03T11:10:02","guid":{"rendered":"http:\/\/blogg.lnu.se\/rektor\/?p=115"},"modified":"2019-12-18T14:48:16","modified_gmt":"2019-12-18T13:48:16","slug":"valkommen-till-ett-nytt-lasar","status":"publish","type":"post","link":"https:\/\/blogg.lnu.se\/rektor\/2019\/09\/03\/valkommen-till-ett-nytt-lasar\/","title":{"rendered":"V\u00e4lkommen till ett nytt l\u00e4s\u00e5r!"},"content":{"rendered":"<p>2019-09-03<\/p>\n<p><em>In English below<\/em><\/p>\n<p>Vi \u00e4r 2000 medarbetare och 33 000 studenter med olika kompetenser och dr\u00f6mmar. Vi \u00e4r samlade p\u00e5 Linn\u00e9universitetet och tillsammans skapar vi n\u00e5got mycket mer \u00e4n vad n\u00e5gon av oss skulle f\u00f6rm\u00e5 ensamma. Nu stundar ett nytt l\u00e4s\u00e5r och v\u00e5ra insatser \u00e4r viktigare \u00e4n n\u00e5gonsin. Vi ser stora utmaningar framf\u00f6r oss som kr\u00e4ver kunskapsbaserad handling.<\/p>\n<p>Transformationer av v\u00e4rlden med m\u00e4nniskans enorma p\u00e5verkanskraft \u00e4r enorma, m\u00e5nga positiva, det ska vi med Rosling inte gl\u00f6mma, men m\u00e5nga \u00e4r hotfulla och kan bli \u00f6desdigra om de inte m\u00f6ts med kunskap och ansvar, genom kunskapsbildning<em>.<\/em>Vi beh\u00f6ver bidra till b\u00e5de teknisk utveckling och ansvarstagande f\u00f6r natur, samh\u00e4llsbygge och studenters allsidiga bildning. Det \u00e4r ett ansvar som rymmer flera dilemman och sp\u00e4nningar att hantera:<!--more--><\/p>\n<ul>\n<li>Vilka roller tar ett framg\u00e5ngsrikt och ansvarstagande offentligt universitet som Linn\u00e9universitetet i en digital och global tids\u00e5lder? Livsl\u00e5ngt l\u00e4rande och \u00f6ppen vetenskap \u00e4r inte radikalt nytt, men skapar med sin tillg\u00e4nglighet extrema samtidigheter att v\u00e4rdera, organisera och handla i. I princip finns ju all kunskap tillg\u00e4nglig digitalt utan v\u00e5r f\u00f6rmedling &#8211; hur ser d\u00e5 v\u00e5r uppgift ut?<\/li>\n<li>Universitetet \u00e4r en akt\u00f6r med specifika och universella ansvar i en global, regional och nationell kunskapsbildning d\u00e4r en rad privata och andra akt\u00f6rer ocks\u00e5 \u00e4r verksamma med resurser och kompetenser. Hur ska vi b\u00e4st samverkan med dem och vilken \u00e4r v\u00e5r roll?<\/li>\n<li>Frihetens of\u00f6ruts\u00e4gbarhet \u00e4r en del av innovation och den akademiska k\u00e4rnan samtidigt som probleml\u00f6sningens n\u00f6dv\u00e4ndighet ligger i tydliga uppdrag och f\u00f6rv\u00e4ntningar fr\u00e5n riksdag, arbetsmarknad och allm\u00e4nhet.<\/li>\n<\/ul>\n<p>\u00c4r vi redo ta och utveckla rollerna? Ja!\u00a0Universitetens unika uppdrag \u00e4r att st\u00e4ndigt f\u00f6rdjupa reflektionen kring kunskapens f\u00f6ruts\u00e4ttningar. Genom samh\u00e4llsanalys, f\u00f6rst\u00e5else av v\u00e5r egen roll i kunskapssystemet, och utveckling av nya omr\u00e5den f\u00f6r kunskapsbildning tar universiteten en unik roll f\u00f6r en god samh\u00e4llsutveckling. D\u00e4r ing\u00e5r f\u00f6rdjupad, innovativ akademisk kunskap men ocks\u00e5 en vidareutveckling av vilka samh\u00e4llsutmaningar som \u00e4r mest angel\u00e4gna och hur de kan m\u00f6tas.<\/p>\n<p>Tillsammans har vi en avg\u00f6rande roll f\u00f6r att m\u00f6ta och svara mot samh\u00e4llets behov och f\u00f6rv\u00e4ntningar . Tillsammans tar vi oss an ett nytt l\u00e4s\u00e5r.<\/p>\n<h1>Welcome to a new academic year!<\/h1>\n<p>We are 2,000 members of staff and 33,000 students with different competencies and dreams. We are gathered at Linnaeus University and together we create something much greater than what anyone of us could ever create on our own. We are now entering a new academic year and our efforts are more important than ever. We are seeing great challenges ahead that will require knowledge-based action.<\/p>\n<p>Enormous transformations of our world are taking place through the immense impact of humans. Many of these are positive, which we have been reminded of by Rosling, but many others are a threat and can become disastrous if they are not met with knowledge and responsibility, through the creation of knowledge. We must contribute with both technological development and a responsibility for nature, community-building, and an all-round Bildung of our students. This is a responsibility with many dilemmas and frictions to handle:<\/p>\n<ul>\n<li>What roles does a successful, responsible, public university like Linnaeus University take on in a digital and global age? Lifelong learning and open science are not radically new, but through their accessibility they create extreme concurrences to assess, organise, and act upon. When basically all knowledge is accessible without our mediation \u2013 what does our commission look like?<\/li>\n<li>Linnaeus University is an actor with specific and universal responsibilities in the global, regional, and national creation of knowledge, where a number of private and other actors are also active and contribute with resources and competence. How do we best collaborate with these actors and what is our role?<\/li>\n<li>The unpredictability of freedom is part of innovation and the academic core, while the necessity of solutions to problems comes through clear commissions and expectations from the Swedish Parliament, the labour market, and the public.<\/li>\n<\/ul>\n<p>Are we ready to take on and develop these roles? Yes! The unique commission of universities is to continuously engage in in-depth reflection concerning the conditions of knowledge. Through analyses of society, an understanding of our own role in the knowledge system, and development of new areas for the creation of knowledge, the universities take on a unique role to contribute to a good development of society. This includes in-depth, innovative academic knowledge but also a further development of what societal challenges are most urgent and how these can be met.<\/p>\n<p>Together, we play a crucial role in the work to meet the needs and expectations of society. Together, we take on a new academic year.<\/p>\n","protected":false},"excerpt":{"rendered":"<p>2019-09-03 In English below Vi \u00e4r 2000 medarbetare och 33 000 studenter med olika kompetenser och dr\u00f6mmar. Vi \u00e4r samlade p\u00e5 Linn\u00e9universitetet och tillsammans skapar vi n\u00e5got mycket mer \u00e4n vad n\u00e5gon av oss skulle f\u00f6rm\u00e5 ensamma. Nu stundar ett nytt l\u00e4s\u00e5r och v\u00e5ra insatser \u00e4r viktigare \u00e4n n\u00e5gonsin. Vi ser stora utmaningar framf\u00f6r oss [&hellip;]<\/p>\n","protected":false},"author":398,"featured_media":0,"comment_status":"open","ping_status":"open","sticky":false,"template":"","format":"standard","meta":{"footnotes":""},"categories":[1],"tags":[],"class_list":["post-115","post","type-post","status-publish","format-standard","hentry","category-blogg"],"acf":[],"yoast_head":"<!-- This site is optimized with the Yoast SEO plugin v21.7 - https:\/\/yoast.com\/wordpress\/plugins\/seo\/ -->\r\n<title>V\u00e4lkommen till ett nytt l\u00e4s\u00e5r! - Rektorsbloggen<\/title>\r\n<meta name=\"robots\" content=\"index, follow, max-snippet:-1, max-image-preview:large, max-video-preview:-1\" \/>\r\n<link rel=\"canonical\" href=\"https:\/\/blogg.lnu.se\/rektor\/2019\/09\/03\/valkommen-till-ett-nytt-lasar\/\" \/>\r\n<meta property=\"og:locale\" content=\"sv_SE\" \/>\r\n<meta property=\"og:type\" content=\"article\" \/>\r\n<meta property=\"og:title\" content=\"V\u00e4lkommen till ett nytt l\u00e4s\u00e5r! - Rektorsbloggen\" \/>\r\n<meta property=\"og:description\" content=\"2019-09-03 In English below Vi \u00e4r 2000 medarbetare och 33 000 studenter med olika kompetenser och dr\u00f6mmar. Vi \u00e4r samlade p\u00e5 Linn\u00e9universitetet och tillsammans skapar vi n\u00e5got mycket mer \u00e4n vad n\u00e5gon av oss skulle f\u00f6rm\u00e5 ensamma. Nu stundar ett nytt l\u00e4s\u00e5r och v\u00e5ra insatser \u00e4r viktigare \u00e4n n\u00e5gonsin. Vi ser stora utmaningar framf\u00f6r oss [&hellip;]\" \/>\r\n<meta property=\"og:url\" content=\"https:\/\/blogg.lnu.se\/rektor\/2019\/09\/03\/valkommen-till-ett-nytt-lasar\/\" \/>\r\n<meta property=\"og:site_name\" content=\"Rektorsbloggen\" \/>\r\n<meta property=\"article:published_time\" content=\"2019-09-03T11:10:02+00:00\" \/>\r\n<meta property=\"article:modified_time\" content=\"2019-12-18T13:48:16+00:00\" \/>\r\n<meta name=\"author\" content=\"Peter Aronsson\" \/>\r\n<meta name=\"twitter:card\" content=\"summary_large_image\" \/>\r\n<meta name=\"twitter:label1\" content=\"Skriven av\" \/>\n\t<meta name=\"twitter:data1\" content=\"Peter Aronsson\" \/>\n\t<meta name=\"twitter:label2\" content=\"Ber\u00e4knad l\u00e4stid\" \/>\n\t<meta name=\"twitter:data2\" content=\"4 minuter\" \/>\r\n<script type=\"application\/ld+json\" class=\"yoast-schema-graph\">{\"@context\":\"https:\/\/schema.org\",\"@graph\":[{\"@type\":\"WebPage\",\"@id\":\"https:\/\/blogg.lnu.se\/rektor\/2019\/09\/03\/valkommen-till-ett-nytt-lasar\/\",\"url\":\"https:\/\/blogg.lnu.se\/rektor\/2019\/09\/03\/valkommen-till-ett-nytt-lasar\/\",\"name\":\"V\u00e4lkommen till ett nytt l\u00e4s\u00e5r! - Rektorsbloggen\",\"isPartOf\":{\"@id\":\"https:\/\/blogg.lnu.se\/rektor\/#website\"},\"datePublished\":\"2019-09-03T11:10:02+00:00\",\"dateModified\":\"2019-12-18T13:48:16+00:00\",\"author\":{\"@id\":\"https:\/\/blogg.lnu.se\/rektor\/#\/schema\/person\/22fe49694d987e879dd2ea53b7b4944f\"},\"breadcrumb\":{\"@id\":\"https:\/\/blogg.lnu.se\/rektor\/2019\/09\/03\/valkommen-till-ett-nytt-lasar\/#breadcrumb\"},\"inLanguage\":\"sv-SE\",\"potentialAction\":[{\"@type\":\"ReadAction\",\"target\":[\"https:\/\/blogg.lnu.se\/rektor\/2019\/09\/03\/valkommen-till-ett-nytt-lasar\/\"]}]},{\"@type\":\"BreadcrumbList\",\"@id\":\"https:\/\/blogg.lnu.se\/rektor\/2019\/09\/03\/valkommen-till-ett-nytt-lasar\/#breadcrumb\",\"itemListElement\":[{\"@type\":\"ListItem\",\"position\":1,\"name\":\"Home\",\"item\":\"https:\/\/blogg.lnu.se\/rektor\/\"},{\"@type\":\"ListItem\",\"position\":2,\"name\":\"V\u00e4lkommen till ett nytt l\u00e4s\u00e5r!\"}]},{\"@type\":\"WebSite\",\"@id\":\"https:\/\/blogg.lnu.se\/rektor\/#website\",\"url\":\"https:\/\/blogg.lnu.se\/rektor\/\",\"name\":\"Rektorsbloggen\",\"description\":\"\",\"potentialAction\":[{\"@type\":\"SearchAction\",\"target\":{\"@type\":\"EntryPoint\",\"urlTemplate\":\"https:\/\/blogg.lnu.se\/rektor\/?s={search_term_string}\"},\"query-input\":\"required name=search_term_string\"}],\"inLanguage\":\"sv-SE\"},{\"@type\":\"Person\",\"@id\":\"https:\/\/blogg.lnu.se\/rektor\/#\/schema\/person\/22fe49694d987e879dd2ea53b7b4944f\",\"name\":\"Peter Aronsson\",\"image\":{\"@type\":\"ImageObject\",\"inLanguage\":\"sv-SE\",\"@id\":\"https:\/\/blogg.lnu.se\/rektor\/#\/schema\/person\/image\/\",\"url\":\"https:\/\/secure.gravatar.com\/avatar\/f71b32e1ce128d4783ad7e30fa157d7af8fa69826d946645d3401d63391b3880?s=96&d=mm&r=g\",\"contentUrl\":\"https:\/\/secure.gravatar.com\/avatar\/f71b32e1ce128d4783ad7e30fa157d7af8fa69826d946645d3401d63391b3880?s=96&d=mm&r=g\",\"caption\":\"Peter Aronsson\"},\"description\":\"Professor i historia. Rektor f\u00f6r Linn\u00e9universitetet fr\u00e5n 1 oktober 2017 2013-2015 uppdrag som dekan och vicerektor f\u00f6r Fakulteten f\u00f6r konst och humaniora. Vicerektor f\u00f6r Samh\u00e4llelig drivkraft. Forskar bland annat om regional utveckling, historiebruk och kulturarv.\",\"url\":\"https:\/\/blogg.lnu.se\/rektor\/author\/peteraronsson\/\"}]}<\/script>\r\n<!-- \/ Yoast SEO plugin. -->","yoast_head_json":{"title":"V\u00e4lkommen till ett nytt l\u00e4s\u00e5r! - Rektorsbloggen","robots":{"index":"index","follow":"follow","max-snippet":"max-snippet:-1","max-image-preview":"max-image-preview:large","max-video-preview":"max-video-preview:-1"},"canonical":"https:\/\/blogg.lnu.se\/rektor\/2019\/09\/03\/valkommen-till-ett-nytt-lasar\/","og_locale":"sv_SE","og_type":"article","og_title":"V\u00e4lkommen till ett nytt l\u00e4s\u00e5r! - Rektorsbloggen","og_description":"2019-09-03 In English below Vi \u00e4r 2000 medarbetare och 33 000 studenter med olika kompetenser och dr\u00f6mmar. Vi \u00e4r samlade p\u00e5 Linn\u00e9universitetet och tillsammans skapar vi n\u00e5got mycket mer \u00e4n vad n\u00e5gon av oss skulle f\u00f6rm\u00e5 ensamma. Nu stundar ett nytt l\u00e4s\u00e5r och v\u00e5ra insatser \u00e4r viktigare \u00e4n n\u00e5gonsin. Vi ser stora utmaningar framf\u00f6r oss [&hellip;]","og_url":"https:\/\/blogg.lnu.se\/rektor\/2019\/09\/03\/valkommen-till-ett-nytt-lasar\/","og_site_name":"Rektorsbloggen","article_published_time":"2019-09-03T11:10:02+00:00","article_modified_time":"2019-12-18T13:48:16+00:00","author":"Peter Aronsson","twitter_card":"summary_large_image","twitter_misc":{"Skriven av":"Peter Aronsson","Ber\u00e4knad l\u00e4stid":"4 minuter"},"schema":{"@context":"https:\/\/schema.org","@graph":[{"@type":"WebPage","@id":"https:\/\/blogg.lnu.se\/rektor\/2019\/09\/03\/valkommen-till-ett-nytt-lasar\/","url":"https:\/\/blogg.lnu.se\/rektor\/2019\/09\/03\/valkommen-till-ett-nytt-lasar\/","name":"V\u00e4lkommen till ett nytt l\u00e4s\u00e5r! - Rektorsbloggen","isPartOf":{"@id":"https:\/\/blogg.lnu.se\/rektor\/#website"},"datePublished":"2019-09-03T11:10:02+00:00","dateModified":"2019-12-18T13:48:16+00:00","author":{"@id":"https:\/\/blogg.lnu.se\/rektor\/#\/schema\/person\/22fe49694d987e879dd2ea53b7b4944f"},"breadcrumb":{"@id":"https:\/\/blogg.lnu.se\/rektor\/2019\/09\/03\/valkommen-till-ett-nytt-lasar\/#breadcrumb"},"inLanguage":"sv-SE","potentialAction":[{"@type":"ReadAction","target":["https:\/\/blogg.lnu.se\/rektor\/2019\/09\/03\/valkommen-till-ett-nytt-lasar\/"]}]},{"@type":"BreadcrumbList","@id":"https:\/\/blogg.lnu.se\/rektor\/2019\/09\/03\/valkommen-till-ett-nytt-lasar\/#breadcrumb","itemListElement":[{"@type":"ListItem","position":1,"name":"Home","item":"https:\/\/blogg.lnu.se\/rektor\/"},{"@type":"ListItem","position":2,"name":"V\u00e4lkommen till ett nytt l\u00e4s\u00e5r!"}]},{"@type":"WebSite","@id":"https:\/\/blogg.lnu.se\/rektor\/#website","url":"https:\/\/blogg.lnu.se\/rektor\/","name":"Rektorsbloggen","description":"","potentialAction":[{"@type":"SearchAction","target":{"@type":"EntryPoint","urlTemplate":"https:\/\/blogg.lnu.se\/rektor\/?s={search_term_string}"},"query-input":"required name=search_term_string"}],"inLanguage":"sv-SE"},{"@type":"Person","@id":"https:\/\/blogg.lnu.se\/rektor\/#\/schema\/person\/22fe49694d987e879dd2ea53b7b4944f","name":"Peter Aronsson","image":{"@type":"ImageObject","inLanguage":"sv-SE","@id":"https:\/\/blogg.lnu.se\/rektor\/#\/schema\/person\/image\/","url":"https:\/\/secure.gravatar.com\/avatar\/f71b32e1ce128d4783ad7e30fa157d7af8fa69826d946645d3401d63391b3880?s=96&d=mm&r=g","contentUrl":"https:\/\/secure.gravatar.com\/avatar\/f71b32e1ce128d4783ad7e30fa157d7af8fa69826d946645d3401d63391b3880?s=96&d=mm&r=g","caption":"Peter Aronsson"},"description":"Professor i historia. Rektor f\u00f6r Linn\u00e9universitetet fr\u00e5n 1 oktober 2017 2013-2015 uppdrag som dekan och vicerektor f\u00f6r Fakulteten f\u00f6r konst och humaniora. Vicerektor f\u00f6r Samh\u00e4llelig drivkraft. Forskar bland annat om regional utveckling, historiebruk och kulturarv.","url":"https:\/\/blogg.lnu.se\/rektor\/author\/peteraronsson\/"}]}},"_links":{"self":[{"href":"https:\/\/blogg.lnu.se\/rektor\/wp-json\/wp\/v2\/posts\/115","targetHints":{"allow":["GET"]}}],"collection":[{"href":"https:\/\/blogg.lnu.se\/rektor\/wp-json\/wp\/v2\/posts"}],"about":[{"href":"https:\/\/blogg.lnu.se\/rektor\/wp-json\/wp\/v2\/types\/post"}],"author":[{"embeddable":true,"href":"https:\/\/blogg.lnu.se\/rektor\/wp-json\/wp\/v2\/users\/398"}],"replies":[{"embeddable":true,"href":"https:\/\/blogg.lnu.se\/rektor\/wp-json\/wp\/v2\/comments?post=115"}],"version-history":[{"count":5,"href":"https:\/\/blogg.lnu.se\/rektor\/wp-json\/wp\/v2\/posts\/115\/revisions"}],"predecessor-version":[{"id":132,"href":"https:\/\/blogg.lnu.se\/rektor\/wp-json\/wp\/v2\/posts\/115\/revisions\/132"}],"wp:attachment":[{"href":"https:\/\/blogg.lnu.se\/rektor\/wp-json\/wp\/v2\/media?parent=115"}],"wp:term":[{"taxonomy":"category","embeddable":true,"href":"https:\/\/blogg.lnu.se\/rektor\/wp-json\/wp\/v2\/categories?post=115"},{"taxonomy":"post_tag","embeddable":true,"href":"https:\/\/blogg.lnu.se\/rektor\/wp-json\/wp\/v2\/tags?post=115"}],"curies":[{"name":"wp","href":"https:\/\/api.w.org\/{rel}","templated":true}]}}