{"id":504,"date":"2026-03-31T09:13:49","date_gmt":"2026-03-31T09:13:49","guid":{"rendered":"https:\/\/blogg.lnu.se\/rektor\/?p=504"},"modified":"2026-04-07T07:15:01","modified_gmt":"2026-04-07T07:15:01","slug":"familjen-kamprads-stiftelse-och-linneuniversitetet","status":"publish","type":"post","link":"https:\/\/blogg.lnu.se\/rektor\/2026\/03\/31\/familjen-kamprads-stiftelse-och-linneuniversitetet\/","title":{"rendered":"Familjen Kamprads stiftelse och Linn\u00e9universitetet \/ The Kamprad Family Foundation and Linnaeus University"},"content":{"rendered":"\n<p><em>In English below<\/em><\/p>\n\n\n\n<p>I \u00e5r uppm\u00e4rksammas b\u00e5de Ingvar Kamprads 100\u2011\u00e5rsdag och att <a href=\"https:\/\/familjenkampradsstiftelse.se\/stiftelsen\">Familjen Kamprads stiftelse<\/a> har verkat i 15 \u00e5r. Tv\u00e5 milstolpar som p\u00e5 olika s\u00e4tt knyts samman av en gemensam id\u00e9: att bidra till en b\u00e4ttre vardag f\u00f6r de m\u00e5nga m\u00e4nniskorna, genom bland annat forskning och utbildning av h\u00f6g kvalitet.<\/p>\n\n\n\n<p>F\u00f6r Linn\u00e9universitetet har Familjen Kamprads stiftelse haft stor betydelse. Under \u00e5ren har vi f\u00e5tt m\u00f6jlighet att genomf\u00f6ra n\u00e4ra hundra forskningsprojekt tack vare stiftelsens st\u00f6d.<\/p>\n\n\n\n<p>Det handlar om m\u00f6jligheten att utveckla forskning som \u00e4r relevant, samverkande och anv\u00e4ndbar \u2013 forskning som v\u00e4xer i dialog med f\u00f6retag, offentliga verksamheter och samh\u00e4lleliga behov. Det \u00e4r forskning som inte stannar i rapporter och vetenskapliga artiklar, utan som ocks\u00e5 bidrar med nya arbetss\u00e4tt, ny f\u00f6rst\u00e5else och nya l\u00f6sningar i m\u00e4nniskors vardag.<\/p>\n\n\n\n<p><a href=\"https:\/\/lnu.se\/forskning\/forskning-gor-nytta\/\">Hur v\u00e5r forskning har bidragit till b\u00e4ttre livskvalitet f\u00f6r \u00e4ldre, starkare f\u00f6retag i Sm\u00e5land, h\u00e5llbar energif\u00f6rs\u00f6rjning, kulturdriven utveckling och ny kunskap om v\u00e5r gemensamma framtid kan man l\u00e4sa om p\u00e5 v\u00e5r hemsida Lnu.se.<\/a><\/p>\n\n\n\n<!--more-->\n\n\n\n<p>Det som f\u00f6renar dessa projekt \u00e4r inte bara deras \u00e4mnesm\u00e4ssiga bredd, utan deras inriktning mot genomslag. H\u00e4r m\u00f6ter forskning m\u00e4nniskor, verksamheter och samh\u00e4llsutmaningar. H\u00e4r pr\u00f6vas id\u00e9er i praktiken. H\u00e4r v\u00e4xer kunskap fram i samspel med andra. <\/p>\n\n\n\n<p>Det \u00e4r precis s\u00e5 vi vill att ett modernt universitet ska verka: med vetenskaplig kvalitet, med samh\u00e4llsrelevans och med en f\u00f6rm\u00e5ga att g\u00f6ra skillnad p\u00e5 riktigt.<\/p>\n\n\n\n<p>Vi \u00e4r stolta \u00f6ver den nytta som forskning vid Linn\u00e9universitetet har kunnat bidra med genom st\u00f6det fr\u00e5n Familjen Kamprads stiftelse. F\u00f6r oss \u00e4r detta ocks\u00e5 ett uttryck f\u00f6r ett \u00f6msesidigt f\u00f6rtroende: f\u00f6r v\u00e5ra forskare, f\u00f6r v\u00e5r samverkan med omv\u00e4rlden och f\u00f6r forskningens m\u00f6jlighet att bidra till en b\u00e4ttre framtid. Det har \u00f6kat kraften i genomf\u00f6randet av v\u00e5r vision \u201datt s\u00e4tta kunskap i r\u00f6relse f\u00f6r en h\u00e5llbar samh\u00e4llsutveckling\u201d.<\/p>\n\n\n\n<p>D\u00e4rf\u00f6r vill vi rikta ett varmt tack till Familjen Kamprads stiftelse \u2013 f\u00f6r f\u00f6rtroendet, f\u00f6r m\u00f6jligheterna och f\u00f6r den tydliga viljan att forskning ska komma till nytta f\u00f6r de m\u00e5nga m\u00e4nniskorna. Det st\u00f6det har gjort skillnad, och det kommer att forts\u00e4tta g\u00f6ra skillnad.<\/p>\n\n\n\n<p>Vi vill ocks\u00e5 forts\u00e4tta den r\u00f6relsen. F\u00f6r \u00e4ven om mycket redan har \u00e5stadkommits, s\u00e5 vet vi att de stora samh\u00e4llsutmaningarna fortfarande kr\u00e4ver ny kunskap, nya samarbeten och nytt mod.<\/p>\n\n\n\n<p>Som Ingvar Kamprad uttryckte det: <strong>\u201dDet mesta \u00e4r \u00e4nnu ogjort. Underbara framtid!\u201d<\/strong><\/p>\n\n\n\n<p>\/Peter Aronsson, rektor vid Linn\u00e9universitetet<\/p>\n\n\n\n<figure class=\"wp-block-image size-large\"><img loading=\"lazy\" decoding=\"async\" width=\"1024\" height=\"768\" src=\"https:\/\/blogg.lnu.se\/rektor\/wp-content\/blogs.dir\/202\/files\/sites\/202\/2026\/03\/IMG_3203-1024x768.jpg\" alt=\"\" class=\"wp-image-509\" srcset=\"https:\/\/blogg.lnu.se\/rektor\/wp-content\/blogs.dir\/202\/files\/sites\/202\/2026\/03\/IMG_3203-1024x768.jpg 1024w, https:\/\/blogg.lnu.se\/rektor\/wp-content\/blogs.dir\/202\/files\/sites\/202\/2026\/03\/IMG_3203-300x225.jpg 300w, https:\/\/blogg.lnu.se\/rektor\/wp-content\/blogs.dir\/202\/files\/sites\/202\/2026\/03\/IMG_3203-768x576.jpg 768w, https:\/\/blogg.lnu.se\/rektor\/wp-content\/blogs.dir\/202\/files\/sites\/202\/2026\/03\/IMG_3203-1536x1152.jpg 1536w, https:\/\/blogg.lnu.se\/rektor\/wp-content\/blogs.dir\/202\/files\/sites\/202\/2026\/03\/IMG_3203.jpg 1632w\" sizes=\"auto, (max-width: 1024px) 100vw, 1024px\" \/><\/figure>\n\n\n\n<p><em>&#8221;En bild fr\u00e5n B\u00f6ls\u00f6 2016 d\u00e4r vi diskuterade samarbetet mellan Lnu och Ikea. N\u00e4r jag fr\u00e5gade vad som var viktigast kom svaret fr\u00e5n Ingvar: tv\u00e5 saker &#8211; vi m\u00e5ste bygga en cirkul\u00e4r ekonomi och minska sp\u00e4nningarna mellan \u00f6st och v\u00e4st. Giltiga riktningsgivare idag ocks\u00e5.&#8221;<\/em> Peter Aronsson, rektor vid Linn\u00e9universitetet<\/p>\n\n\n\n<p><\/p>\n\n\n\n<h2 class=\"wp-block-heading\"><strong>The Kamprad Family Foundation and Linnaeus University<\/strong><\/h2>\n\n\n\n<p>This year marks both the 100th anniversary of Ingvar Kamprad\u2019s birth and the 15th anniversary of <a href=\"https:\/\/familjenkampradsstiftelse.se\/en\">the Kamprad Family Foundation<\/a>. These two milestones are united by a shared vision \u2013 \u201cto create a better everyday life for the many people\u201d \u2013 supported by high-quality research and education.<\/p>\n\n\n\n<p>For Linnaeus University, the Kamprad Family Foundation has been of great significance. Over the years, we have had the opportunity to carry out close to a hundred research projects thanks to their support.<\/p>\n\n\n\n<p>It is about the opportunity to develop research that is relevant, collaborative and useful. Research that grows in collaboration with businesses and public sector organisations, in response to societal needs. Research that does not remain confined to reports and academic articles, but that has an impact on everyday life through new ways of working, new insights, and new solutions.<\/p>\n\n\n\n<p><a href=\"https:\/\/lnu.se\/forskning\/forskning-gor-nytta\/\">You can read more on our website about how our research has contributed to a better quality of life for older people, stronger businesses in Sm\u00e5land, sustainable energy supply, culture-driven development, and new insights into the future we share.<\/a><\/p>\n\n\n\n<p>What unites these projects is not only their disciplinary breadth, but their focus on real-world impact. Here, research engages with people, organisations and societal challenges. Here, ideas are tested in practice. Here, knowledge takes shape in collaboration with others. This is exactly how we believe a modern university should work: combining academic quality, societal relevance and the ability to make a real difference.<\/p>\n\n\n\n<p>We are proud of the benefits that research at Linnaeus University has been able to deliver through the support of the Kamprad Family Foundation. To us, this is also an expression of mutual trust \u2013 in our researchers, in our collaboration with the wider community, and in the potential of research to contribute to a better future. It has strengthened our ability to realise our vision of setting knowledge in motion for sustainable societal development.<\/p>\n\n\n\n<p>For all these reasons, we wish to extend our warm thanks to the Kamprad Family Foundation \u2013 for the trust placed in us, for the opportunities provided, and for the clear desire that research should benefit the many people. That support has made a difference \u2013 and it will continue to do so.<\/p>\n\n\n\n<p>We also want to build on this momentum. Because even though much has already been achieved, we know that the major societal challenges of our time still require new knowledge, new forms of collaboration and new courage. As Ingvar Kamprad put it: \u2018Most things remain to be done. You wonderful future!\u2019<\/p>\n\n\n\n<p>\/Peter Aronsson, vice-chancellor of Linnaeus University<\/p>\n","protected":false},"excerpt":{"rendered":"<p>In English below I \u00e5r uppm\u00e4rksammas b\u00e5de Ingvar Kamprads 100\u2011\u00e5rsdag och att Familjen Kamprads stiftelse har verkat i 15 \u00e5r. Tv\u00e5 milstolpar som p\u00e5 olika s\u00e4tt knyts samman av en gemensam id\u00e9: att bidra till en b\u00e4ttre vardag f\u00f6r de m\u00e5nga m\u00e4nniskorna, genom bland annat forskning och utbildning av h\u00f6g kvalitet. F\u00f6r Linn\u00e9universitetet har Familjen [&hellip;]<\/p>\n","protected":false},"author":167,"featured_media":0,"comment_status":"open","ping_status":"open","sticky":false,"template":"","format":"standard","meta":{"footnotes":""},"categories":[1],"tags":[],"class_list":["post-504","post","type-post","status-publish","format-standard","hentry","category-blogg"],"acf":[],"yoast_head":"<!-- This site is optimized with the Yoast SEO plugin v21.7 - https:\/\/yoast.com\/wordpress\/plugins\/seo\/ -->\r\n<title>Familjen Kamprads stiftelse och Linn\u00e9universitetet \/ The Kamprad Family Foundation and Linnaeus University - Rektorsbloggen<\/title>\r\n<meta name=\"robots\" content=\"index, follow, max-snippet:-1, max-image-preview:large, max-video-preview:-1\" \/>\r\n<link rel=\"canonical\" href=\"https:\/\/blogg.lnu.se\/rektor\/2026\/03\/31\/familjen-kamprads-stiftelse-och-linneuniversitetet\/\" \/>\r\n<meta property=\"og:locale\" content=\"sv_SE\" \/>\r\n<meta property=\"og:type\" content=\"article\" \/>\r\n<meta property=\"og:title\" content=\"Familjen Kamprads stiftelse och Linn\u00e9universitetet \/ The Kamprad Family Foundation and Linnaeus University - Rektorsbloggen\" \/>\r\n<meta property=\"og:description\" content=\"In English below I \u00e5r uppm\u00e4rksammas b\u00e5de Ingvar Kamprads 100\u2011\u00e5rsdag och att Familjen Kamprads stiftelse har verkat i 15 \u00e5r. Tv\u00e5 milstolpar som p\u00e5 olika s\u00e4tt knyts samman av en gemensam id\u00e9: att bidra till en b\u00e4ttre vardag f\u00f6r de m\u00e5nga m\u00e4nniskorna, genom bland annat forskning och utbildning av h\u00f6g kvalitet. F\u00f6r Linn\u00e9universitetet har Familjen [&hellip;]\" \/>\r\n<meta property=\"og:url\" content=\"https:\/\/blogg.lnu.se\/rektor\/2026\/03\/31\/familjen-kamprads-stiftelse-och-linneuniversitetet\/\" \/>\r\n<meta property=\"og:site_name\" content=\"Rektorsbloggen\" \/>\r\n<meta property=\"article:published_time\" content=\"2026-03-31T09:13:49+00:00\" \/>\r\n<meta property=\"article:modified_time\" content=\"2026-04-07T07:15:01+00:00\" \/>\r\n<meta property=\"og:image\" content=\"https:\/\/blogg.lnu.se\/rektor\/wp-content\/blogs.dir\/202\/files\/sites\/202\/2026\/03\/IMG_3203-1024x768.jpg\" \/>\r\n<meta name=\"author\" content=\"blogg\" \/>\r\n<meta name=\"twitter:card\" content=\"summary_large_image\" \/>\r\n<meta name=\"twitter:label1\" content=\"Skriven av\" \/>\n\t<meta name=\"twitter:data1\" content=\"blogg\" \/>\n\t<meta name=\"twitter:label2\" content=\"Ber\u00e4knad l\u00e4stid\" \/>\n\t<meta name=\"twitter:data2\" content=\"5 minuter\" \/>\r\n<script type=\"application\/ld+json\" class=\"yoast-schema-graph\">{\"@context\":\"https:\/\/schema.org\",\"@graph\":[{\"@type\":\"WebPage\",\"@id\":\"https:\/\/blogg.lnu.se\/rektor\/2026\/03\/31\/familjen-kamprads-stiftelse-och-linneuniversitetet\/\",\"url\":\"https:\/\/blogg.lnu.se\/rektor\/2026\/03\/31\/familjen-kamprads-stiftelse-och-linneuniversitetet\/\",\"name\":\"Familjen Kamprads stiftelse och Linn\u00e9universitetet \/ The Kamprad Family Foundation and Linnaeus University - Rektorsbloggen\",\"isPartOf\":{\"@id\":\"https:\/\/blogg.lnu.se\/rektor\/#website\"},\"datePublished\":\"2026-03-31T09:13:49+00:00\",\"dateModified\":\"2026-04-07T07:15:01+00:00\",\"author\":{\"@id\":\"https:\/\/blogg.lnu.se\/rektor\/#\/schema\/person\/9c960197b24a674e136d0534926b6967\"},\"breadcrumb\":{\"@id\":\"https:\/\/blogg.lnu.se\/rektor\/2026\/03\/31\/familjen-kamprads-stiftelse-och-linneuniversitetet\/#breadcrumb\"},\"inLanguage\":\"sv-SE\",\"potentialAction\":[{\"@type\":\"ReadAction\",\"target\":[\"https:\/\/blogg.lnu.se\/rektor\/2026\/03\/31\/familjen-kamprads-stiftelse-och-linneuniversitetet\/\"]}]},{\"@type\":\"BreadcrumbList\",\"@id\":\"https:\/\/blogg.lnu.se\/rektor\/2026\/03\/31\/familjen-kamprads-stiftelse-och-linneuniversitetet\/#breadcrumb\",\"itemListElement\":[{\"@type\":\"ListItem\",\"position\":1,\"name\":\"Home\",\"item\":\"https:\/\/blogg.lnu.se\/rektor\/\"},{\"@type\":\"ListItem\",\"position\":2,\"name\":\"Familjen Kamprads stiftelse och Linn\u00e9universitetet \/ The Kamprad Family Foundation and Linnaeus University\"}]},{\"@type\":\"WebSite\",\"@id\":\"https:\/\/blogg.lnu.se\/rektor\/#website\",\"url\":\"https:\/\/blogg.lnu.se\/rektor\/\",\"name\":\"Rektorsbloggen\",\"description\":\"\",\"potentialAction\":[{\"@type\":\"SearchAction\",\"target\":{\"@type\":\"EntryPoint\",\"urlTemplate\":\"https:\/\/blogg.lnu.se\/rektor\/?s={search_term_string}\"},\"query-input\":\"required name=search_term_string\"}],\"inLanguage\":\"sv-SE\"},{\"@type\":\"Person\",\"@id\":\"https:\/\/blogg.lnu.se\/rektor\/#\/schema\/person\/9c960197b24a674e136d0534926b6967\",\"name\":\"blogg\",\"image\":{\"@type\":\"ImageObject\",\"inLanguage\":\"sv-SE\",\"@id\":\"https:\/\/blogg.lnu.se\/rektor\/#\/schema\/person\/image\/\",\"url\":\"https:\/\/secure.gravatar.com\/avatar\/632c46b684073f84c087babb6ce3bb9e044e463d153e0ab802ee1b7ad9ddc167?s=96&d=mm&r=g\",\"contentUrl\":\"https:\/\/secure.gravatar.com\/avatar\/632c46b684073f84c087babb6ce3bb9e044e463d153e0ab802ee1b7ad9ddc167?s=96&d=mm&r=g\",\"caption\":\"blogg\"},\"url\":\"https:\/\/blogg.lnu.se\/rektor\/author\/i3h\/\"}]}<\/script>\r\n<!-- \/ Yoast SEO plugin. -->","yoast_head_json":{"title":"Familjen Kamprads stiftelse och Linn\u00e9universitetet \/ The Kamprad Family Foundation and Linnaeus University - Rektorsbloggen","robots":{"index":"index","follow":"follow","max-snippet":"max-snippet:-1","max-image-preview":"max-image-preview:large","max-video-preview":"max-video-preview:-1"},"canonical":"https:\/\/blogg.lnu.se\/rektor\/2026\/03\/31\/familjen-kamprads-stiftelse-och-linneuniversitetet\/","og_locale":"sv_SE","og_type":"article","og_title":"Familjen Kamprads stiftelse och Linn\u00e9universitetet \/ The Kamprad Family Foundation and Linnaeus University - Rektorsbloggen","og_description":"In English below I \u00e5r uppm\u00e4rksammas b\u00e5de Ingvar Kamprads 100\u2011\u00e5rsdag och att Familjen Kamprads stiftelse har verkat i 15 \u00e5r. Tv\u00e5 milstolpar som p\u00e5 olika s\u00e4tt knyts samman av en gemensam id\u00e9: att bidra till en b\u00e4ttre vardag f\u00f6r de m\u00e5nga m\u00e4nniskorna, genom bland annat forskning och utbildning av h\u00f6g kvalitet. F\u00f6r Linn\u00e9universitetet har Familjen [&hellip;]","og_url":"https:\/\/blogg.lnu.se\/rektor\/2026\/03\/31\/familjen-kamprads-stiftelse-och-linneuniversitetet\/","og_site_name":"Rektorsbloggen","article_published_time":"2026-03-31T09:13:49+00:00","article_modified_time":"2026-04-07T07:15:01+00:00","og_image":[{"url":"https:\/\/blogg.lnu.se\/rektor\/wp-content\/blogs.dir\/202\/files\/sites\/202\/2026\/03\/IMG_3203-1024x768.jpg"}],"author":"blogg","twitter_card":"summary_large_image","twitter_misc":{"Skriven av":"blogg","Ber\u00e4knad l\u00e4stid":"5 minuter"},"schema":{"@context":"https:\/\/schema.org","@graph":[{"@type":"WebPage","@id":"https:\/\/blogg.lnu.se\/rektor\/2026\/03\/31\/familjen-kamprads-stiftelse-och-linneuniversitetet\/","url":"https:\/\/blogg.lnu.se\/rektor\/2026\/03\/31\/familjen-kamprads-stiftelse-och-linneuniversitetet\/","name":"Familjen Kamprads stiftelse och Linn\u00e9universitetet \/ The Kamprad Family Foundation and Linnaeus University - Rektorsbloggen","isPartOf":{"@id":"https:\/\/blogg.lnu.se\/rektor\/#website"},"datePublished":"2026-03-31T09:13:49+00:00","dateModified":"2026-04-07T07:15:01+00:00","author":{"@id":"https:\/\/blogg.lnu.se\/rektor\/#\/schema\/person\/9c960197b24a674e136d0534926b6967"},"breadcrumb":{"@id":"https:\/\/blogg.lnu.se\/rektor\/2026\/03\/31\/familjen-kamprads-stiftelse-och-linneuniversitetet\/#breadcrumb"},"inLanguage":"sv-SE","potentialAction":[{"@type":"ReadAction","target":["https:\/\/blogg.lnu.se\/rektor\/2026\/03\/31\/familjen-kamprads-stiftelse-och-linneuniversitetet\/"]}]},{"@type":"BreadcrumbList","@id":"https:\/\/blogg.lnu.se\/rektor\/2026\/03\/31\/familjen-kamprads-stiftelse-och-linneuniversitetet\/#breadcrumb","itemListElement":[{"@type":"ListItem","position":1,"name":"Home","item":"https:\/\/blogg.lnu.se\/rektor\/"},{"@type":"ListItem","position":2,"name":"Familjen Kamprads stiftelse och Linn\u00e9universitetet \/ The Kamprad Family Foundation and Linnaeus University"}]},{"@type":"WebSite","@id":"https:\/\/blogg.lnu.se\/rektor\/#website","url":"https:\/\/blogg.lnu.se\/rektor\/","name":"Rektorsbloggen","description":"","potentialAction":[{"@type":"SearchAction","target":{"@type":"EntryPoint","urlTemplate":"https:\/\/blogg.lnu.se\/rektor\/?s={search_term_string}"},"query-input":"required name=search_term_string"}],"inLanguage":"sv-SE"},{"@type":"Person","@id":"https:\/\/blogg.lnu.se\/rektor\/#\/schema\/person\/9c960197b24a674e136d0534926b6967","name":"blogg","image":{"@type":"ImageObject","inLanguage":"sv-SE","@id":"https:\/\/blogg.lnu.se\/rektor\/#\/schema\/person\/image\/","url":"https:\/\/secure.gravatar.com\/avatar\/632c46b684073f84c087babb6ce3bb9e044e463d153e0ab802ee1b7ad9ddc167?s=96&d=mm&r=g","contentUrl":"https:\/\/secure.gravatar.com\/avatar\/632c46b684073f84c087babb6ce3bb9e044e463d153e0ab802ee1b7ad9ddc167?s=96&d=mm&r=g","caption":"blogg"},"url":"https:\/\/blogg.lnu.se\/rektor\/author\/i3h\/"}]}},"_links":{"self":[{"href":"https:\/\/blogg.lnu.se\/rektor\/wp-json\/wp\/v2\/posts\/504","targetHints":{"allow":["GET"]}}],"collection":[{"href":"https:\/\/blogg.lnu.se\/rektor\/wp-json\/wp\/v2\/posts"}],"about":[{"href":"https:\/\/blogg.lnu.se\/rektor\/wp-json\/wp\/v2\/types\/post"}],"author":[{"embeddable":true,"href":"https:\/\/blogg.lnu.se\/rektor\/wp-json\/wp\/v2\/users\/167"}],"replies":[{"embeddable":true,"href":"https:\/\/blogg.lnu.se\/rektor\/wp-json\/wp\/v2\/comments?post=504"}],"version-history":[{"count":5,"href":"https:\/\/blogg.lnu.se\/rektor\/wp-json\/wp\/v2\/posts\/504\/revisions"}],"predecessor-version":[{"id":515,"href":"https:\/\/blogg.lnu.se\/rektor\/wp-json\/wp\/v2\/posts\/504\/revisions\/515"}],"wp:attachment":[{"href":"https:\/\/blogg.lnu.se\/rektor\/wp-json\/wp\/v2\/media?parent=504"}],"wp:term":[{"taxonomy":"category","embeddable":true,"href":"https:\/\/blogg.lnu.se\/rektor\/wp-json\/wp\/v2\/categories?post=504"},{"taxonomy":"post_tag","embeddable":true,"href":"https:\/\/blogg.lnu.se\/rektor\/wp-json\/wp\/v2\/tags?post=504"}],"curies":[{"name":"wp","href":"https:\/\/api.w.org\/{rel}","templated":true}]}}