{"id":2751,"date":"2022-10-11T16:11:14","date_gmt":"2022-10-11T15:11:14","guid":{"rendered":"https:\/\/blogg.lnu.se\/unesco\/?p=2751"},"modified":"2022-10-11T16:11:14","modified_gmt":"2022-10-11T15:11:14","slug":"larande-och-framtiden","status":"publish","type":"post","link":"https:\/\/blogg.lnu.se\/unesco\/?p=2751","title":{"rendered":"L\u00e4rande och framtiden"},"content":{"rendered":"\r\n<p><a href=\"https:\/\/epale.ec.europa.eu\/en\/node\/325991\" target=\"_blank\" rel=\"noopener\">Borde vi idag t\u00e4nka mer p\u00e5 transformativt l\u00e4rande f\u00f6r framtiden?<\/a> fr\u00e5gar Gustav Wollentz (Nordiskt centrum f\u00f6r kulturarvspedagogik) i en ny blogg. Han beskriver det bakomliggande samarbetsprojekt med V\u00e4xj\u00f6 kommun vid Linn\u00e9universitetet p\u00e5 f\u00f6ljande s\u00e4tt:<\/p>\r\n<blockquote>\r\n<p>Ur ett kulturarvsperspektiv unders\u00f6ker jag f\u00f6r n\u00e4rvarade ungdomars (upp till ca 25 \u00e5r) perspektiv p\u00e5 framtiden i ett utsatt omr\u00e5de i V\u00e4xj\u00f6, vid namn Araby. &#8230; Jag vill titta p\u00e5 hur en plats laddas med hopp inf\u00f6r framtiden genom att unders\u00f6ka vilka handlingar och aktiviteter som g\u00f6r att ungdomar k\u00e4nner hopp inf\u00f6r framtiden i Araby, och vad f\u00f6r kulturarv som skapas i den processen. F\u00f6rhoppningen \u00e4r att st\u00e4rka banden mellan unga i Araby och kulturakt\u00f6rer i V\u00e4xj\u00f6. Allts\u00e5: jag n\u00e4rmar mig framtiden som kulturarvsskapande, vilket \u00e4r en ovanlig ing\u00e5ng till kulturarv. Kulturarv har traditionellt sett oftare anv\u00e4nts som en minnesinstitution snarare \u00e4n en plats d\u00e4r vi kan skaffa oss erfarenheter som \u00e4r transformativa och framtidsorienterade.<\/p>\r\n<p>Precis som l\u00e4randet, ses kulturarv ofta som n\u00e5got som ska f\u00f6ras vidare till kommande generationer. Medan kulturarv traditionellt kopplas till n\u00e5got materiellt som bed\u00f6ms vara v\u00e4rt att bevara f\u00f6r framtiden (s\u00e5som en staty eller en gravh\u00f6g), s\u00e5 knuts l\u00e4rande traditionellt till kunskap som \u00e4r v\u00e4rd att f\u00f6ra vidare till en ny generation (s\u00e5som historien om en plats). Detta projekt \u00e4r allts\u00e5 ett f\u00f6rs\u00f6k till att v\u00e4nda perspektiven d\u00e4r framtiden f\u00e5r ett st\u00f6rre utrymme i det l\u00e4rande som sker genom kulturarv.<\/p>\r\n<\/blockquote>\r\n","protected":false},"excerpt":{"rendered":"<p>Borde vi idag t\u00e4nka mer p\u00e5 transformativt l\u00e4rande f\u00f6r framtiden? fr\u00e5gar Gustav Wollentz (Nordiskt centrum f\u00f6r kulturarvspedagogik) i en ny blogg. Han beskriver det bakomliggande samarbetsprojekt med V\u00e4xj\u00f6 kommun vid Linn\u00e9universitetet p\u00e5 f\u00f6ljande s\u00e4tt: Ur ett kulturarvsperspektiv unders\u00f6ker jag f\u00f6r n\u00e4rvarade ungdomars (upp till ca 25 \u00e5r) perspektiv p\u00e5 framtiden i ett utsatt omr\u00e5de i [&hellip;]<\/p>\n","protected":false},"author":414,"featured_media":0,"comment_status":"closed","ping_status":"open","sticky":false,"template":"","format":"standard","meta":{"footnotes":""},"categories":[1],"tags":[142,72271,72273,411],"class_list":["post-2751","post","type-post","status-publish","format-standard","hentry","category-blogg","tag-framtid","tag-kulturarv","tag-ungdomar","tag-vaxjo"],"acf":[],"yoast_head":"<!-- This site is optimized with the Yoast SEO plugin v21.7 - https:\/\/yoast.com\/wordpress\/plugins\/seo\/ -->\r\n<title>L\u00e4rande och framtiden - UNESCO<\/title>\r\n<meta name=\"robots\" content=\"index, follow, max-snippet:-1, max-image-preview:large, max-video-preview:-1\" \/>\r\n<link rel=\"canonical\" href=\"https:\/\/blogg.lnu.se\/unesco\/?p=2751\" \/>\r\n<meta property=\"og:locale\" content=\"en_US\" \/>\r\n<meta property=\"og:type\" content=\"article\" \/>\r\n<meta property=\"og:title\" content=\"L\u00e4rande och framtiden - UNESCO\" \/>\r\n<meta property=\"og:description\" content=\"Borde vi idag t\u00e4nka mer p\u00e5 transformativt l\u00e4rande f\u00f6r framtiden? fr\u00e5gar Gustav Wollentz (Nordiskt centrum f\u00f6r kulturarvspedagogik) i en ny blogg. Han beskriver det bakomliggande samarbetsprojekt med V\u00e4xj\u00f6 kommun vid Linn\u00e9universitetet p\u00e5 f\u00f6ljande s\u00e4tt: Ur ett kulturarvsperspektiv unders\u00f6ker jag f\u00f6r n\u00e4rvarade ungdomars (upp till ca 25 \u00e5r) perspektiv p\u00e5 framtiden i ett utsatt omr\u00e5de i [&hellip;]\" \/>\r\n<meta property=\"og:url\" content=\"https:\/\/blogg.lnu.se\/unesco\/?p=2751\" \/>\r\n<meta property=\"og:site_name\" content=\"UNESCO\" \/>\r\n<meta property=\"article:published_time\" content=\"2022-10-11T15:11:14+00:00\" \/>\r\n<meta name=\"author\" content=\"Cornelius Holtorf\" \/>\r\n<meta name=\"twitter:card\" content=\"summary_large_image\" \/>\r\n<meta name=\"twitter:label1\" content=\"Written by\" \/>\n\t<meta name=\"twitter:data1\" content=\"Cornelius Holtorf\" \/>\n\t<meta name=\"twitter:label2\" content=\"Est. reading time\" \/>\n\t<meta name=\"twitter:data2\" content=\"1 minute\" \/>\r\n<script type=\"application\/ld+json\" class=\"yoast-schema-graph\">{\"@context\":\"https:\/\/schema.org\",\"@graph\":[{\"@type\":\"WebPage\",\"@id\":\"https:\/\/blogg.lnu.se\/unesco\/?p=2751\",\"url\":\"https:\/\/blogg.lnu.se\/unesco\/?p=2751\",\"name\":\"L\u00e4rande och framtiden - UNESCO\",\"isPartOf\":{\"@id\":\"https:\/\/blogg.lnu.se\/unesco\/#website\"},\"datePublished\":\"2022-10-11T15:11:14+00:00\",\"dateModified\":\"2022-10-11T15:11:14+00:00\",\"author\":{\"@id\":\"https:\/\/blogg.lnu.se\/unesco\/#\/schema\/person\/cf9ab1a3667493a95a6ffb7d71976847\"},\"inLanguage\":\"en-US\",\"potentialAction\":[{\"@type\":\"ReadAction\",\"target\":[\"https:\/\/blogg.lnu.se\/unesco\/?p=2751\"]}]},{\"@type\":\"WebSite\",\"@id\":\"https:\/\/blogg.lnu.se\/unesco\/#website\",\"url\":\"https:\/\/blogg.lnu.se\/unesco\/\",\"name\":\"UNESCO\",\"description\":\"Chair on Heritage Futures\",\"potentialAction\":[{\"@type\":\"SearchAction\",\"target\":{\"@type\":\"EntryPoint\",\"urlTemplate\":\"https:\/\/blogg.lnu.se\/unesco\/?s={search_term_string}\"},\"query-input\":\"required name=search_term_string\"}],\"inLanguage\":\"en-US\"},{\"@type\":\"Person\",\"@id\":\"https:\/\/blogg.lnu.se\/unesco\/#\/schema\/person\/cf9ab1a3667493a95a6ffb7d71976847\",\"name\":\"Cornelius Holtorf\",\"description\":\"In 2017, Linnaeus University in Kalmar, Sweden, was awarded a UNESCO Chair on Heritage Futures. This is one of eight Chairs in Sweden, and the only one within the cultural sector. Cornelius Holtorf, holder of the UNESCO Chair, alongside his team, will continue to generate ideas through this forum.\",\"url\":\"https:\/\/blogg.lnu.se\/unesco\/?author=414\"}]}<\/script>\r\n<!-- \/ Yoast SEO plugin. -->","yoast_head_json":{"title":"L\u00e4rande och framtiden - UNESCO","robots":{"index":"index","follow":"follow","max-snippet":"max-snippet:-1","max-image-preview":"max-image-preview:large","max-video-preview":"max-video-preview:-1"},"canonical":"https:\/\/blogg.lnu.se\/unesco\/?p=2751","og_locale":"en_US","og_type":"article","og_title":"L\u00e4rande och framtiden - UNESCO","og_description":"Borde vi idag t\u00e4nka mer p\u00e5 transformativt l\u00e4rande f\u00f6r framtiden? fr\u00e5gar Gustav Wollentz (Nordiskt centrum f\u00f6r kulturarvspedagogik) i en ny blogg. Han beskriver det bakomliggande samarbetsprojekt med V\u00e4xj\u00f6 kommun vid Linn\u00e9universitetet p\u00e5 f\u00f6ljande s\u00e4tt: Ur ett kulturarvsperspektiv unders\u00f6ker jag f\u00f6r n\u00e4rvarade ungdomars (upp till ca 25 \u00e5r) perspektiv p\u00e5 framtiden i ett utsatt omr\u00e5de i [&hellip;]","og_url":"https:\/\/blogg.lnu.se\/unesco\/?p=2751","og_site_name":"UNESCO","article_published_time":"2022-10-11T15:11:14+00:00","author":"Cornelius Holtorf","twitter_card":"summary_large_image","twitter_misc":{"Written by":"Cornelius Holtorf","Est. reading time":"1 minute"},"schema":{"@context":"https:\/\/schema.org","@graph":[{"@type":"WebPage","@id":"https:\/\/blogg.lnu.se\/unesco\/?p=2751","url":"https:\/\/blogg.lnu.se\/unesco\/?p=2751","name":"L\u00e4rande och framtiden - UNESCO","isPartOf":{"@id":"https:\/\/blogg.lnu.se\/unesco\/#website"},"datePublished":"2022-10-11T15:11:14+00:00","dateModified":"2022-10-11T15:11:14+00:00","author":{"@id":"https:\/\/blogg.lnu.se\/unesco\/#\/schema\/person\/cf9ab1a3667493a95a6ffb7d71976847"},"inLanguage":"en-US","potentialAction":[{"@type":"ReadAction","target":["https:\/\/blogg.lnu.se\/unesco\/?p=2751"]}]},{"@type":"WebSite","@id":"https:\/\/blogg.lnu.se\/unesco\/#website","url":"https:\/\/blogg.lnu.se\/unesco\/","name":"UNESCO","description":"Chair on Heritage Futures","potentialAction":[{"@type":"SearchAction","target":{"@type":"EntryPoint","urlTemplate":"https:\/\/blogg.lnu.se\/unesco\/?s={search_term_string}"},"query-input":"required name=search_term_string"}],"inLanguage":"en-US"},{"@type":"Person","@id":"https:\/\/blogg.lnu.se\/unesco\/#\/schema\/person\/cf9ab1a3667493a95a6ffb7d71976847","name":"Cornelius Holtorf","description":"In 2017, Linnaeus University in Kalmar, Sweden, was awarded a UNESCO Chair on Heritage Futures. This is one of eight Chairs in Sweden, and the only one within the cultural sector. Cornelius Holtorf, holder of the UNESCO Chair, alongside his team, will continue to generate ideas through this forum.","url":"https:\/\/blogg.lnu.se\/unesco\/?author=414"}]}},"_links":{"self":[{"href":"https:\/\/blogg.lnu.se\/unesco\/index.php?rest_route=\/wp\/v2\/posts\/2751","targetHints":{"allow":["GET"]}}],"collection":[{"href":"https:\/\/blogg.lnu.se\/unesco\/index.php?rest_route=\/wp\/v2\/posts"}],"about":[{"href":"https:\/\/blogg.lnu.se\/unesco\/index.php?rest_route=\/wp\/v2\/types\/post"}],"author":[{"embeddable":true,"href":"https:\/\/blogg.lnu.se\/unesco\/index.php?rest_route=\/wp\/v2\/users\/414"}],"replies":[{"embeddable":true,"href":"https:\/\/blogg.lnu.se\/unesco\/index.php?rest_route=%2Fwp%2Fv2%2Fcomments&post=2751"}],"version-history":[{"count":4,"href":"https:\/\/blogg.lnu.se\/unesco\/index.php?rest_route=\/wp\/v2\/posts\/2751\/revisions"}],"predecessor-version":[{"id":2758,"href":"https:\/\/blogg.lnu.se\/unesco\/index.php?rest_route=\/wp\/v2\/posts\/2751\/revisions\/2758"}],"wp:attachment":[{"href":"https:\/\/blogg.lnu.se\/unesco\/index.php?rest_route=%2Fwp%2Fv2%2Fmedia&parent=2751"}],"wp:term":[{"taxonomy":"category","embeddable":true,"href":"https:\/\/blogg.lnu.se\/unesco\/index.php?rest_route=%2Fwp%2Fv2%2Fcategories&post=2751"},{"taxonomy":"post_tag","embeddable":true,"href":"https:\/\/blogg.lnu.se\/unesco\/index.php?rest_route=%2Fwp%2Fv2%2Ftags&post=2751"}],"curies":[{"name":"wp","href":"https:\/\/api.w.org\/{rel}","templated":true}]}}