{"id":3015,"date":"2023-03-16T13:49:55","date_gmt":"2023-03-16T12:49:55","guid":{"rendered":"https:\/\/blogg.lnu.se\/unesco\/?p=3015"},"modified":"2023-03-16T13:56:27","modified_gmt":"2023-03-16T12:56:27","slug":"intervju-i-podden-resten-ar-historia-sveriges-hembygdsforbund","status":"publish","type":"post","link":"https:\/\/blogg.lnu.se\/unesco\/?p=3015","title":{"rendered":"Intervju i podd av Sveriges hembygdsf\u00f6rbund"},"content":{"rendered":"<div class=\"css-1dbjc4n r-6gpygo r-1ah4tor\">\n<div class=\"css-1dbjc4n r-1wbh5a2 r-dnmrzs\">\n<div class=\"css-1dbjc4n r-1adg3ll r-mabqd8 r-4amgru r-11wrixw r-bztko3\" data-testid=\"UserAvatar-Container-EmmaRydner\">\n<div class=\"r-1p0dtai r-1pi2tsx r-1d2f490 r-u8s1d r-ipm5af r-13qz1uu\">\n<div class=\"css-1dbjc4n r-1adg3ll r-1pi2tsx r-1wyvozj r-bztko3 r-u8s1d r-1v2oles r-desppf r-13qz1uu\">\n<div class=\"r-1adg3ll r-13qz1uu\"><span class=\"css-901oao css-16my406 r-poiln3 r-bcqeeo r-qvutc0\">Hur kan vi t\u00e4nka kring framtidens kulturarv &#8211; och vad kan t\u00e4nkas vara intressant f\u00f6r framtida generationer att bevara? Cornelius Holtorf<\/span><span class=\"css-901oao css-16my406 r-poiln3 r-bcqeeo r-qvutc0\"> intervjuas i podden Resten \u00e4r historia fr\u00e5n Sveriges hembygdsf\u00f6rbund<\/span><span class=\"css-901oao css-16my406 r-poiln3 r-bcqeeo r-qvutc0\"> &#8211; lyssna <a href=\"https:\/\/podcasters.spotify.com\/pod\/show\/sveriges-hembygdsforbund\/episodes\/Framtidens-kulturarv-e20at3k\/a-a9fur63\">h\u00e4r<\/a>!\u00a0<\/span><\/div>\n<\/div>\n<div><\/div>\n<div><\/div>\n<\/div>\n<div id=\"attachment_3020\" style=\"width: 300px\" class=\"wp-caption alignnone\"><a href=\"https:\/\/podcasters.spotify.com\/pod\/show\/sveriges-hembygdsforbund\/episodes\/Framtidens-kulturarv-e20at3k\/a-a9fur63\"><img loading=\"lazy\" decoding=\"async\" aria-describedby=\"caption-attachment-3020\" class=\"size-medium wp-image-3020\" src=\"https:\/\/blogg.lnu.se\/unesco\/wp-content\/blogs.dir\/209\/files\/sites\/209\/2023\/03\/Picture1-1-290x300.png\" alt=\"Podden Resten \u00e4r historia Sveriges hembygdsf\u00f6rbund\" width=\"290\" height=\"300\" srcset=\"https:\/\/blogg.lnu.se\/unesco\/wp-content\/blogs.dir\/209\/files\/sites\/209\/2023\/03\/Picture1-1-290x300.png 290w, https:\/\/blogg.lnu.se\/unesco\/wp-content\/blogs.dir\/209\/files\/sites\/209\/2023\/03\/Picture1-1.png 418w\" sizes=\"auto, (max-width: 290px) 100vw, 290px\" \/><\/a><p id=\"caption-attachment-3020\" class=\"wp-caption-text\">Podden Resten \u00e4r historia, Sveriges hembygdsf\u00f6rbund<\/p><\/div>\n<div><\/div>\n<\/div>\n<\/div>\n<\/div>\n","protected":false},"excerpt":{"rendered":"<p>Hur kan vi t\u00e4nka kring framtidens kulturarv &#8211; och vad kan t\u00e4nkas vara intressant f\u00f6r framtida generationer att bevara? Cornelius Holtorf intervjuas i podden Resten \u00e4r historia fr\u00e5n Sveriges hembygdsf\u00f6rbund &#8211; lyssna h\u00e4r!\u00a0<\/p>\n","protected":false},"author":932,"featured_media":0,"comment_status":"closed","ping_status":"open","sticky":false,"template":"","format":"standard","meta":{"footnotes":""},"categories":[1],"tags":[142,72271,72302,28297],"class_list":["post-3015","post","type-post","status-publish","format-standard","hentry","category-blogg","tag-framtid","tag-kulturarv","tag-sveriges-hembygdsforbund","tag-unesco-chair-on-heritage-futures"],"acf":[],"yoast_head":"<!-- This site is optimized with the Yoast SEO plugin v21.7 - https:\/\/yoast.com\/wordpress\/plugins\/seo\/ -->\r\n<title>Intervju i podd av Sveriges hembygdsf\u00f6rbund - UNESCO<\/title>\r\n<meta name=\"robots\" content=\"index, follow, max-snippet:-1, max-image-preview:large, max-video-preview:-1\" \/>\r\n<link rel=\"canonical\" href=\"https:\/\/blogg.lnu.se\/unesco\/?p=3015\" \/>\r\n<meta property=\"og:locale\" content=\"en_US\" \/>\r\n<meta property=\"og:type\" content=\"article\" \/>\r\n<meta property=\"og:title\" content=\"Intervju i podd av Sveriges hembygdsf\u00f6rbund - UNESCO\" \/>\r\n<meta property=\"og:description\" content=\"Hur kan vi t\u00e4nka kring framtidens kulturarv &#8211; och vad kan t\u00e4nkas vara intressant f\u00f6r framtida generationer att bevara? Cornelius Holtorf intervjuas i podden Resten \u00e4r historia fr\u00e5n Sveriges hembygdsf\u00f6rbund &#8211; lyssna h\u00e4r!\u00a0\" \/>\r\n<meta property=\"og:url\" content=\"https:\/\/blogg.lnu.se\/unesco\/?p=3015\" \/>\r\n<meta property=\"og:site_name\" content=\"UNESCO\" \/>\r\n<meta property=\"article:published_time\" content=\"2023-03-16T12:49:55+00:00\" \/>\r\n<meta property=\"article:modified_time\" content=\"2023-03-16T12:56:27+00:00\" \/>\r\n<meta property=\"og:image\" content=\"https:\/\/blogg.lnu.se\/unesco\/wp-content\/blogs.dir\/209\/files\/sites\/209\/2023\/03\/Picture1-1-290x300.png\" \/>\r\n<meta name=\"author\" content=\"Helena Ryd\u00e9n\" \/>\r\n<meta name=\"twitter:card\" content=\"summary_large_image\" \/>\r\n<meta name=\"twitter:creator\" content=\"@UnescoChairLNU\" \/>\r\n<meta name=\"twitter:label1\" content=\"Written by\" \/>\n\t<meta name=\"twitter:data1\" content=\"Helena Ryd\u00e9n\" \/>\n\t<meta name=\"twitter:label2\" content=\"Est. reading time\" \/>\n\t<meta name=\"twitter:data2\" content=\"1 minute\" \/>\r\n<script type=\"application\/ld+json\" class=\"yoast-schema-graph\">{\"@context\":\"https:\/\/schema.org\",\"@graph\":[{\"@type\":\"WebPage\",\"@id\":\"https:\/\/blogg.lnu.se\/unesco\/?p=3015\",\"url\":\"https:\/\/blogg.lnu.se\/unesco\/?p=3015\",\"name\":\"Intervju i podd av Sveriges hembygdsf\u00f6rbund - UNESCO\",\"isPartOf\":{\"@id\":\"https:\/\/blogg.lnu.se\/unesco\/#website\"},\"datePublished\":\"2023-03-16T12:49:55+00:00\",\"dateModified\":\"2023-03-16T12:56:27+00:00\",\"author\":{\"@id\":\"https:\/\/blogg.lnu.se\/unesco\/#\/schema\/person\/de31efdae235c3484e09113eebd40318\"},\"inLanguage\":\"en-US\",\"potentialAction\":[{\"@type\":\"ReadAction\",\"target\":[\"https:\/\/blogg.lnu.se\/unesco\/?p=3015\"]}]},{\"@type\":\"WebSite\",\"@id\":\"https:\/\/blogg.lnu.se\/unesco\/#website\",\"url\":\"https:\/\/blogg.lnu.se\/unesco\/\",\"name\":\"UNESCO\",\"description\":\"Chair on Heritage Futures\",\"potentialAction\":[{\"@type\":\"SearchAction\",\"target\":{\"@type\":\"EntryPoint\",\"urlTemplate\":\"https:\/\/blogg.lnu.se\/unesco\/?s={search_term_string}\"},\"query-input\":\"required name=search_term_string\"}],\"inLanguage\":\"en-US\"},{\"@type\":\"Person\",\"@id\":\"https:\/\/blogg.lnu.se\/unesco\/#\/schema\/person\/de31efdae235c3484e09113eebd40318\",\"name\":\"Helena Ryd\u00e9n\",\"description\":\"Assistant to the UNESCO Chair on Heritage Futures\",\"sameAs\":[\"https:\/\/lnu.se\/en\/unescochair\",\"https:\/\/twitter.com\/@UnescoChairLNU\",\"@HeritageFutures\"],\"url\":\"https:\/\/blogg.lnu.se\/unesco\/?author=932\"}]}<\/script>\r\n<!-- \/ Yoast SEO plugin. -->","yoast_head_json":{"title":"Intervju i podd av Sveriges hembygdsf\u00f6rbund - UNESCO","robots":{"index":"index","follow":"follow","max-snippet":"max-snippet:-1","max-image-preview":"max-image-preview:large","max-video-preview":"max-video-preview:-1"},"canonical":"https:\/\/blogg.lnu.se\/unesco\/?p=3015","og_locale":"en_US","og_type":"article","og_title":"Intervju i podd av Sveriges hembygdsf\u00f6rbund - UNESCO","og_description":"Hur kan vi t\u00e4nka kring framtidens kulturarv &#8211; och vad kan t\u00e4nkas vara intressant f\u00f6r framtida generationer att bevara? Cornelius Holtorf intervjuas i podden Resten \u00e4r historia fr\u00e5n Sveriges hembygdsf\u00f6rbund &#8211; lyssna h\u00e4r!\u00a0","og_url":"https:\/\/blogg.lnu.se\/unesco\/?p=3015","og_site_name":"UNESCO","article_published_time":"2023-03-16T12:49:55+00:00","article_modified_time":"2023-03-16T12:56:27+00:00","og_image":[{"url":"https:\/\/blogg.lnu.se\/unesco\/wp-content\/blogs.dir\/209\/files\/sites\/209\/2023\/03\/Picture1-1-290x300.png"}],"author":"Helena Ryd\u00e9n","twitter_card":"summary_large_image","twitter_creator":"@UnescoChairLNU","twitter_misc":{"Written by":"Helena Ryd\u00e9n","Est. reading time":"1 minute"},"schema":{"@context":"https:\/\/schema.org","@graph":[{"@type":"WebPage","@id":"https:\/\/blogg.lnu.se\/unesco\/?p=3015","url":"https:\/\/blogg.lnu.se\/unesco\/?p=3015","name":"Intervju i podd av Sveriges hembygdsf\u00f6rbund - UNESCO","isPartOf":{"@id":"https:\/\/blogg.lnu.se\/unesco\/#website"},"datePublished":"2023-03-16T12:49:55+00:00","dateModified":"2023-03-16T12:56:27+00:00","author":{"@id":"https:\/\/blogg.lnu.se\/unesco\/#\/schema\/person\/de31efdae235c3484e09113eebd40318"},"inLanguage":"en-US","potentialAction":[{"@type":"ReadAction","target":["https:\/\/blogg.lnu.se\/unesco\/?p=3015"]}]},{"@type":"WebSite","@id":"https:\/\/blogg.lnu.se\/unesco\/#website","url":"https:\/\/blogg.lnu.se\/unesco\/","name":"UNESCO","description":"Chair on Heritage Futures","potentialAction":[{"@type":"SearchAction","target":{"@type":"EntryPoint","urlTemplate":"https:\/\/blogg.lnu.se\/unesco\/?s={search_term_string}"},"query-input":"required name=search_term_string"}],"inLanguage":"en-US"},{"@type":"Person","@id":"https:\/\/blogg.lnu.se\/unesco\/#\/schema\/person\/de31efdae235c3484e09113eebd40318","name":"Helena Ryd\u00e9n","description":"Assistant to the UNESCO Chair on Heritage Futures","sameAs":["https:\/\/lnu.se\/en\/unescochair","https:\/\/twitter.com\/@UnescoChairLNU","@HeritageFutures"],"url":"https:\/\/blogg.lnu.se\/unesco\/?author=932"}]}},"_links":{"self":[{"href":"https:\/\/blogg.lnu.se\/unesco\/index.php?rest_route=\/wp\/v2\/posts\/3015","targetHints":{"allow":["GET"]}}],"collection":[{"href":"https:\/\/blogg.lnu.se\/unesco\/index.php?rest_route=\/wp\/v2\/posts"}],"about":[{"href":"https:\/\/blogg.lnu.se\/unesco\/index.php?rest_route=\/wp\/v2\/types\/post"}],"author":[{"embeddable":true,"href":"https:\/\/blogg.lnu.se\/unesco\/index.php?rest_route=\/wp\/v2\/users\/932"}],"replies":[{"embeddable":true,"href":"https:\/\/blogg.lnu.se\/unesco\/index.php?rest_route=%2Fwp%2Fv2%2Fcomments&post=3015"}],"version-history":[{"count":7,"href":"https:\/\/blogg.lnu.se\/unesco\/index.php?rest_route=\/wp\/v2\/posts\/3015\/revisions"}],"predecessor-version":[{"id":3024,"href":"https:\/\/blogg.lnu.se\/unesco\/index.php?rest_route=\/wp\/v2\/posts\/3015\/revisions\/3024"}],"wp:attachment":[{"href":"https:\/\/blogg.lnu.se\/unesco\/index.php?rest_route=%2Fwp%2Fv2%2Fmedia&parent=3015"}],"wp:term":[{"taxonomy":"category","embeddable":true,"href":"https:\/\/blogg.lnu.se\/unesco\/index.php?rest_route=%2Fwp%2Fv2%2Fcategories&post=3015"},{"taxonomy":"post_tag","embeddable":true,"href":"https:\/\/blogg.lnu.se\/unesco\/index.php?rest_route=%2Fwp%2Fv2%2Ftags&post=3015"}],"curies":[{"name":"wp","href":"https:\/\/api.w.org\/{rel}","templated":true}]}}