{"id":3176,"date":"2023-06-28T09:57:22","date_gmt":"2023-06-28T08:57:22","guid":{"rendered":"https:\/\/blogg.lnu.se\/unesco\/?p=3176"},"modified":"2023-06-28T09:58:11","modified_gmt":"2023-06-28T08:58:11","slug":"kultur-for-krig","status":"publish","type":"post","link":"https:\/\/blogg.lnu.se\/unesco\/?p=3176","title":{"rendered":"Kultur f\u00f6r krig?"},"content":{"rendered":"\r\n<p>Jag lyssnade imorse p\u00e5 ett seminarium som genomf\u00f6rdes som del av <a href=\"https:\/\/www.kulturialmedalen.se\/kultur-i-almedalen\/program-2023\/\" target=\"_blank\" rel=\"noopener\">Kultur i Almedalen 2023<\/a>. Det handlade om &#8220;En stark kultur \u00e4r ryggraden i ett lands f\u00f6rsvar och krisberedskap&#8221;. De medverkande var Gunvor Kronman (VD, Hanaholmen), Stefan Wallin (tidigare kulturminister och f\u00f6rsvarsminister i Finland), Mikael Br\u00e4nnvall (VD, Svensk Scenkonst) och Gunnar Ardelius (generalsekreterare, Sveriges Museer).<\/p>\r\n<p>Det var mycket samf\u00f6rst\u00e5nd bland alla medverkande att kultur, kulturarv, konst och humanistisk vetenskap bidrar till samh\u00e4llets mentala motst\u00e5ndskraft, t.ex. genom byggande av tillit, samh\u00f6righet och identitetsk\u00e4nsla, som alla skapar samh\u00e4llsresiliens och g\u00f6r kulturen lika viktigt som milit\u00e4ren. I kontrast till Finland, p\u00e5pekades att Sverige har inte kommit lika l\u00e5ngt att integrera kultursektorn i beredskapsplanerna och totalf\u00f6rsvaret. Det kr\u00e4vdes t.o.m. att kultursektorn b\u00f6r f\u00e5 medel fr\u00e5n alla nya storsatsningar p\u00e5 f\u00f6rsvaret!<\/p>\r\n<p>Det som var riktigt skr\u00e4mmande var inte bara en fullst\u00e4ndig brist p\u00e5 m\u00e5ngfald av \u00e5sikter i panelen men \u00e4ven att<\/p>\r\n<ul>\r\n<li>komma ih\u00e5g att samh\u00f6righet i Sverige \u00e4r splittrat och har stora brister s\u00e5 l\u00e4nge det saknas en verklig samh\u00e4llsintegration &#8212; det pratas mycket om klaner och parallella samh\u00e4lsstrukturer, och det \u00e4r bara ett \u00e5r sedan &#8216;p\u00e5skkravallarna&#8217; mellan Svenska muslimer och polisen,<\/li>\r\n<li>ingen ens n\u00e4mnde rollen av kultur i fredsskapande och konfliktl\u00f6sning,<\/li>\r\n<li>kulturens huvuduppgift i fall av krig kan vara att fr\u00e4mja globala perspektiv och humanistiska v\u00e4rden, att bek\u00e4mpa f\u00f6rdomar mot andra samh\u00e4llen och samh\u00e4llsgrupper, och att skapa fred!<\/li>\r\n<li>man var medveten om kulturens betydelse i opinionsbildning och propaganda men inte hur det egna arbete verkar fr\u00e4mja krig snarare \u00e4n fred.<\/li>\r\n<\/ul>\r\n<p>Kultur i Almedalen tar Sverige ett steg n\u00e4rmare till krig och det \u00e4r mycket allvarligt tycker jag. Humaniora och kultur b\u00f6r motst\u00e5 nu den typen retorik!<\/p>\r\n","protected":false},"excerpt":{"rendered":"<p>Jag lyssnade imorse p\u00e5 ett seminarium som genomf\u00f6rdes som del av Kultur i Almedalen 2023. Det handlade om &#8220;En stark kultur \u00e4r ryggraden i ett lands f\u00f6rsvar och krisberedskap&#8221;. De medverkande var Gunvor Kronman (VD, Hanaholmen), Stefan Wallin (tidigare kulturminister och f\u00f6rsvarsminister i Finland), Mikael Br\u00e4nnvall (VD, Svensk Scenkonst) och Gunnar Ardelius (generalsekreterare, Sveriges Museer). [&hellip;]<\/p>\n","protected":false},"author":414,"featured_media":0,"comment_status":"closed","ping_status":"open","sticky":false,"template":"","format":"standard","meta":{"footnotes":""},"categories":[1],"tags":[72314,72245,72313,72316,72315],"class_list":["post-3176","post","type-post","status-publish","format-standard","hentry","category-blogg","tag-beredskap","tag-fred","tag-krig","tag-propaganda","tag-totalforsvar"],"acf":[],"yoast_head":"<!-- This site is optimized with the Yoast SEO plugin v21.7 - https:\/\/yoast.com\/wordpress\/plugins\/seo\/ -->\r\n<title>Kultur f\u00f6r krig? - UNESCO<\/title>\r\n<meta name=\"robots\" content=\"index, follow, max-snippet:-1, max-image-preview:large, max-video-preview:-1\" \/>\r\n<link rel=\"canonical\" href=\"https:\/\/blogg.lnu.se\/unesco\/?p=3176\" \/>\r\n<meta property=\"og:locale\" content=\"en_US\" \/>\r\n<meta property=\"og:type\" content=\"article\" \/>\r\n<meta property=\"og:title\" content=\"Kultur f\u00f6r krig? - UNESCO\" \/>\r\n<meta property=\"og:description\" content=\"Jag lyssnade imorse p\u00e5 ett seminarium som genomf\u00f6rdes som del av Kultur i Almedalen 2023. Det handlade om &#8220;En stark kultur \u00e4r ryggraden i ett lands f\u00f6rsvar och krisberedskap&#8221;. De medverkande var Gunvor Kronman (VD, Hanaholmen), Stefan Wallin (tidigare kulturminister och f\u00f6rsvarsminister i Finland), Mikael Br\u00e4nnvall (VD, Svensk Scenkonst) och Gunnar Ardelius (generalsekreterare, Sveriges Museer). [&hellip;]\" \/>\r\n<meta property=\"og:url\" content=\"https:\/\/blogg.lnu.se\/unesco\/?p=3176\" \/>\r\n<meta property=\"og:site_name\" content=\"UNESCO\" \/>\r\n<meta property=\"article:published_time\" content=\"2023-06-28T08:57:22+00:00\" \/>\r\n<meta property=\"article:modified_time\" content=\"2023-06-28T08:58:11+00:00\" \/>\r\n<meta name=\"author\" content=\"Cornelius Holtorf\" \/>\r\n<meta name=\"twitter:card\" content=\"summary_large_image\" \/>\r\n<meta name=\"twitter:label1\" content=\"Written by\" \/>\n\t<meta name=\"twitter:data1\" content=\"Cornelius Holtorf\" \/>\n\t<meta name=\"twitter:label2\" content=\"Est. reading time\" \/>\n\t<meta name=\"twitter:data2\" content=\"2 minutes\" \/>\r\n<script type=\"application\/ld+json\" class=\"yoast-schema-graph\">{\"@context\":\"https:\/\/schema.org\",\"@graph\":[{\"@type\":\"WebPage\",\"@id\":\"https:\/\/blogg.lnu.se\/unesco\/?p=3176\",\"url\":\"https:\/\/blogg.lnu.se\/unesco\/?p=3176\",\"name\":\"Kultur f\u00f6r krig? - UNESCO\",\"isPartOf\":{\"@id\":\"https:\/\/blogg.lnu.se\/unesco\/#website\"},\"datePublished\":\"2023-06-28T08:57:22+00:00\",\"dateModified\":\"2023-06-28T08:58:11+00:00\",\"author\":{\"@id\":\"https:\/\/blogg.lnu.se\/unesco\/#\/schema\/person\/cf9ab1a3667493a95a6ffb7d71976847\"},\"inLanguage\":\"en-US\",\"potentialAction\":[{\"@type\":\"ReadAction\",\"target\":[\"https:\/\/blogg.lnu.se\/unesco\/?p=3176\"]}]},{\"@type\":\"WebSite\",\"@id\":\"https:\/\/blogg.lnu.se\/unesco\/#website\",\"url\":\"https:\/\/blogg.lnu.se\/unesco\/\",\"name\":\"UNESCO\",\"description\":\"Chair on Heritage Futures\",\"potentialAction\":[{\"@type\":\"SearchAction\",\"target\":{\"@type\":\"EntryPoint\",\"urlTemplate\":\"https:\/\/blogg.lnu.se\/unesco\/?s={search_term_string}\"},\"query-input\":\"required name=search_term_string\"}],\"inLanguage\":\"en-US\"},{\"@type\":\"Person\",\"@id\":\"https:\/\/blogg.lnu.se\/unesco\/#\/schema\/person\/cf9ab1a3667493a95a6ffb7d71976847\",\"name\":\"Cornelius Holtorf\",\"description\":\"In 2017, Linnaeus University in Kalmar, Sweden, was awarded a UNESCO Chair on Heritage Futures. This is one of eight Chairs in Sweden, and the only one within the cultural sector. Cornelius Holtorf, holder of the UNESCO Chair, alongside his team, will continue to generate ideas through this forum.\",\"url\":\"https:\/\/blogg.lnu.se\/unesco\/?author=414\"}]}<\/script>\r\n<!-- \/ Yoast SEO plugin. -->","yoast_head_json":{"title":"Kultur f\u00f6r krig? - UNESCO","robots":{"index":"index","follow":"follow","max-snippet":"max-snippet:-1","max-image-preview":"max-image-preview:large","max-video-preview":"max-video-preview:-1"},"canonical":"https:\/\/blogg.lnu.se\/unesco\/?p=3176","og_locale":"en_US","og_type":"article","og_title":"Kultur f\u00f6r krig? - UNESCO","og_description":"Jag lyssnade imorse p\u00e5 ett seminarium som genomf\u00f6rdes som del av Kultur i Almedalen 2023. Det handlade om &#8220;En stark kultur \u00e4r ryggraden i ett lands f\u00f6rsvar och krisberedskap&#8221;. De medverkande var Gunvor Kronman (VD, Hanaholmen), Stefan Wallin (tidigare kulturminister och f\u00f6rsvarsminister i Finland), Mikael Br\u00e4nnvall (VD, Svensk Scenkonst) och Gunnar Ardelius (generalsekreterare, Sveriges Museer). [&hellip;]","og_url":"https:\/\/blogg.lnu.se\/unesco\/?p=3176","og_site_name":"UNESCO","article_published_time":"2023-06-28T08:57:22+00:00","article_modified_time":"2023-06-28T08:58:11+00:00","author":"Cornelius Holtorf","twitter_card":"summary_large_image","twitter_misc":{"Written by":"Cornelius Holtorf","Est. reading time":"2 minutes"},"schema":{"@context":"https:\/\/schema.org","@graph":[{"@type":"WebPage","@id":"https:\/\/blogg.lnu.se\/unesco\/?p=3176","url":"https:\/\/blogg.lnu.se\/unesco\/?p=3176","name":"Kultur f\u00f6r krig? - UNESCO","isPartOf":{"@id":"https:\/\/blogg.lnu.se\/unesco\/#website"},"datePublished":"2023-06-28T08:57:22+00:00","dateModified":"2023-06-28T08:58:11+00:00","author":{"@id":"https:\/\/blogg.lnu.se\/unesco\/#\/schema\/person\/cf9ab1a3667493a95a6ffb7d71976847"},"inLanguage":"en-US","potentialAction":[{"@type":"ReadAction","target":["https:\/\/blogg.lnu.se\/unesco\/?p=3176"]}]},{"@type":"WebSite","@id":"https:\/\/blogg.lnu.se\/unesco\/#website","url":"https:\/\/blogg.lnu.se\/unesco\/","name":"UNESCO","description":"Chair on Heritage Futures","potentialAction":[{"@type":"SearchAction","target":{"@type":"EntryPoint","urlTemplate":"https:\/\/blogg.lnu.se\/unesco\/?s={search_term_string}"},"query-input":"required name=search_term_string"}],"inLanguage":"en-US"},{"@type":"Person","@id":"https:\/\/blogg.lnu.se\/unesco\/#\/schema\/person\/cf9ab1a3667493a95a6ffb7d71976847","name":"Cornelius Holtorf","description":"In 2017, Linnaeus University in Kalmar, Sweden, was awarded a UNESCO Chair on Heritage Futures. This is one of eight Chairs in Sweden, and the only one within the cultural sector. Cornelius Holtorf, holder of the UNESCO Chair, alongside his team, will continue to generate ideas through this forum.","url":"https:\/\/blogg.lnu.se\/unesco\/?author=414"}]}},"_links":{"self":[{"href":"https:\/\/blogg.lnu.se\/unesco\/index.php?rest_route=\/wp\/v2\/posts\/3176","targetHints":{"allow":["GET"]}}],"collection":[{"href":"https:\/\/blogg.lnu.se\/unesco\/index.php?rest_route=\/wp\/v2\/posts"}],"about":[{"href":"https:\/\/blogg.lnu.se\/unesco\/index.php?rest_route=\/wp\/v2\/types\/post"}],"author":[{"embeddable":true,"href":"https:\/\/blogg.lnu.se\/unesco\/index.php?rest_route=\/wp\/v2\/users\/414"}],"replies":[{"embeddable":true,"href":"https:\/\/blogg.lnu.se\/unesco\/index.php?rest_route=%2Fwp%2Fv2%2Fcomments&post=3176"}],"version-history":[{"count":8,"href":"https:\/\/blogg.lnu.se\/unesco\/index.php?rest_route=\/wp\/v2\/posts\/3176\/revisions"}],"predecessor-version":[{"id":3185,"href":"https:\/\/blogg.lnu.se\/unesco\/index.php?rest_route=\/wp\/v2\/posts\/3176\/revisions\/3185"}],"wp:attachment":[{"href":"https:\/\/blogg.lnu.se\/unesco\/index.php?rest_route=%2Fwp%2Fv2%2Fmedia&parent=3176"}],"wp:term":[{"taxonomy":"category","embeddable":true,"href":"https:\/\/blogg.lnu.se\/unesco\/index.php?rest_route=%2Fwp%2Fv2%2Fcategories&post=3176"},{"taxonomy":"post_tag","embeddable":true,"href":"https:\/\/blogg.lnu.se\/unesco\/index.php?rest_route=%2Fwp%2Fv2%2Ftags&post=3176"}],"curies":[{"name":"wp","href":"https:\/\/api.w.org\/{rel}","templated":true}]}}