{"id":440,"date":"2019-11-18T16:41:01","date_gmt":"2019-11-18T15:41:01","guid":{"rendered":"https:\/\/blogg.lnu.se\/ux\/?p=440"},"modified":"2019-11-22T16:21:41","modified_gmt":"2019-11-22T15:21:41","slug":"forsta-kursdagen-med-andy-priestner","status":"publish","type":"post","link":"https:\/\/blogg.lnu.se\/ux\/?p=440","title":{"rendered":"F\u00f6rsta kursdagen med Andy Priestner"},"content":{"rendered":"<p><img loading=\"lazy\" decoding=\"async\" class=\"alignnone size-medium wp-image-441\" src=\"https:\/\/blogg.lnu.se\/ux\/files\/2019\/11\/IMG_4566-300x262.jpg\" alt=\"\" width=\"300\" height=\"262\" srcset=\"https:\/\/blogg.lnu.se\/ux\/wp-content\/blogs.dir\/212\/files\/sites\/212\/2019\/11\/IMG_4566-300x262.jpg 300w, https:\/\/blogg.lnu.se\/ux\/wp-content\/blogs.dir\/212\/files\/sites\/212\/2019\/11\/IMG_4566-1024x893.jpg 1024w, https:\/\/blogg.lnu.se\/ux\/wp-content\/blogs.dir\/212\/files\/sites\/212\/2019\/11\/IMG_4566-768x669.jpg 768w, https:\/\/blogg.lnu.se\/ux\/wp-content\/blogs.dir\/212\/files\/sites\/212\/2019\/11\/IMG_4566.jpg 1200w\" sizes=\"auto, (max-width: 300px) 100vw, 300px\" \/>I dag har vi p\u00e5b\u00f6rjat v\u00e5r tv\u00e5dagarskurs med Andy Priestner. Vi som \u00e4r med \u00e4r en blandning av kollegor fr\u00e5n olika delar av verksamheten. Det har varit en intensiv dag med b\u00e5de teoretiska och praktiska inslag. Andy har ber\u00e4ttat om m\u00e5nga olika metoder och vi har sj\u00e4lva f\u00e5tt testa cognitive mapping, user journey mapping och idea generation. I dag har vi testat p\u00e5 oss sj\u00e4lva och i morgon \u00e4r det dags att testa p\u00e5 v\u00e5ra anv\u00e4ndare.<\/p>\n<p>V\u00e5r f\u00f6rsta \u00f6vning var att definiera vad UX \u00e4r. Saker som kom fram h\u00e4r var hur UX-metoder kan ge insyn i andra dimensioner \u00e4n enk\u00e4ter och statistik kan, exempelvis vad folk k\u00e4nner och upplever. UX kan dessutom hj\u00e4lpa oss att f\u00e5 syn p\u00e5 vad v\u00e5ra anv\u00e4ndare g\u00f6r och inte enbart vad de s\u00e4ger. Det \u00e4r bra att bli p\u00e5mind om vad som \u00e4r bra med UX-metoder. En viktig po\u00e4ng som Andy hade \u00e4r att UX inte enbart handlar om metoder men ocks\u00e5 om en \u00f6vergripande inst\u00e4llning till v\u00e5ra anv\u00e4ndare och till utveckling av verksamheten.<\/p>\n<p>Andy p\u00e5pekade ocks\u00e5 hur viktigt det \u00e4r att verkligen v\u00e5ga testa och v\u00e5ga g\u00f6ra. Vi ska inte vara r\u00e4dda f\u00f6r att g\u00f6ra misstag! Research och design b\u00f6r dessutom<\/p>\n<p>fungera i ett samspel s\u00e5 att vi inte stannar vid att unders\u00f6ka. D\u00e4r \u00e4r idea generation ett bra verktyg f\u00f6r att komma vidare fr\u00e5n det insamlade materialet till att b\u00e5de skapa nytt och f\u00f6rb\u00e4ttra till exempel befintliga tj\u00e4nster.<\/p>\n<p>Vi f\u00e5r inte heller gl\u00f6mma anv\u00e4ndarnas grundl\u00e4ggande behov. V\u00e4lfungerande toaletter och m\u00f6jlighet att \u00e4ta och dricka \u00e4r viktiga f\u00f6ruts\u00e4ttningar f\u00f6r en bra anv\u00e4ndarupplevelse. Och gl\u00f6m inte att fylla p\u00e5 h\u00e4ftapparaterna \ud83d\ude42<\/p>\n","protected":false},"excerpt":{"rendered":"<p>I dag har vi p\u00e5b\u00f6rjat v\u00e5r tv\u00e5dagarskurs med Andy Priestner. Vi som \u00e4r med \u00e4r en blandning av kollegor fr\u00e5n olika delar av verksamheten. Det har varit en intensiv dag med b\u00e5de teoretiska och praktiska inslag. Andy har ber\u00e4ttat om m\u00e5nga olika metoder och vi har sj\u00e4lva f\u00e5tt testa cognitive mapping, user journey mapping och [&hellip;]<\/p>\n","protected":false},"author":423,"featured_media":0,"comment_status":"open","ping_status":"open","sticky":false,"template":"","format":"standard","meta":{"footnotes":""},"categories":[1],"tags":[],"class_list":["post-440","post","type-post","status-publish","format-standard","hentry","category-blogg"],"acf":[],"yoast_head":"<!-- This site is optimized with the Yoast SEO plugin v21.7 - https:\/\/yoast.com\/wordpress\/plugins\/seo\/ -->\r\n<title>F\u00f6rsta kursdagen med Andy Priestner - UX \u2013 User Experience p\u00e5 universitetsbiblioteket<\/title>\r\n<meta name=\"robots\" content=\"index, follow, max-snippet:-1, max-image-preview:large, max-video-preview:-1\" \/>\r\n<link rel=\"canonical\" href=\"https:\/\/blogg.lnu.se\/ux\/?p=440\" \/>\r\n<meta property=\"og:locale\" content=\"en_US\" \/>\r\n<meta property=\"og:type\" content=\"article\" \/>\r\n<meta property=\"og:title\" content=\"F\u00f6rsta kursdagen med Andy Priestner - UX \u2013 User Experience p\u00e5 universitetsbiblioteket\" \/>\r\n<meta property=\"og:description\" content=\"I dag har vi p\u00e5b\u00f6rjat v\u00e5r tv\u00e5dagarskurs med Andy Priestner. Vi som \u00e4r med \u00e4r en blandning av kollegor fr\u00e5n olika delar av verksamheten. Det har varit en intensiv dag med b\u00e5de teoretiska och praktiska inslag. Andy har ber\u00e4ttat om m\u00e5nga olika metoder och vi har sj\u00e4lva f\u00e5tt testa cognitive mapping, user journey mapping och [&hellip;]\" \/>\r\n<meta property=\"og:url\" content=\"https:\/\/blogg.lnu.se\/ux\/?p=440\" \/>\r\n<meta property=\"og:site_name\" content=\"UX \u2013 User Experience p\u00e5 universitetsbiblioteket\" \/>\r\n<meta property=\"article:published_time\" content=\"2019-11-18T15:41:01+00:00\" \/>\r\n<meta property=\"article:modified_time\" content=\"2019-11-22T15:21:41+00:00\" \/>\r\n<meta property=\"og:image\" content=\"https:\/\/blogg.lnu.se\/ux\/files\/2019\/11\/IMG_4566-300x262.jpg\" \/>\r\n<meta name=\"author\" content=\"Tove Lorentzon\" \/>\r\n<meta name=\"twitter:card\" content=\"summary_large_image\" \/>\r\n<meta name=\"twitter:label1\" content=\"Written by\" \/>\n\t<meta name=\"twitter:data1\" content=\"Tove Lorentzon\" \/>\n\t<meta name=\"twitter:label2\" content=\"Est. reading time\" \/>\n\t<meta name=\"twitter:data2\" content=\"2 minutes\" \/>\r\n<script type=\"application\/ld+json\" class=\"yoast-schema-graph\">{\"@context\":\"https:\/\/schema.org\",\"@graph\":[{\"@type\":\"WebPage\",\"@id\":\"https:\/\/blogg.lnu.se\/ux\/?p=440\",\"url\":\"https:\/\/blogg.lnu.se\/ux\/?p=440\",\"name\":\"F\u00f6rsta kursdagen med Andy Priestner - UX \u2013 User Experience p\u00e5 universitetsbiblioteket\",\"isPartOf\":{\"@id\":\"https:\/\/blogg.lnu.se\/ux\/#website\"},\"datePublished\":\"2019-11-18T15:41:01+00:00\",\"dateModified\":\"2019-11-22T15:21:41+00:00\",\"author\":{\"@id\":\"https:\/\/blogg.lnu.se\/ux\/#\/schema\/person\/df17600e8ea303d202e7d59ac4efebfe\"},\"inLanguage\":\"en-US\",\"potentialAction\":[{\"@type\":\"ReadAction\",\"target\":[\"https:\/\/blogg.lnu.se\/ux\/?p=440\"]}]},{\"@type\":\"WebSite\",\"@id\":\"https:\/\/blogg.lnu.se\/ux\/#website\",\"url\":\"https:\/\/blogg.lnu.se\/ux\/\",\"name\":\"UX \u2013 User Experience p\u00e5 universitetsbiblioteket\",\"description\":\"\",\"potentialAction\":[{\"@type\":\"SearchAction\",\"target\":{\"@type\":\"EntryPoint\",\"urlTemplate\":\"https:\/\/blogg.lnu.se\/ux\/?s={search_term_string}\"},\"query-input\":\"required name=search_term_string\"}],\"inLanguage\":\"en-US\"},{\"@type\":\"Person\",\"@id\":\"https:\/\/blogg.lnu.se\/ux\/#\/schema\/person\/df17600e8ea303d202e7d59ac4efebfe\",\"name\":\"Tove Lorentzon\",\"url\":\"https:\/\/blogg.lnu.se\/ux\/?author=423\"}]}<\/script>\r\n<!-- \/ Yoast SEO plugin. -->","yoast_head_json":{"title":"F\u00f6rsta kursdagen med Andy Priestner - UX \u2013 User Experience p\u00e5 universitetsbiblioteket","robots":{"index":"index","follow":"follow","max-snippet":"max-snippet:-1","max-image-preview":"max-image-preview:large","max-video-preview":"max-video-preview:-1"},"canonical":"https:\/\/blogg.lnu.se\/ux\/?p=440","og_locale":"en_US","og_type":"article","og_title":"F\u00f6rsta kursdagen med Andy Priestner - UX \u2013 User Experience p\u00e5 universitetsbiblioteket","og_description":"I dag har vi p\u00e5b\u00f6rjat v\u00e5r tv\u00e5dagarskurs med Andy Priestner. Vi som \u00e4r med \u00e4r en blandning av kollegor fr\u00e5n olika delar av verksamheten. Det har varit en intensiv dag med b\u00e5de teoretiska och praktiska inslag. Andy har ber\u00e4ttat om m\u00e5nga olika metoder och vi har sj\u00e4lva f\u00e5tt testa cognitive mapping, user journey mapping och [&hellip;]","og_url":"https:\/\/blogg.lnu.se\/ux\/?p=440","og_site_name":"UX \u2013 User Experience p\u00e5 universitetsbiblioteket","article_published_time":"2019-11-18T15:41:01+00:00","article_modified_time":"2019-11-22T15:21:41+00:00","og_image":[{"url":"https:\/\/blogg.lnu.se\/ux\/files\/2019\/11\/IMG_4566-300x262.jpg"}],"author":"Tove Lorentzon","twitter_card":"summary_large_image","twitter_misc":{"Written by":"Tove Lorentzon","Est. reading time":"2 minutes"},"schema":{"@context":"https:\/\/schema.org","@graph":[{"@type":"WebPage","@id":"https:\/\/blogg.lnu.se\/ux\/?p=440","url":"https:\/\/blogg.lnu.se\/ux\/?p=440","name":"F\u00f6rsta kursdagen med Andy Priestner - UX \u2013 User Experience p\u00e5 universitetsbiblioteket","isPartOf":{"@id":"https:\/\/blogg.lnu.se\/ux\/#website"},"datePublished":"2019-11-18T15:41:01+00:00","dateModified":"2019-11-22T15:21:41+00:00","author":{"@id":"https:\/\/blogg.lnu.se\/ux\/#\/schema\/person\/df17600e8ea303d202e7d59ac4efebfe"},"inLanguage":"en-US","potentialAction":[{"@type":"ReadAction","target":["https:\/\/blogg.lnu.se\/ux\/?p=440"]}]},{"@type":"WebSite","@id":"https:\/\/blogg.lnu.se\/ux\/#website","url":"https:\/\/blogg.lnu.se\/ux\/","name":"UX \u2013 User Experience p\u00e5 universitetsbiblioteket","description":"","potentialAction":[{"@type":"SearchAction","target":{"@type":"EntryPoint","urlTemplate":"https:\/\/blogg.lnu.se\/ux\/?s={search_term_string}"},"query-input":"required name=search_term_string"}],"inLanguage":"en-US"},{"@type":"Person","@id":"https:\/\/blogg.lnu.se\/ux\/#\/schema\/person\/df17600e8ea303d202e7d59ac4efebfe","name":"Tove Lorentzon","url":"https:\/\/blogg.lnu.se\/ux\/?author=423"}]}},"_links":{"self":[{"href":"https:\/\/blogg.lnu.se\/ux\/index.php?rest_route=\/wp\/v2\/posts\/440","targetHints":{"allow":["GET"]}}],"collection":[{"href":"https:\/\/blogg.lnu.se\/ux\/index.php?rest_route=\/wp\/v2\/posts"}],"about":[{"href":"https:\/\/blogg.lnu.se\/ux\/index.php?rest_route=\/wp\/v2\/types\/post"}],"author":[{"embeddable":true,"href":"https:\/\/blogg.lnu.se\/ux\/index.php?rest_route=\/wp\/v2\/users\/423"}],"replies":[{"embeddable":true,"href":"https:\/\/blogg.lnu.se\/ux\/index.php?rest_route=%2Fwp%2Fv2%2Fcomments&post=440"}],"version-history":[{"count":1,"href":"https:\/\/blogg.lnu.se\/ux\/index.php?rest_route=\/wp\/v2\/posts\/440\/revisions"}],"predecessor-version":[{"id":442,"href":"https:\/\/blogg.lnu.se\/ux\/index.php?rest_route=\/wp\/v2\/posts\/440\/revisions\/442"}],"wp:attachment":[{"href":"https:\/\/blogg.lnu.se\/ux\/index.php?rest_route=%2Fwp%2Fv2%2Fmedia&parent=440"}],"wp:term":[{"taxonomy":"category","embeddable":true,"href":"https:\/\/blogg.lnu.se\/ux\/index.php?rest_route=%2Fwp%2Fv2%2Fcategories&post=440"},{"taxonomy":"post_tag","embeddable":true,"href":"https:\/\/blogg.lnu.se\/ux\/index.php?rest_route=%2Fwp%2Fv2%2Ftags&post=440"}],"curies":[{"name":"wp","href":"https:\/\/api.w.org\/{rel}","templated":true}]}}