{"id":506,"date":"2020-01-31T10:00:40","date_gmt":"2020-01-31T09:00:40","guid":{"rendered":"https:\/\/blogg.lnu.se\/ux\/?p=506"},"modified":"2020-02-04T14:01:22","modified_gmt":"2020-02-04T13:01:22","slug":"decenniets-forsta-ux-mote","status":"publish","type":"post","link":"https:\/\/blogg.lnu.se\/ux\/?p=506","title":{"rendered":"Decenniets f\u00f6rsta UX-m\u00f6te"},"content":{"rendered":"<p><img loading=\"lazy\" decoding=\"async\" class=\"alignnone size-medium wp-image-508\" src=\"https:\/\/blogg.lnu.se\/ux\/files\/2020\/02\/IMG_5265-148x300.jpg\" alt=\"\" width=\"148\" height=\"300\" srcset=\"https:\/\/blogg.lnu.se\/ux\/wp-content\/blogs.dir\/212\/files\/sites\/212\/2020\/02\/IMG_5265-148x300.jpg 148w, https:\/\/blogg.lnu.se\/ux\/wp-content\/blogs.dir\/212\/files\/sites\/212\/2020\/02\/IMG_5265.jpg 316w\" sizes=\"auto, (max-width: 148px) 100vw, 148px\" \/><\/p>\n<p>I g\u00e5r tr\u00e4ffades vi i UX-gruppen f\u00f6r v\u00e5rt f\u00f6rsta m\u00f6te i det nya decenniet. P\u00e5 m\u00f6tet deltog ocks\u00e5 tv\u00e5 kollegor fr\u00e5n Kommunikationsavdelningen som var med p\u00e5 utbildningen med Andy Priestner i h\u00f6stas. Tillsammans tittade vi p\u00e5 det insamlade materialet fr\u00e5n utbildningsdagarna. Vi delade in materialet i f\u00f6rh\u00e5llande till vilken personalgrupp hos oss som ansvarar f\u00f6r den eller de delar av verksamheten som ber\u00f6rs.<\/p>\n<p><img loading=\"lazy\" decoding=\"async\" class=\"alignnone size-medium wp-image-507\" src=\"https:\/\/blogg.lnu.se\/ux\/files\/2020\/02\/IMG_5259-259x300.jpg\" alt=\"\" width=\"259\" height=\"300\" srcset=\"https:\/\/blogg.lnu.se\/ux\/wp-content\/blogs.dir\/212\/files\/sites\/212\/2020\/02\/IMG_5259-259x300.jpg 259w, https:\/\/blogg.lnu.se\/ux\/wp-content\/blogs.dir\/212\/files\/sites\/212\/2020\/02\/IMG_5259.jpg 410w\" sizes=\"auto, (max-width: 259px) 100vw, 259px\" \/><\/p>\n<p>Denna f\u00f6rdelning av det insamlade materialet \u00e4r i tr\u00e5d med v\u00e5rt lite f\u00f6r\u00e4ndrade f\u00f6rh\u00e5llningss\u00e4tt, n\u00e4mligen att fler kollegor\u00a0\u00e4n vi som ing\u00e5r i UX-gruppen ska arbeta med anv\u00e4ndarcentrerade metoder. H\u00f6stens utbildning var ocks\u00e5 ett steg i denna process. I samband med att fler kollegor ska involveras och sj\u00e4lva genomf\u00f6ra unders\u00f6kningar \u00e4ndras v\u00e5r roll i UX-gruppen. Fram\u00f6ver kommer vi fr\u00e4mst att agera som ett st\u00f6d till v\u00e5ra kollegor i arbetet med anv\u00e4ndarcentrerade metoder.<\/p>\n<p>Under m\u00f6tet diskuterade vi ocks\u00e5 vidare m\u00f6jligheter till samarbete mellan Universitetsbiblioteket och Kommunikationsavdelningen. H\u00e4r finns det sp\u00e4nnande m\u00f6jligheter, inte minst n\u00e4r det g\u00e4ller Wayfinding.<\/p>\n","protected":false},"excerpt":{"rendered":"<p>I g\u00e5r tr\u00e4ffades vi i UX-gruppen f\u00f6r v\u00e5rt f\u00f6rsta m\u00f6te i det nya decenniet. P\u00e5 m\u00f6tet deltog ocks\u00e5 tv\u00e5 kollegor fr\u00e5n Kommunikationsavdelningen som var med p\u00e5 utbildningen med Andy Priestner i h\u00f6stas. Tillsammans tittade vi p\u00e5 det insamlade materialet fr\u00e5n utbildningsdagarna. Vi delade in materialet i f\u00f6rh\u00e5llande till vilken personalgrupp hos oss som ansvarar f\u00f6r [&hellip;]<\/p>\n","protected":false},"author":1110,"featured_media":0,"comment_status":"open","ping_status":"open","sticky":false,"template":"","format":"standard","meta":{"footnotes":""},"categories":[1],"tags":[],"class_list":["post-506","post","type-post","status-publish","format-standard","hentry","category-blogg"],"acf":[],"yoast_head":"<!-- This site is optimized with the Yoast SEO plugin v21.7 - https:\/\/yoast.com\/wordpress\/plugins\/seo\/ -->\r\n<title>Decenniets f\u00f6rsta UX-m\u00f6te - UX \u2013 User Experience p\u00e5 universitetsbiblioteket<\/title>\r\n<meta name=\"robots\" content=\"index, follow, max-snippet:-1, max-image-preview:large, max-video-preview:-1\" \/>\r\n<link rel=\"canonical\" href=\"https:\/\/blogg.lnu.se\/ux\/?p=506\" \/>\r\n<meta property=\"og:locale\" content=\"en_US\" \/>\r\n<meta property=\"og:type\" content=\"article\" \/>\r\n<meta property=\"og:title\" content=\"Decenniets f\u00f6rsta UX-m\u00f6te - UX \u2013 User Experience p\u00e5 universitetsbiblioteket\" \/>\r\n<meta property=\"og:description\" content=\"I g\u00e5r tr\u00e4ffades vi i UX-gruppen f\u00f6r v\u00e5rt f\u00f6rsta m\u00f6te i det nya decenniet. P\u00e5 m\u00f6tet deltog ocks\u00e5 tv\u00e5 kollegor fr\u00e5n Kommunikationsavdelningen som var med p\u00e5 utbildningen med Andy Priestner i h\u00f6stas. Tillsammans tittade vi p\u00e5 det insamlade materialet fr\u00e5n utbildningsdagarna. Vi delade in materialet i f\u00f6rh\u00e5llande till vilken personalgrupp hos oss som ansvarar f\u00f6r [&hellip;]\" \/>\r\n<meta property=\"og:url\" content=\"https:\/\/blogg.lnu.se\/ux\/?p=506\" \/>\r\n<meta property=\"og:site_name\" content=\"UX \u2013 User Experience p\u00e5 universitetsbiblioteket\" \/>\r\n<meta property=\"article:published_time\" content=\"2020-01-31T09:00:40+00:00\" \/>\r\n<meta property=\"article:modified_time\" content=\"2020-02-04T13:01:22+00:00\" \/>\r\n<meta property=\"og:image\" content=\"https:\/\/blogg.lnu.se\/ux\/files\/2020\/02\/IMG_5265-148x300.jpg\" \/>\r\n<meta name=\"author\" content=\"cefoaa\" \/>\r\n<meta name=\"twitter:card\" content=\"summary_large_image\" \/>\r\n<meta name=\"twitter:label1\" content=\"Written by\" \/>\n\t<meta name=\"twitter:data1\" content=\"cefoaa\" \/>\n\t<meta name=\"twitter:label2\" content=\"Est. reading time\" \/>\n\t<meta name=\"twitter:data2\" content=\"1 minute\" \/>\r\n<script type=\"application\/ld+json\" class=\"yoast-schema-graph\">{\"@context\":\"https:\/\/schema.org\",\"@graph\":[{\"@type\":\"WebPage\",\"@id\":\"https:\/\/blogg.lnu.se\/ux\/?p=506\",\"url\":\"https:\/\/blogg.lnu.se\/ux\/?p=506\",\"name\":\"Decenniets f\u00f6rsta UX-m\u00f6te - UX \u2013 User Experience p\u00e5 universitetsbiblioteket\",\"isPartOf\":{\"@id\":\"https:\/\/blogg.lnu.se\/ux\/#website\"},\"datePublished\":\"2020-01-31T09:00:40+00:00\",\"dateModified\":\"2020-02-04T13:01:22+00:00\",\"author\":{\"@id\":\"https:\/\/blogg.lnu.se\/ux\/#\/schema\/person\/8f2a06d19130279ab09acc20272da4d6\"},\"inLanguage\":\"en-US\",\"potentialAction\":[{\"@type\":\"ReadAction\",\"target\":[\"https:\/\/blogg.lnu.se\/ux\/?p=506\"]}]},{\"@type\":\"WebSite\",\"@id\":\"https:\/\/blogg.lnu.se\/ux\/#website\",\"url\":\"https:\/\/blogg.lnu.se\/ux\/\",\"name\":\"UX \u2013 User Experience p\u00e5 universitetsbiblioteket\",\"description\":\"\",\"potentialAction\":[{\"@type\":\"SearchAction\",\"target\":{\"@type\":\"EntryPoint\",\"urlTemplate\":\"https:\/\/blogg.lnu.se\/ux\/?s={search_term_string}\"},\"query-input\":\"required name=search_term_string\"}],\"inLanguage\":\"en-US\"},{\"@type\":\"Person\",\"@id\":\"https:\/\/blogg.lnu.se\/ux\/#\/schema\/person\/8f2a06d19130279ab09acc20272da4d6\",\"name\":\"cefoaa\",\"url\":\"https:\/\/blogg.lnu.se\/ux\/?author=1110\"}]}<\/script>\r\n<!-- \/ Yoast SEO plugin. -->","yoast_head_json":{"title":"Decenniets f\u00f6rsta UX-m\u00f6te - UX \u2013 User Experience p\u00e5 universitetsbiblioteket","robots":{"index":"index","follow":"follow","max-snippet":"max-snippet:-1","max-image-preview":"max-image-preview:large","max-video-preview":"max-video-preview:-1"},"canonical":"https:\/\/blogg.lnu.se\/ux\/?p=506","og_locale":"en_US","og_type":"article","og_title":"Decenniets f\u00f6rsta UX-m\u00f6te - UX \u2013 User Experience p\u00e5 universitetsbiblioteket","og_description":"I g\u00e5r tr\u00e4ffades vi i UX-gruppen f\u00f6r v\u00e5rt f\u00f6rsta m\u00f6te i det nya decenniet. P\u00e5 m\u00f6tet deltog ocks\u00e5 tv\u00e5 kollegor fr\u00e5n Kommunikationsavdelningen som var med p\u00e5 utbildningen med Andy Priestner i h\u00f6stas. Tillsammans tittade vi p\u00e5 det insamlade materialet fr\u00e5n utbildningsdagarna. Vi delade in materialet i f\u00f6rh\u00e5llande till vilken personalgrupp hos oss som ansvarar f\u00f6r [&hellip;]","og_url":"https:\/\/blogg.lnu.se\/ux\/?p=506","og_site_name":"UX \u2013 User Experience p\u00e5 universitetsbiblioteket","article_published_time":"2020-01-31T09:00:40+00:00","article_modified_time":"2020-02-04T13:01:22+00:00","og_image":[{"url":"https:\/\/blogg.lnu.se\/ux\/files\/2020\/02\/IMG_5265-148x300.jpg"}],"author":"cefoaa","twitter_card":"summary_large_image","twitter_misc":{"Written by":"cefoaa","Est. reading time":"1 minute"},"schema":{"@context":"https:\/\/schema.org","@graph":[{"@type":"WebPage","@id":"https:\/\/blogg.lnu.se\/ux\/?p=506","url":"https:\/\/blogg.lnu.se\/ux\/?p=506","name":"Decenniets f\u00f6rsta UX-m\u00f6te - UX \u2013 User Experience p\u00e5 universitetsbiblioteket","isPartOf":{"@id":"https:\/\/blogg.lnu.se\/ux\/#website"},"datePublished":"2020-01-31T09:00:40+00:00","dateModified":"2020-02-04T13:01:22+00:00","author":{"@id":"https:\/\/blogg.lnu.se\/ux\/#\/schema\/person\/8f2a06d19130279ab09acc20272da4d6"},"inLanguage":"en-US","potentialAction":[{"@type":"ReadAction","target":["https:\/\/blogg.lnu.se\/ux\/?p=506"]}]},{"@type":"WebSite","@id":"https:\/\/blogg.lnu.se\/ux\/#website","url":"https:\/\/blogg.lnu.se\/ux\/","name":"UX \u2013 User Experience p\u00e5 universitetsbiblioteket","description":"","potentialAction":[{"@type":"SearchAction","target":{"@type":"EntryPoint","urlTemplate":"https:\/\/blogg.lnu.se\/ux\/?s={search_term_string}"},"query-input":"required name=search_term_string"}],"inLanguage":"en-US"},{"@type":"Person","@id":"https:\/\/blogg.lnu.se\/ux\/#\/schema\/person\/8f2a06d19130279ab09acc20272da4d6","name":"cefoaa","url":"https:\/\/blogg.lnu.se\/ux\/?author=1110"}]}},"_links":{"self":[{"href":"https:\/\/blogg.lnu.se\/ux\/index.php?rest_route=\/wp\/v2\/posts\/506","targetHints":{"allow":["GET"]}}],"collection":[{"href":"https:\/\/blogg.lnu.se\/ux\/index.php?rest_route=\/wp\/v2\/posts"}],"about":[{"href":"https:\/\/blogg.lnu.se\/ux\/index.php?rest_route=\/wp\/v2\/types\/post"}],"author":[{"embeddable":true,"href":"https:\/\/blogg.lnu.se\/ux\/index.php?rest_route=\/wp\/v2\/users\/1110"}],"replies":[{"embeddable":true,"href":"https:\/\/blogg.lnu.se\/ux\/index.php?rest_route=%2Fwp%2Fv2%2Fcomments&post=506"}],"version-history":[{"count":5,"href":"https:\/\/blogg.lnu.se\/ux\/index.php?rest_route=\/wp\/v2\/posts\/506\/revisions"}],"predecessor-version":[{"id":512,"href":"https:\/\/blogg.lnu.se\/ux\/index.php?rest_route=\/wp\/v2\/posts\/506\/revisions\/512"}],"wp:attachment":[{"href":"https:\/\/blogg.lnu.se\/ux\/index.php?rest_route=%2Fwp%2Fv2%2Fmedia&parent=506"}],"wp:term":[{"taxonomy":"category","embeddable":true,"href":"https:\/\/blogg.lnu.se\/ux\/index.php?rest_route=%2Fwp%2Fv2%2Fcategories&post=506"},{"taxonomy":"post_tag","embeddable":true,"href":"https:\/\/blogg.lnu.se\/ux\/index.php?rest_route=%2Fwp%2Fv2%2Ftags&post=506"}],"curies":[{"name":"wp","href":"https:\/\/api.w.org\/{rel}","templated":true}]}}