{"id":516,"date":"2020-02-28T13:57:01","date_gmt":"2020-02-28T12:57:01","guid":{"rendered":"https:\/\/blogg.lnu.se\/ux\/?p=516"},"modified":"2020-02-28T13:57:01","modified_gmt":"2020-02-28T12:57:01","slug":"anvandarundersokningar-infor-universitetskajen","status":"publish","type":"post","link":"https:\/\/blogg.lnu.se\/ux\/?p=516","title":{"rendered":"Anv\u00e4ndarunders\u00f6kningar inf\u00f6r universitetskajen"},"content":{"rendered":"<p>Denna veckan har UX-gruppen, samordningsgruppen f\u00f6r flytten samt uppdragsgruppen f\u00f6r handledningytan p\u00e5 Kajen haft ett heldagsm\u00f6te f\u00f6r att planera anv\u00e4ndarunders\u00f6kningar kopplade till UB:s erbjudande av st\u00f6d och service p\u00e5 Universitetskajen. Anv\u00e4ndarunders\u00f6kningarna genomf\u00f6rs under mars m\u00e5nad.<\/p>\n<p><img loading=\"lazy\" decoding=\"async\" class=\"wp-image-517 alignleft\" src=\"https:\/\/blogg.lnu.se\/ux\/files\/2020\/02\/88092223_1856265707836964_1742004628922302464_n-225x300.jpg\" alt=\"\" width=\"220\" height=\"293\" srcset=\"https:\/\/blogg.lnu.se\/ux\/wp-content\/blogs.dir\/212\/files\/sites\/212\/2020\/02\/88092223_1856265707836964_1742004628922302464_n-225x300.jpg 225w, https:\/\/blogg.lnu.se\/ux\/wp-content\/blogs.dir\/212\/files\/sites\/212\/2020\/02\/88092223_1856265707836964_1742004628922302464_n-768x1024.jpg 768w, https:\/\/blogg.lnu.se\/ux\/wp-content\/blogs.dir\/212\/files\/sites\/212\/2020\/02\/88092223_1856265707836964_1742004628922302464_n.jpg 900w\" sizes=\"auto, (max-width: 220px) 100vw, 220px\" \/><\/p>\n<p>&nbsp;<\/p>\n<p>&nbsp;<\/p>\n<p>&nbsp;<\/p>\n<p>&nbsp;<\/p>\n<p>&nbsp;<\/p>\n<p>&nbsp;<\/p>\n<p>&nbsp;<\/p>\n<p>&nbsp;<\/p>\n<p><em>V\u00e5rt fokus \u00e4r:\u00a0<\/em><\/p>\n<ul>\n<li id=\"magicdomid5\" class=\"ace-line\" data-node-type=\"line\"><span class=\"author-3079723810\">Vilka behov tar vi hand om?<\/span><\/li>\n<li class=\"ace-line\" data-node-type=\"line\">Vilka behov har studenten?<\/li>\n<li class=\"ace-line\" data-node-type=\"line\">Vilka f\u00f6rv\u00e4ntningar finns?<\/li>\n<\/ul>\n<div class=\"ace-line\" data-node-type=\"line\"><span class=\"author-3079723810\">\u00a0 \u00a0Behov och attityder\u00a0 &#8211; <\/span><span class=\"author-3079723810\">What people are really doing and what people say that they are doing.\u00a0<\/span><\/div>\n<div data-node-type=\"line\">\n<p><img loading=\"lazy\" decoding=\"async\" class=\"size-medium wp-image-518 alignnone\" src=\"https:\/\/blogg.lnu.se\/ux\/files\/2020\/02\/87721003_676410626232137_474642973389225984_n-225x300.jpg\" alt=\"\" width=\"225\" height=\"300\" srcset=\"https:\/\/blogg.lnu.se\/ux\/wp-content\/blogs.dir\/212\/files\/sites\/212\/2020\/02\/87721003_676410626232137_474642973389225984_n-225x300.jpg 225w, https:\/\/blogg.lnu.se\/ux\/wp-content\/blogs.dir\/212\/files\/sites\/212\/2020\/02\/87721003_676410626232137_474642973389225984_n-768x1024.jpg 768w, https:\/\/blogg.lnu.se\/ux\/wp-content\/blogs.dir\/212\/files\/sites\/212\/2020\/02\/87721003_676410626232137_474642973389225984_n.jpg 900w\" sizes=\"auto, (max-width: 225px) 100vw, 225px\" \/><\/p>\n<p><em>Tidigare insamlat material:\u00a0<\/em><\/p>\n<\/div>\n<ul>\n<li data-node-type=\"line\">Linn\u00e9barometern<\/li>\n<li data-node-type=\"line\">Analysrapporten av texthandledning och bokad s\u00f6khj\u00e4lp<\/li>\n<li data-node-type=\"line\">Statistiken fr\u00e5n Drop-in<\/li>\n<li data-node-type=\"line\">Bokningar s\u00f6khj\u00e4lp<\/li>\n<li data-node-type=\"line\">Bokningar studieverkstaden (senaste tre m\u00e5naderna)<\/li>\n<li data-node-type=\"line\">Inkommande chattar<\/li>\n<\/ul>\n<div data-node-type=\"line\"><em>Ut\u00f6ver det har vi valt att komplettera med f\u00f6ljande metoder<\/em>:<\/div>\n<p><strong>Fotodagbo<\/strong><strong>k: <\/strong>studenter fr\u00e5n olika fakulteter fotograferar sin studievardag under en vecka. D\u00e4refter tr\u00e4ffar de n\u00e5gon av oss f\u00f6r en kortare intervju d\u00e4r de ber\u00e4ttar om sina bilder. P\u00e5 detta s\u00e4tt placerar vi\u00a0 UB i ett st\u00f6rre studerandesammanhang. G\u00f6teborgs UB har tidigare genomf\u00f6rt fotodagbok med funka-studenter de har v\u00e4nligt nog delat sitt resultat med oss.<\/p>\n<p><strong>Gerillaintervjuer: <\/strong>snabba korta intervjuer d\u00e4r vi haffar studenter p\u00e5 spr\u00e5ng. Genomf\u00f6rs p\u00e5 UB samt nere p\u00e5 Universitetskajen.<\/p>\n<p><em>Fr\u00e5gor p\u00e5 Kajen:<\/em><\/p>\n<ul>\n<li id=\"magicdomid15\" class=\"ace-line\" data-node-type=\"line\"><span class=\"author-238875722 font-color-000000 font-size-medium\">UB flyttar snart ner till Universitetskajen. Hur vill du ha hj\u00e4lp av oss d\u00e5?<\/span><\/li>\n<li class=\"ace-line\" data-node-type=\"line\">Saknar du UB h\u00e4r nere idag? Om ja, vad saknar du? Om nej, varf\u00f6r inte?<\/li>\n<\/ul>\n<p><em>Fr\u00e5gor p\u00e5 UB:<\/em><\/p>\n<ul>\n<li id=\"magicdomid29\" class=\"ace-line\" data-node-type=\"line\"><span class=\"author-238875722 font-color-000000 font-size-medium\">Vad g\u00f6r du p\u00e5 UB idag?<\/span><\/li>\n<li class=\"ace-line\" data-node-type=\"line\">Har du n\u00e5gon g\u00e5ng fr\u00e5gat personalen om hj\u00e4lp?<\/li>\n<\/ul>\n<p><strong>Kognitiva kartor:\u00a0<\/strong>Vi s\u00e4tter upp en bemannad station f\u00f6r kartritning. Bemannad f\u00f6r att kunna f\u00e5 en f\u00f6rklaring till teckningarna.<br \/>\n<em>Rita:<\/em> <span class=\"author-227406039 font-color-000000 font-size-medium\">Hur anv\u00e4nder du bibliotekets tj\u00e4nster som student? alt.\u00a0Vad betyder biblioteket f\u00f6r dig?<\/span><\/p>\n<p><strong>Fr\u00e5ga p\u00e5 whiteboard<\/strong> (fysiskt p\u00e5 b\u00e5da orterna): Fr\u00e5gorna byts varje vecka.<\/p>\n<p><strong>Pop-up fr\u00e5ga<\/strong> (webben): Som komplement till whiteboarden som bara n\u00e5r v\u00e5ra fysiska bes\u00f6kare.<br \/>\n<span class=\"author-238875722 font-color-000000 font-size-medium\"><em>Fr\u00e5gor:<\/em> <span class=\"author-227406039 font-color-000000 font-size-medium\">\u00c4r du: student, anst\u00e4lld, allm\u00e4nhet? <\/span>Varf\u00f6r bes\u00f6ker du UB:s webbsida nu? <\/span><span class=\"author-238875722 font-color-000000 font-size-medium\">Vilken hj\u00e4lp beh\u00f6ver du fr\u00e5n UB?<br \/>\nDe tv\u00e5 senare med fritextsvar.\u00a0<\/span><\/p>\n<p><strong>Dutt-metoden: <\/strong>Whiteboard eller bl\u00e4dderblock placeras ut tillsammans med en fr\u00e5ga med olika alternativ. Anv\u00e4ndaren s\u00e4tter en &#8220;dutt&#8221; p\u00e5 alternativen som f\u00f6redras. <em>Fr\u00e5ga:<\/em> hur vill du helst ha hj\u00e4lp av oss?<\/p>\n<p><strong>Fr\u00e5geformul\u00e4r<\/strong> (fr\u00e5gor i informationsdisken): Liknande referensfr\u00e5gem\u00e4tningen, men detta sker under tv\u00e5 veckor och g\u00e4ller alla fr\u00e5gor vi f\u00e5r i informationen.<\/p>\n<p><img loading=\"lazy\" decoding=\"async\" class=\"alignnone size-medium wp-image-519\" src=\"https:\/\/blogg.lnu.se\/ux\/files\/2020\/02\/88083399_2816722248435939_1421719992717541376_n-225x300.jpg\" alt=\"\" width=\"225\" height=\"300\" srcset=\"https:\/\/blogg.lnu.se\/ux\/wp-content\/blogs.dir\/212\/files\/sites\/212\/2020\/02\/88083399_2816722248435939_1421719992717541376_n-225x300.jpg 225w, https:\/\/blogg.lnu.se\/ux\/wp-content\/blogs.dir\/212\/files\/sites\/212\/2020\/02\/88083399_2816722248435939_1421719992717541376_n-768x1024.jpg 768w, https:\/\/blogg.lnu.se\/ux\/wp-content\/blogs.dir\/212\/files\/sites\/212\/2020\/02\/88083399_2816722248435939_1421719992717541376_n.jpg 900w\" sizes=\"auto, (max-width: 225px) 100vw, 225px\" \/><\/p>\n<p>Genom dessa metoder samt tidigare insamlat material hoppas vi f\u00e5 en bra inblick i anv\u00e4ndarens behov f\u00f6r att d\u00e4refter kunna designa v\u00e5rt st\u00f6d och kommande erbjudande i b\u00e5de first- och secondline.<\/p>\n","protected":false},"excerpt":{"rendered":"<p>Denna veckan har UX-gruppen, samordningsgruppen f\u00f6r flytten samt uppdragsgruppen f\u00f6r handledningytan p\u00e5 Kajen haft ett heldagsm\u00f6te f\u00f6r att planera anv\u00e4ndarunders\u00f6kningar kopplade till UB:s erbjudande av st\u00f6d och service p\u00e5 Universitetskajen. Anv\u00e4ndarunders\u00f6kningarna genomf\u00f6rs under mars m\u00e5nad. &nbsp; &nbsp; &nbsp; &nbsp; &nbsp; &nbsp; &nbsp; &nbsp; V\u00e5rt fokus \u00e4r:\u00a0 Vilka behov tar vi hand om? Vilka behov har [&hellip;]<\/p>\n","protected":false},"author":437,"featured_media":0,"comment_status":"open","ping_status":"open","sticky":false,"template":"","format":"standard","meta":{"footnotes":""},"categories":[1],"tags":[],"class_list":["post-516","post","type-post","status-publish","format-standard","hentry","category-blogg"],"acf":[],"yoast_head":"<!-- This site is optimized with the Yoast SEO plugin v21.7 - https:\/\/yoast.com\/wordpress\/plugins\/seo\/ -->\r\n<title>Anv\u00e4ndarunders\u00f6kningar inf\u00f6r universitetskajen - UX \u2013 User Experience p\u00e5 universitetsbiblioteket<\/title>\r\n<meta name=\"robots\" content=\"index, follow, max-snippet:-1, max-image-preview:large, max-video-preview:-1\" \/>\r\n<link rel=\"canonical\" href=\"https:\/\/blogg.lnu.se\/ux\/?p=516\" \/>\r\n<meta property=\"og:locale\" content=\"en_US\" \/>\r\n<meta property=\"og:type\" content=\"article\" \/>\r\n<meta property=\"og:title\" content=\"Anv\u00e4ndarunders\u00f6kningar inf\u00f6r universitetskajen - UX \u2013 User Experience p\u00e5 universitetsbiblioteket\" \/>\r\n<meta property=\"og:description\" content=\"Denna veckan har UX-gruppen, samordningsgruppen f\u00f6r flytten samt uppdragsgruppen f\u00f6r handledningytan p\u00e5 Kajen haft ett heldagsm\u00f6te f\u00f6r att planera anv\u00e4ndarunders\u00f6kningar kopplade till UB:s erbjudande av st\u00f6d och service p\u00e5 Universitetskajen. Anv\u00e4ndarunders\u00f6kningarna genomf\u00f6rs under mars m\u00e5nad. &nbsp; &nbsp; &nbsp; &nbsp; &nbsp; &nbsp; &nbsp; &nbsp; V\u00e5rt fokus \u00e4r:\u00a0 Vilka behov tar vi hand om? Vilka behov har [&hellip;]\" \/>\r\n<meta property=\"og:url\" content=\"https:\/\/blogg.lnu.se\/ux\/?p=516\" \/>\r\n<meta property=\"og:site_name\" content=\"UX \u2013 User Experience p\u00e5 universitetsbiblioteket\" \/>\r\n<meta property=\"article:published_time\" content=\"2020-02-28T12:57:01+00:00\" \/>\r\n<meta property=\"og:image\" content=\"https:\/\/blogg.lnu.se\/ux\/files\/2020\/02\/88092223_1856265707836964_1742004628922302464_n-225x300.jpg\" \/>\r\n<meta name=\"author\" content=\"jopaaa\" \/>\r\n<meta name=\"twitter:card\" content=\"summary_large_image\" \/>\r\n<meta name=\"twitter:label1\" content=\"Written by\" \/>\n\t<meta name=\"twitter:data1\" content=\"jopaaa\" \/>\n\t<meta name=\"twitter:label2\" content=\"Est. reading time\" \/>\n\t<meta name=\"twitter:data2\" content=\"2 minutes\" \/>\r\n<script type=\"application\/ld+json\" class=\"yoast-schema-graph\">{\"@context\":\"https:\/\/schema.org\",\"@graph\":[{\"@type\":\"WebPage\",\"@id\":\"https:\/\/blogg.lnu.se\/ux\/?p=516\",\"url\":\"https:\/\/blogg.lnu.se\/ux\/?p=516\",\"name\":\"Anv\u00e4ndarunders\u00f6kningar inf\u00f6r universitetskajen - UX \u2013 User Experience p\u00e5 universitetsbiblioteket\",\"isPartOf\":{\"@id\":\"https:\/\/blogg.lnu.se\/ux\/#website\"},\"datePublished\":\"2020-02-28T12:57:01+00:00\",\"dateModified\":\"2020-02-28T12:57:01+00:00\",\"author\":{\"@id\":\"https:\/\/blogg.lnu.se\/ux\/#\/schema\/person\/3723cd8bd21befbc9f793b850a844fd4\"},\"inLanguage\":\"en-US\",\"potentialAction\":[{\"@type\":\"ReadAction\",\"target\":[\"https:\/\/blogg.lnu.se\/ux\/?p=516\"]}]},{\"@type\":\"WebSite\",\"@id\":\"https:\/\/blogg.lnu.se\/ux\/#website\",\"url\":\"https:\/\/blogg.lnu.se\/ux\/\",\"name\":\"UX \u2013 User Experience p\u00e5 universitetsbiblioteket\",\"description\":\"\",\"potentialAction\":[{\"@type\":\"SearchAction\",\"target\":{\"@type\":\"EntryPoint\",\"urlTemplate\":\"https:\/\/blogg.lnu.se\/ux\/?s={search_term_string}\"},\"query-input\":\"required name=search_term_string\"}],\"inLanguage\":\"en-US\"},{\"@type\":\"Person\",\"@id\":\"https:\/\/blogg.lnu.se\/ux\/#\/schema\/person\/3723cd8bd21befbc9f793b850a844fd4\",\"name\":\"jopaaa\",\"url\":\"https:\/\/blogg.lnu.se\/ux\/?author=437\"}]}<\/script>\r\n<!-- \/ Yoast SEO plugin. -->","yoast_head_json":{"title":"Anv\u00e4ndarunders\u00f6kningar inf\u00f6r universitetskajen - UX \u2013 User Experience p\u00e5 universitetsbiblioteket","robots":{"index":"index","follow":"follow","max-snippet":"max-snippet:-1","max-image-preview":"max-image-preview:large","max-video-preview":"max-video-preview:-1"},"canonical":"https:\/\/blogg.lnu.se\/ux\/?p=516","og_locale":"en_US","og_type":"article","og_title":"Anv\u00e4ndarunders\u00f6kningar inf\u00f6r universitetskajen - UX \u2013 User Experience p\u00e5 universitetsbiblioteket","og_description":"Denna veckan har UX-gruppen, samordningsgruppen f\u00f6r flytten samt uppdragsgruppen f\u00f6r handledningytan p\u00e5 Kajen haft ett heldagsm\u00f6te f\u00f6r att planera anv\u00e4ndarunders\u00f6kningar kopplade till UB:s erbjudande av st\u00f6d och service p\u00e5 Universitetskajen. Anv\u00e4ndarunders\u00f6kningarna genomf\u00f6rs under mars m\u00e5nad. &nbsp; &nbsp; &nbsp; &nbsp; &nbsp; &nbsp; &nbsp; &nbsp; V\u00e5rt fokus \u00e4r:\u00a0 Vilka behov tar vi hand om? Vilka behov har [&hellip;]","og_url":"https:\/\/blogg.lnu.se\/ux\/?p=516","og_site_name":"UX \u2013 User Experience p\u00e5 universitetsbiblioteket","article_published_time":"2020-02-28T12:57:01+00:00","og_image":[{"url":"https:\/\/blogg.lnu.se\/ux\/files\/2020\/02\/88092223_1856265707836964_1742004628922302464_n-225x300.jpg"}],"author":"jopaaa","twitter_card":"summary_large_image","twitter_misc":{"Written by":"jopaaa","Est. reading time":"2 minutes"},"schema":{"@context":"https:\/\/schema.org","@graph":[{"@type":"WebPage","@id":"https:\/\/blogg.lnu.se\/ux\/?p=516","url":"https:\/\/blogg.lnu.se\/ux\/?p=516","name":"Anv\u00e4ndarunders\u00f6kningar inf\u00f6r universitetskajen - UX \u2013 User Experience p\u00e5 universitetsbiblioteket","isPartOf":{"@id":"https:\/\/blogg.lnu.se\/ux\/#website"},"datePublished":"2020-02-28T12:57:01+00:00","dateModified":"2020-02-28T12:57:01+00:00","author":{"@id":"https:\/\/blogg.lnu.se\/ux\/#\/schema\/person\/3723cd8bd21befbc9f793b850a844fd4"},"inLanguage":"en-US","potentialAction":[{"@type":"ReadAction","target":["https:\/\/blogg.lnu.se\/ux\/?p=516"]}]},{"@type":"WebSite","@id":"https:\/\/blogg.lnu.se\/ux\/#website","url":"https:\/\/blogg.lnu.se\/ux\/","name":"UX \u2013 User Experience p\u00e5 universitetsbiblioteket","description":"","potentialAction":[{"@type":"SearchAction","target":{"@type":"EntryPoint","urlTemplate":"https:\/\/blogg.lnu.se\/ux\/?s={search_term_string}"},"query-input":"required name=search_term_string"}],"inLanguage":"en-US"},{"@type":"Person","@id":"https:\/\/blogg.lnu.se\/ux\/#\/schema\/person\/3723cd8bd21befbc9f793b850a844fd4","name":"jopaaa","url":"https:\/\/blogg.lnu.se\/ux\/?author=437"}]}},"_links":{"self":[{"href":"https:\/\/blogg.lnu.se\/ux\/index.php?rest_route=\/wp\/v2\/posts\/516","targetHints":{"allow":["GET"]}}],"collection":[{"href":"https:\/\/blogg.lnu.se\/ux\/index.php?rest_route=\/wp\/v2\/posts"}],"about":[{"href":"https:\/\/blogg.lnu.se\/ux\/index.php?rest_route=\/wp\/v2\/types\/post"}],"author":[{"embeddable":true,"href":"https:\/\/blogg.lnu.se\/ux\/index.php?rest_route=\/wp\/v2\/users\/437"}],"replies":[{"embeddable":true,"href":"https:\/\/blogg.lnu.se\/ux\/index.php?rest_route=%2Fwp%2Fv2%2Fcomments&post=516"}],"version-history":[{"count":13,"href":"https:\/\/blogg.lnu.se\/ux\/index.php?rest_route=\/wp\/v2\/posts\/516\/revisions"}],"predecessor-version":[{"id":532,"href":"https:\/\/blogg.lnu.se\/ux\/index.php?rest_route=\/wp\/v2\/posts\/516\/revisions\/532"}],"wp:attachment":[{"href":"https:\/\/blogg.lnu.se\/ux\/index.php?rest_route=%2Fwp%2Fv2%2Fmedia&parent=516"}],"wp:term":[{"taxonomy":"category","embeddable":true,"href":"https:\/\/blogg.lnu.se\/ux\/index.php?rest_route=%2Fwp%2Fv2%2Fcategories&post=516"},{"taxonomy":"post_tag","embeddable":true,"href":"https:\/\/blogg.lnu.se\/ux\/index.php?rest_route=%2Fwp%2Fv2%2Ftags&post=516"}],"curies":[{"name":"wp","href":"https:\/\/api.w.org\/{rel}","templated":true}]}}